{"id":121520,"date":"2021-07-15T16:48:10","date_gmt":"2021-07-15T20:48:10","guid":{"rendered":"https:\/\/linitiative.ca\/International\/tunisie-comparution-du-nageur-oussama-mallouli-devant-la-brigade-economique-precisions-du-ministere-des-sports\/"},"modified":"2021-07-15T16:48:10","modified_gmt":"2021-07-15T20:48:10","slug":"tunisie-comparution-du-nageur-oussama-mallouli-devant-la-brigade-economique-precisions-du-ministere-des-sports","status":"publish","type":"post","link":"https:\/\/linitiative.ca\/International\/tunisie-comparution-du-nageur-oussama-mallouli-devant-la-brigade-economique-precisions-du-ministere-des-sports\/","title":{"rendered":"Tunisie \u2013 Comparution du nageur Oussama Mallouli devant la brigade \u00e9conomique\u00a0: Pr\u00e9cisions du minist\u00e8re des sports"},"content":{"rendered":"<div>\n<p>Suite \u00e0 la publication, sur de nombreux sites, de l\u2019information de la comparution, demain, du nageur Oussama Mallouli, devant la brigade \u00e9conomique relevant de la direction de la police judiciaire du Gorjani, le minist\u00e8re des sports a publi\u00e9, ce jeudi un \u00e9claircissement, pour informer l\u2019opinion publique que c\u2019est la m\u00e8re du nageur, Khadija Mallouli qui [\u2026]<\/p>\n<p>L\u2019article <a href=\"https:\/\/www.tunisienumerique.com\/tunisie-comparution-du-nageur-oussama-mallouli-devant-la-brigade-economique-precisions-du-ministere-des-sports\/\">Tunisie \u2013 Comparution du nageur Oussama Mallouli devant la brigade \u00e9conomique\u00a0: Pr\u00e9cisions du minist\u00e8re des sports<\/a> est apparu en premier sur <a href=\"https:\/\/www.tunisienumerique.com\/\">Tunisie<\/a>.<\/p>\n<\/div>\n<p>Auteur: LM<br \/>\n<a href=\"https:\/\/www.tunisienumerique.com\/tunisie-comparution-du-nageur-oussama-mallouli-devant-la-brigade-economique-precisions-du-ministere-des-sports\/\">Cliquez ici pour lire l&rsquo;article depuis sa source.<\/a><\/p>\n","protected":false},"excerpt":{"rendered":"<p>Suite \u00e0 la publication, sur de nombreux sites, de l\u2019information de la comparution, demain, du nageur Oussama Mallouli, devant la brigade \u00e9conomique relevant de la direction de la police judiciaire du Gorjani, le minist\u00e8re des sports a publi\u00e9, ce jeudi un \u00e9claircissement, pour informer l\u2019opinion publique que c\u2019est la m\u00e8re du nageur, Khadija Mallouli qui [&hellip;]<\/p>\n","protected":false},"author":1789,"featured_media":0,"comment_status":"closed","ping_status":"closed","sticky":false,"template":"","format":"standard","meta":{"fifu_image_url":"","fifu_image_alt":"","footnotes":""},"categories":[73,55],"tags":[],"class_list":["post-121520","post","type-post","status-publish","format-standard","hentry","category-actualite","category-tunisie"],"_links":{"self":[{"href":"https:\/\/linitiative.ca\/International\/wp-json\/wp\/v2\/posts\/121520","targetHints":{"allow":["GET"]}}],"collection":[{"href":"https:\/\/linitiative.ca\/International\/wp-json\/wp\/v2\/posts"}],"about":[{"href":"https:\/\/linitiative.ca\/International\/wp-json\/wp\/v2\/types\/post"}],"author":[{"embeddable":true,"href":"https:\/\/linitiative.ca\/International\/wp-json\/wp\/v2\/users\/1789"}],"replies":[{"embeddable":true,"href":"https:\/\/linitiative.ca\/International\/wp-json\/wp\/v2\/comments?post=121520"}],"version-history":[{"count":0,"href":"https:\/\/linitiative.ca\/International\/wp-json\/wp\/v2\/posts\/121520\/revisions"}],"wp:attachment":[{"href":"https:\/\/linitiative.ca\/International\/wp-json\/wp\/v2\/media?parent=121520"}],"wp:term":[{"taxonomy":"category","embeddable":true,"href":"https:\/\/linitiative.ca\/International\/wp-json\/wp\/v2\/categories?post=121520"},{"taxonomy":"post_tag","embeddable":true,"href":"https:\/\/linitiative.ca\/International\/wp-json\/wp\/v2\/tags?post=121520"}],"curies":[{"name":"wp","href":"https:\/\/api.w.org\/{rel}","templated":true}]}}