{"id":121524,"date":"2021-07-14T18:21:36","date_gmt":"2021-07-14T22:21:36","guid":{"rendered":"https:\/\/linitiative.ca\/International\/le-conseil-des-ministresdu-mercredi-14-juillet-2021\/"},"modified":"2021-07-14T18:21:36","modified_gmt":"2021-07-14T22:21:36","slug":"le-conseil-des-ministresdu-mercredi-14-juillet-2021","status":"publish","type":"post","link":"https:\/\/linitiative.ca\/International\/le-conseil-des-ministresdu-mercredi-14-juillet-2021\/","title":{"rendered":"Le Conseil des ministresdu mercredi 14 juillet 2021"},"content":{"rendered":"<div>\n<p><strong>Le Conseil des ministres s\u2019est tenu \u00e0 Ouagadougou, le mercredi 14 juillet 2021,en s\u00e9ance ordinaire, de 09 H 00 mn \u00e0 14 H 40 mn, sous la pr\u00e9sidence de Son Excellence Monsieur Roch Marc Christian KABORE, Pr\u00e9sident du Faso, Pr\u00e9sident du Conseil des ministres. Il a d\u00e9lib\u00e9r\u00e9 sur les dossiers inscrits \u00e0 son ordre du jour, entendu des communications orales, proc\u00e9d\u00e9 \u00e0 des nominations et autoris\u00e9 des missions \u00e0 l\u2019\u00e9tranger.<\/strong><\/p>\n<p><strong>I. DELIBERATIONS<\/strong><\/p>\n<p><strong>I.1. AU TITRE DU MINISTERE DES AFFAIRES ETRANGERES, DE LA COOPERATION, DE L\u2019INTEGRATION AFRICAINE ET DES BURKINABE DE L\u2019EXTERIEUR<\/strong><\/p>\n<p>Le Conseil a adopt\u00e9 un d\u00e9cret portant classification et organisation-type des Missions diplomatiques<br \/>\net des Consulats g\u00e9n\u00e9raux du Burkina Faso \u00e0<br \/>\nl\u2019\u00e9tranger.<br \/>\nL\u2019adoption de ce d\u00e9cret permet une meilleure<br \/>\nr\u00e9organisation des repr\u00e9sentations diplomatiques du Burkina Faso \u00e0 travers le monde.<\/p>\n<p><strong>I.2. AU TITRE DU MINISTERE DE L\u2019ECONOMIE, DES FINANCES ET DU DEVELOPPEMENT<\/strong><\/p>\n<p>Le Conseil a adopt\u00e9 six (06) rapports.<br \/>\nLe premier rapport est relatif \u00e0 un projet de loi de r\u00e8glement et projet du compte g\u00e9n\u00e9ral de l\u2019administration des finances au titre du budget de l\u2019Etat, exercice 2020.<br \/>\nLe projet de loi de r\u00e8glement retrace les autorisations en mati\u00e8re de recettes et de d\u00e9penses du budget g\u00e9n\u00e9ral et des comptes d\u2019affectation sp\u00e9ciale, l\u2019\u00e9tat d\u2019ex\u00e9cution en recettes et en d\u00e9penses du budget g\u00e9n\u00e9ral et des comptes d\u2019affectation sp\u00e9ciale, l\u2019\u00e9tat d\u2019ex\u00e9cution des op\u00e9rations de tr\u00e9sorerie et la pr\u00e9sentation du r\u00e9sultat d\u2019ex\u00e9cution des lois de finances.<br \/>\nLe projet du compte g\u00e9n\u00e9ral de l\u2019administration des finances retrace les op\u00e9rations d\u2019ex\u00e9cution du budget \u00e0 travers la balance g\u00e9n\u00e9rale des comptes du tr\u00e9sor et les \u00e9tats financiers y relatifs.<\/p>\n<p>Au total, la pr\u00e9sentation du r\u00e9sultat des lois de<br \/>\nfinances pour l\u2019ex\u00e9cution du budget de l\u2019Etat,<br \/>\nexercice 2020 indique les r\u00e9sultats suivants :<br \/>\n\u2013 au titre du r\u00e9sultat du budget g\u00e9n\u00e9ral exercice 2020, les recettes se sont \u00e9tablies \u00e0 mille huit cent cinquante-huit milliards deux cent quinze millions neufcent cinquante-neuf mille quatre cent vingt-sept (1 858 215 959 427) FCFA, contre des d\u00e9penses de deux mille quatre cent deux milliards neuf cent quatorze millions cinq cent soixante-quatorze mille cent soixante-huit (2 402 914 574 168) FCFA. Il se d\u00e9gage un d\u00e9ficit de cinq cent quarante-quatre milliards six cent quatre-vingt-dix-huit millions six cent quatorze mille sept cent quarante-un (544 698 614 741) FCFA ;<br \/>\n\u2013 au titre de l\u2019exercice 2020, le r\u00e9sultat des comptes d\u2019affectation sp\u00e9ciale se chiffre \u00e0 quatre-vingt-dix milliards sept cent vingt et un millions sept cent quinze mille trois cent trente-six (90 721 715 336) FCFA ;<br \/>\n\u2013 au titre du budget de l\u2019Etat, exercice 2020, le r\u00e9sultat du projet de loi de r\u00e8glement indique un d\u00e9ficit de quatre cent cinquante-trois milliards neuf cent soixante-seize millions huit cent quatre-vingt-dix-neuf mille quatre cent cinq (453 976 899 405) FCFA contre un d\u00e9ficit de deux cent soixante-treize milliards soixante-six millions sept cent quatre-vingt-seize mille quatre cent seize (273 066 796 416) FCFA en 2019.<br \/>\nLe Conseil a marqu\u00e9 son accord pour la transmission dudit projet de loi \u00e0 l\u2019Assembl\u00e9e nationale.<br \/>\nLe deuxi\u00e8me rapport est relatif \u00e0 une ordonnance<br \/>\nportant autorisation de ratification de l\u2019accord cadre de financement sign\u00e9 le 25 mars 2021 entre le Burkina Faso et la Banque Islamique de D\u00e9veloppement (BID), et relatif au projet de renforcement de soins de sant\u00e9 primaires pour l\u2019am\u00e9lioration de la sant\u00e9 et de la nutrition au Burkina Faso.<br \/>\nL\u2019objectif du projet est de contribuer \u00e0 la r\u00e9duction de la morbidit\u00e9 et de la mortalit\u00e9 maternelle, n\u00e9o-natale et infanto-juv\u00e9nile ainsi que des in\u00e9galit\u00e9s d\u2019acc\u00e8s aux soins de sant\u00e9 de qualit\u00e9, d\u2019ici \u00e0 2026 dans les r\u00e9gions sanitaires des Cascades, des Hauts-Bassins, du Centre-Sud et de l\u2019Est du Burkina Faso.<br \/>\nLe co\u00fbt du projet estim\u00e9 \u00e0 29,79 millions USD, soit environ 16,38 milliards FCFA est financ\u00e9 par la BID \u00e0 hauteur de 27,96 millions USD, soit environ 15,37 milliards FCFA.<br \/>\nLe projet vise entre autres, la construction et l\u2019\u00e9quipement de 25 Centres de sant\u00e9 et de promotion sociale (CSPS), de 100 Postes de sant\u00e9 communautaire (PSC) et la mise en place de 15 cliniques mobiles au profit des personnes d\u00e9plac\u00e9es internes.<br \/>\nLe troisi\u00e8me rapport est relatif \u00e0 une ordonnance<br \/>\nportant autorisation de ratification de la Convention de cr\u00e9dit CBF 1371 01B conclue le 16 avril 2021 entre le Gouvernement du Burkina Faso et l\u2019Agence fran\u00e7aise de d\u00e9veloppement (AFD) pour le financement du Projet d\u2019appui au d\u00e9veloppement des<br \/>\ncollectivit\u00e9s territoriales (PADCT).<br \/>\nLa contribution de l\u2019Agence fran\u00e7aise de d\u00e9veloppement est structur\u00e9e autour d\u2019une subvention de 4,59 milliards FCFA et d\u2019un pr\u00eat de 13,12 milliards FCFA, soit au total un montant de 17,71 milliards FCFA.<br \/>\nLa zone d\u2019intervention du PADCT comprend les<br \/>\ncommunes de la r\u00e9gion de la Boucle du Mouhoun et celles de la r\u00e9gion de l\u2019Est.<br \/>\nLe quatri\u00e8me rapport est relatif \u00e0 une ordonnance portant autorisation de ratification de la Convention de cr\u00e9dit CBF 1363 01C, conclue le 16 avril 2021 entre le Gouvernement du Burkina Faso et l\u2019Agence fran\u00e7aise de d\u00e9veloppement (AFD) pour le financement du Projet d\u2019am\u00e9lioration et de s\u00e9curisation de la production agricole (SECURAGRI).<br \/>\nLa contribution de l\u2019AFD est constitu\u00e9e d\u2019une subvention de 4,59 milliards FCFA et d\u2019un pr\u00eat de 13,12 milliards FCFA, soit au total 17,71 milliards FCFA.<br \/>\nLes b\u00e9n\u00e9ficiaires du projet sont les m\u00e9nages ruraux des r\u00e9gions de la Boucle du Mouhoun et de l\u2019Est.<br \/>\nLe cinqui\u00e8me rapport est relatif \u00e0 un d\u00e9cret portant cr\u00e9ation de l\u2019Ecole normale sup\u00e9rieure (ENS).<br \/>\nL\u2019ENS regroupe d\u00e9sormais l\u2019Institut des sciences (IDS) et l\u2019Ecole normale sup\u00e9rieure de Koudougou (ENSK).<br \/>\nL\u2019adoption de ce d\u00e9cret permet \u00e0 l\u2019Ecole normale sup\u00e9rieure d\u2019accomplir efficacement ses missions et de se conformer au d\u00e9cret n\u00b02014-609\/PRES\/PM\/MEF du 24 juillet 2014 portant statut g\u00e9n\u00e9ral des Etablissements publics de l\u2019Etat \u00e0 caract\u00e8re scientifique,<br \/>\nculturel et technique (EPSCT).<br \/>\nLe sixi\u00e8me rapport est relatif \u00e0 un d\u00e9cret modificatif du d\u00e9cret n\u00b02008-715\/PRES\/PM\/MEF\/MASSN du 17 novembre 2008 portant cr\u00e9ation du Fonds national de solidarit\u00e9. Le Fonds national de solidarit\u00e9 devient d\u00e9sormais le Fonds national de solidarit\u00e9 et de<br \/>\nr\u00e9silience sociale (FNS-RS). Ainsi modifi\u00e9, ce Fonds aura d\u00e9sormais pour mission de contribuer \u00e0 la prise en charge et \u00e0 la r\u00e9silience des personnes et des groupes sociaux vuln\u00e9rables ou en d\u00e9tresse, ainsi qu\u2019au financement des actions humanitaires. Il s\u2019agit par cette modification de permettre le financement des initiatives d\u2019autonomisation des personnes et groupes vuln\u00e9rables.<br \/>\nL\u2019adoption de ce d\u00e9cret vise \u00e0 assurer un meilleur impact des interventions du Fonds national de solidarit\u00e9 et de r\u00e9silience sociale.<\/p>\n<p><strong>I.3. AU TITRE DU MINISTERE DE LA JUSTICE, DES DROITS HUMAINS ET DE LA PROMOTION CIVIQUE<\/strong><br \/>\nLe Conseil a adopt\u00e9 deux (02) d\u00e9crets portant<br \/>\nrespectivement nomination et renouvellement de<br \/>\nmandat des Membres de la Commission nationale de l\u2019Organisation pour l\u2019harmonisation en Afrique du droit des affaires (CONAHDA).<br \/>\nL\u2019adoption de ce d\u00e9cret permet la nomination de treize (13) Membres pour un premier mandat de trois (03) ans et le renouvellement de treize (13) autresMembres pour un dernier mandat de trois (03) ans \u00e0 la Commission nationale de l\u2019Organisation pour l\u2019harmonisation en Afrique du droit des affaires (CONAHDA). Ces nominations sont conformes aux dispositions du d\u00e9cret n\u00b02016-569\/PRES\/PM\/MJDHPC\/<br \/>\nMINEFID\/MCIA du 28 juin 2016 portant cr\u00e9ation, attributions, organisation et fonctionnement de la Commission nationale de l\u2019Organisation pour<br \/>\nl\u2019harmonisation en Afrique du droit des affaires.<\/p>\n<p><strong>I.4. AU TITRE DU MINISTERE DE LA SANTE<\/strong><br \/>\nLe Conseil a adopt\u00e9 un d\u00e9cret portant cr\u00e9ation,<br \/>\nattributions, organisation et fonctionnement du Conseil national pour la nutrition (CNaN).<br \/>\nLe CNaN est d\u00e9sormais pr\u00e9sid\u00e9 par Son Excellence Monsieur le Pr\u00e9sident du Faso pour traduire<br \/>\nl\u2019\u00e9volution multi sectorielle du d\u00e9fi de la nutrition dans notre pays. L\u2019adoption de ce d\u00e9cret permet de renforcer le dispositif de coordination des interventions en nutrition en vue d\u2019am\u00e9liorer de mani\u00e8re<br \/>\nsignificative les indicateurs.<\/p>\n<p><strong>I.5. AU TITRE DU MINISTERE DE L\u2019ENSEIGNEMENT SUPERIEUR, DE LA RECHERCHE SCIENTIFIQUE ET DE L\u2019INNOVATION<\/strong><br \/>\nLe Conseil a adopt\u00e9 und\u00e9cret portant approbation des statuts de l\u2019Ecole normale sup\u00e9rieure (ENS).<br \/>\nL\u2019Ecole normale sup\u00e9rieure est un \u00e9tablissement<br \/>\nd\u2019enseignement sup\u00e9rieur, de formation professionnelle et de recherche. Elle a pour mission la formation professionnelle initiale et continue des personnels d\u2019enseignement, d\u2019encadrement, d\u2019animation de la vie scolaire et d\u2019orientation scolaire et professionnelle.L\u2019adoption de ce d\u00e9cret permet \u00e0 l\u2019Ecole normale sup\u00e9rieure de se conformer aux dispositions du d\u00e9cret n\u00b02014-612\/PRES\/PM\/MEF du 24 juillet 2014 portant statut g\u00e9n\u00e9ral des Etablissements publics de l\u2019Etat \u00e0 caract\u00e8re scientifique, culturel et technique (EPSCT).<br \/>\n<strong>I.6. AU TITRE DU MINISTERE DE LA FEMME, DE LA SOLIDARITE NATIONALE, DE LA FAMILLE ET DE L\u2019ACTION HUMANITAIRE<\/strong><\/p>\n<p>Le Conseil adopt\u00e9 deux (02) rapports.<br \/>\nLe premier rapport est relatif \u00e0 la situation<br \/>\nhumanitaire dans notre pays au 30 juin 2021.<br \/>\nAu premier semestre 2021, 237 078 Personnes<br \/>\nd\u00e9plac\u00e9es internes (PDI) ont \u00e9t\u00e9 enregistr\u00e9es faisant passer le nombre de PDI de 1 074 993 au 31 d\u00e9cembre 2020 \u00e0 1 312 071 \u00e0 la date du 30 juin 2021. Cette population est compos\u00e9e de 16,41% d\u2019hommes, de 23,04% de femmes et de 60,55% d\u2019enfants.<br \/>\nA la date du 21 mars 2021, 30 000 tonnes de c\u00e9r\u00e9ales ont \u00e9t\u00e9 distribu\u00e9es au b\u00e9n\u00e9fice de 848 925 personnes dont 436 302 PDI, 269 098 personnes vuln\u00e9rables et 143 525 victimes de catastrophes.<br \/>\nLes d\u00e9fis en mati\u00e8re humanitaire qui restent \u00e0 relever sont estim\u00e9s \u00e0 plus de huit (08) milliards FCFA. Le Pr\u00e9sident du Faso a instruit les ministres concern\u00e9s \u00e0 prendre toutes diligences idoines pour relever ces d\u00e9fis.<br \/>\nLe second rapport est relatif \u00e0 un d\u00e9cret portant<br \/>\napprobation des statuts particuliers du Fonds national de solidarit\u00e9 et de r\u00e9silience sociale (FNS-RS).<br \/>\nL\u2019adoption de ce d\u00e9cret permet de se conformer \u00e0 la loi n\u00b0010-2013\/AN du 30 avril 2013 portant r\u00e8gles de cr\u00e9ation des cat\u00e9gories d\u2019\u00e9tablissements publics et au d\u00e9cret n\u00b02014-610\/PRES\/PM\/MEF du 24 juillet 2014 portant statut g\u00e9n\u00e9ral des fonds nationaux.<\/p>\n<p><strong>II. COMMUNICATIONS ORALES<\/strong><br \/>\nII.1. Le ministre de l\u2019Economie, des finances et du d\u00e9veloppement a inform\u00e9 le Conseil de la<br \/>\nsignature le 14 juillet 2021, des accords de financement avec la Banque mondiale d\u2019un montant total de 478,75 millions USD, soit environ 264 milliards FCFA.<br \/>\nCes financements sont destin\u00e9s :<br \/>\n\u2013 au projet communautaire de relance et de<br \/>\nstabilisation au Sahel ;<br \/>\n\u2013 au projet de d\u00e9ploiement du solaire \u00e0 large \u00e9chelle et \u00e0 l\u2019\u00e9lectrification rurale ;<br \/>\n\u2013 au projet d\u2019appui au renforcement de la gestion du foncier et des mines ;<br \/>\n\u2013 au projet d\u2019appui \u00e0 l\u2019inclusion financi\u00e8re et \u00e0 l\u2019acc\u00e8s au financement des petites et moyennes entreprises.<br \/>\nCes accords traduisent la confiance dont jouit le<br \/>\nBurkina Faso aupr\u00e8s des partenaires techniques et financiers. Le ministre de l\u2019Economie, des finances et du d\u00e9veloppement a en outre inform\u00e9 le Conseil de la tenue des assises nationales de la fiscalit\u00e9 les 29 et 30 juillet 2021 \u00e0 Ouagadougou, sous la<br \/>\npr\u00e9sidence de Son Excellence Monsieur le Premier ministre. Ces assises visent l\u2019am\u00e9lioration du dialogue sur le syst\u00e8me fiscal national et le renforcement du civisme fiscal.<\/p>\n<p>II.2. Le ministre des Infrastructures et du<br \/>\nd\u00e9senclavement a inform\u00e9 le Conseil du lancement des travaux de renforcement et de bitumage des voies d\u2019acc\u00e8s au Port sec et \u00e0 la Maison de la culture<br \/>\nAnselme Titianma SANON le 22 juillet 2021 \u00e0 Bobo-Dioulasso.<\/p>\n<p><strong>III. NOMINATIONS<\/strong><\/p>\n<p><strong>III.1. NOMINATIONS DANS LES FONCTIONS INDIVIDUELLES<\/strong><\/p>\n<p><strong>A. AU TITRE DE LA PRESIDENCE DU FASO<\/strong><br \/>\nMonsieur Abdoulaye OUEDRAOGO, Mle 28 138 B, Administrateur civil, 1\u00e8re classe, 12\u00e8me \u00e9chelon, est nomm\u00e9 Secr\u00e9taire g\u00e9n\u00e9ral.<\/p>\n<p><strong>B. AU TITRE DU MINISTERE DE L\u2019ECONOMIE, DES FINANCES ET DU DEVELOPPEMENT<\/strong><br \/>\nMonsieur Fran\u00e7ois Xavier BAMBARA, Mle 52 153 B, Administrateur des services financiers, 1\u00e8re classe, 12\u00e8me \u00e9chelon, est nomm\u00e9 Charg\u00e9 de missions ;<br \/>\nMonsieur Tanga OUEDRAOGO, Mle 33 306 U, Inspecteur du tr\u00e9sor, 1\u00e8re classe, 10\u00e8me \u00e9chelon, est nomm\u00e9 Conseiller technique.<\/p>\n<p><strong>C. AU TITRE DU MINISTERE DE LA SANTE<\/strong><br \/>\nMonsieur Seydou NOMBRE, Mle 58 196 X,<br \/>\nAdministrateur des h\u00f4pitaux et des services de sant\u00e9 sp\u00e9cialis\u00e9 en \u00e9conomie de la sant\u00e9, 1\u00e8re classe, 11\u00e8me \u00e9chelon, est nomm\u00e9 Directeur g\u00e9n\u00e9ral du Centre<br \/>\nhospitalier universitaire de Bogodogo.<\/p>\n<p><strong>D. AU TITRE DU MINISTERE DE LA FEMME, DE LA SOLIDARITE NATIONALE, DE LA <\/strong><br \/>\n<strong>FAMILLE ET DE L\u2019ACTION HUMANITAIRE<\/strong><br \/>\nMonsieur Adama SORI, Mle 216 155 E, Administrateur des services financiers, 1\u00e8re classe, 6\u00e8me \u00e9chelon, est nomm\u00e9 Directeur de l\u2019administration des finances de l\u2019Institut d\u2019\u00e9ducation et de formation professionnelle (INEFPRO) ;<br \/>\nMonsieur Windinmanegde Raoul OUEDRAOGO, Mle 219 223 W, Contr\u00f4leur du tr\u00e9sor, 1\u00e8re classe, 2\u00e8me \u00e9chelon, est nomm\u00e9 Chef de d\u00e9partement de l\u2019administration et des finances du Secr\u00e9tariat permanent du Conseil national pour l\u2019enfance ;<br \/>\nMadame Adjiguiw\u00e9nou A\u00efcha KANGOUEBOU, Mle 279 848 A, Conseiller d\u2019\u00e9ducation f\u00e9minine, 1\u00e8re classe, 3\u00e8me \u00e9chelon, est nomm\u00e9e Directrice r\u00e9gionale de la Femme, de la solidarit\u00e9 nationale, de la famille et de l\u2019action humanitaire du Plateau-Central ;<br \/>\nMonsieur Augustin OUEDRAOGO, Mle 92 529 G, Administrateur des affaires sociales, 1\u00e8re classe, 6\u00e8me \u00e9chelon, est nomm\u00e9 Directeur r\u00e9gional de la Femme, de la solidarit\u00e9 nationale, de la famille et de l\u2019action humanitaire de l\u2019Est.<\/p>\n<p><strong>E. AU TITRE DU MINISTERE DES INFRAS-TRUCTURES ET DU DESENCLAVEMENT<\/strong><br \/>\nMonsieur Naba DABIRE, Mle 25 782 C, Administrateur des services financiers, 1\u00e8re classe, 12\u00e8me \u00e9chelon, est nomm\u00e9 Directeur g\u00e9n\u00e9ral des \u00e9tudes et des statistiques sectorielles, cumulativement avec ses fonctions de Responsable du \u00ab Programme<br \/>\nPilotage et soutien \u00bb ;<br \/>\nMonsieur Mahamadi BADINI, Mle 92 677 E,<br \/>\nIng\u00e9nieur de conception en g\u00e9nie civil, 1\u00e8re classe, 3\u00e8me \u00e9chelon, est nomm\u00e9 Directeur des travaux d\u2019entretien;<br \/>\nMonsieur Emmanuel BEMBAMBA, Mle 101 777 D, Ing\u00e9nieur en g\u00e9nie civil, 1\u00e8re classe, 6\u00e8me \u00e9chelon, est nomm\u00e9 Responsable du \u00ab Programme D\u00e9veloppement du r\u00e9seau de pistes rurales \u00bb,<br \/>\ncumulativement avec ses fonctions de Directeur g\u00e9n\u00e9ral des pistes rurales ;<br \/>\nMonsieur Michel KAFANDO, Mle 39 679 C,<br \/>\nInspecteur du tr\u00e9sor, 1\u00e8re classe, 12\u00e8me \u00e9chelon, est nomm\u00e9 Directeur des affaires juridiques et du<br \/>\ncontentieux ;<br \/>\nMonsieur Saferb\u00e2 Ardjouma SOMA, Mle 211 865 Y, Ing\u00e9nieur en g\u00e9nie civil, 1\u00e8re classe, 4\u00e8me \u00e9chelon, est nomm\u00e9 Directeur des travaux de construction ;<br \/>\nMonsieur Benjamin KAMBOU, Mle 110 00 C,<br \/>\nIng\u00e9nieur en g\u00e9nie civil, 1\u00e8re classe, 7\u00e8me \u00e9chelon, est nomm\u00e9 Directeur r\u00e9gional des Infrastructures et du d\u00e9senclavement des Hauts-Bassins ;<br \/>\nMonsieur Koumbatian SOME, Mle 92 731 U,<br \/>\nIng\u00e9nieur en g\u00e9nie civil, 1\u00e8re classe, 3\u00e8me \u00e9chelon, est nomm\u00e9 Directeur r\u00e9gional des Infrastructures et du d\u00e9senclavement du Sud-Ouest.<\/p>\n<p><strong>F. AU TITRE DU MINISTERE DE L\u2019ENERGIE, DES MINES ET DES CARRIERES<\/strong><br \/>\nMonsieur Oumarou MANDE, Mle 58 065 V,<br \/>\nProfesseur certifi\u00e9 des lyc\u00e9es et coll\u00e8ges, 1\u00e8re classe, 12\u00e8me \u00e9chelon, est nomm\u00e9 Charg\u00e9 de missions ;<br \/>\nMonsieur Lucien BOUDA, Mle 322 645 N,<br \/>\nProfesseur des lyc\u00e9es et coll\u00e8ges, 1\u00e8re classe, 1er \u00e9chelon, est nomm\u00e9 Charg\u00e9 de missions ;<br \/>\nMonsieur Sa\u00efdou KIENTEGA, Mle 233 939 P,<br \/>\nIng\u00e9nieur des travaux de la g\u00e9ologie et des mines, 1\u00e8re classe, 4\u00e8me \u00e9chelon, est nomm\u00e9 Directeur g\u00e9n\u00e9ral des carri\u00e8res ;<br \/>\nMonsieur Wend Dolean Ars\u00e8ne ILBOUDO, Mle 333 944 V, Ing\u00e9nieur de recherche en \u00e9nergie renouvelable, 1\u00e8re classe, 11\u00e8me \u00e9chelon, est nomm\u00e9 Directeur g\u00e9n\u00e9ral des \u00e9nergies renouvelables et de l\u2019efficacit\u00e9 \u00e9nerg\u00e9tique.<\/p>\n<p><strong>G. AU TITRE DU MINISTERE DE LA CULTURE, DES ARTS ET DU TOURISME<\/strong><br \/>\nMonsieur Mohamed Jo\u00ebl KABORE, Juriste, est nomm\u00e9 Charg\u00e9 de missions en remplacement de Monsieur Moussa KONFE ;<br \/>\nMonsieur Diaboado Marius Tresor LOMPO,<br \/>\nEnseignant, est nomm\u00e9 Charg\u00e9 de missions en<br \/>\nremplacement de Madame Emma Patricia TAMINI;<br \/>\nMonsieur Nestor KAHOUN, Mle 76 306 X,<br \/>\nTechnicien sup\u00e9rieur de mus\u00e9e, 1\u00e8re classe, 8\u00e8me \u00e9chelon, est nomm\u00e9 Conseiller technique ;<br \/>\nMonsieur Hamidou LOMPO, Mle 97 695 M,<br \/>\nAdministrateur des services financiers, 1\u00e8re classe, 3\u00e8me \u00e9chelon, est nomm\u00e9 Directeur des march\u00e9s publics ;<br \/>\nMonsieur Rayengn\u00e9wind\u00e9 Augustin<br \/>\nOUEDRAOGO, Mle 226 390 W, Administrateur des services touristiques, 1\u00e8re classe, 3\u00e8me \u00e9chelon, est nomm\u00e9 Directeur du d\u00e9veloppement de l\u2019industrie touristique ;<br \/>\nMonsieur Benjamin ZAGRE, Mle 238 622 X,<br \/>\nAdministrateur du cin\u00e9ma et de l\u2019audiovisuel, 1\u00e8re classe, 4\u00e8me \u00e9chelon, est nomm\u00e9 Directeur du d\u00e9veloppement et du contr\u00f4le de la production et de la diffusion;<br \/>\nMonsieur Etienne Baowendmalgr\u00e9 SANDOUIDI, Mle 86 704 B, Instituteur certifi\u00e9, 1\u00e8re classe, 8\u00e8me \u00e9chelon, est nomm\u00e9 Directeur provincial de la<br \/>\nCulture, des arts et du tourisme du Namentenga.<\/p>\n<p><strong>III.2. NOMINATIONS DE MEMBRES DE LA COMMISSION NATIONALE DE L\u2019ORGANISATION POUR L\u2019HARMONISATION EN AFRIQUE DU DROIT DES AFFAIRES (CONAHDA) AU TITRE DU MINISTERE DE LA JUSTICE, DES DROITS HUMAINS ET DE LA PROMOTION CIVIQUE<\/strong><\/p>\n<p>Les personnes dont les noms suivent sont nomm\u00e9es Membres de la Commission nationale de l\u2019organisation pour l\u2019harmonisation en Afrique du droit des affaires (CONAHDA) pour un premier mandat de trois (03) ans.<\/p>\n<p>Membre repr\u00e9sentant le minist\u00e8re de la Justice, des droits humains et de la promotion civique :<br \/>\nMonsieur Mathias NIAMBA, Mle 130 175 L,<br \/>\nMagistrat.<\/p>\n<p>Membre repr\u00e9sentant le minist\u00e8re de l\u2019Economie, des finances et du d\u00e9veloppement :<br \/>\nMonsieur Yacouba Zabr\u00e9 GOUBA, Mle 59 225 T, Inspecteur du tr\u00e9sor.<\/p>\n<p>Membres repr\u00e9sentant le minist\u00e8re de l\u2019Industrie, du commerce et de l\u2019artisanat :<br \/>\nMadame Mariam OUEDRAOGO\/TRAORE, Mle 224 676 N, Attach\u00e9e en \u00e9tudes et analyses ;<br \/>\nMonsieur Yacouba SAWADOGO, Mle 200 576 F, Conseiller des affaires \u00e9conomiques.<\/p>\n<p>Membre repr\u00e9sentant le minist\u00e8re de l\u2019Enseignement sup\u00e9rieur, de la recherche scientifique et de l\u2019innovation :<br \/>\nMonsieur Ousmane BOUGOUMA, Mle 257 406 J, Ma\u00eetre assistant.<\/p>\n<p>Membre repr\u00e9sentant le minist\u00e8re de la Fonction publique, du travail et de la protection sociale :<br \/>\nMonsieur Mahama TAKO, Mle 212 385 A,<br \/>\nInspecteur du travail.<\/p>\n<p>Membre repr\u00e9sentant le minist\u00e8re de l\u2019Agriculture, des am\u00e9nagements hydro-agricoles et de la m\u00e9canisation :<br \/>\nMonsieur Ezzedine BAMOGO, Mle 293 672 S, Conseiller en \u00e9tudes et analyses\/option droit.<\/p>\n<p>Membre repr\u00e9sentant le minist\u00e8re des Affaires \u00e9trang\u00e8res, de la coop\u00e9ration, de l\u2019int\u00e9gration<br \/>\nafricaine et des Burkinab\u00e8 de l\u2019ext\u00e9rieur :<br \/>\nMonsieur Bowurossigu\u00e9 Chrisostome SANOU, Mle 118 847 L, Conseiller des affaires \u00e9trang\u00e8res.<\/p>\n<p>Membre repr\u00e9sentant l\u2019Ordre des avocats :<br \/>\nMonsieur Moumouny KOPIHO, Avocat au Barreau.<\/p>\n<p>Membre repr\u00e9sentant l\u2019Ordre des notaires :<br \/>\nMonsieur Yacouba DEMBELE, Notaire.<\/p>\n<p>Membre repr\u00e9sentant les Organisations des<br \/>\ntransporteurs :<br \/>\nMonsieur Patrice dit Sansan KAMBOU, Transporteur.<\/p>\n<p>Membre repr\u00e9sentant l\u2019Association professionnelle des Banques et \u00e9tablissements financiers :<br \/>\nMadame Florence BEOUINDE, Cadre sup\u00e9rieur de banque.<\/p>\n<p>Membre repr\u00e9sentant le Mouvement coop\u00e9ratif artisan :<br \/>\nMonsieur Seydou TOU, Mle 231 90 33 V, Gestionnaire financier.<\/p>\n<p>Les personnes dont les noms suivent sont nomm\u00e9es Membres de la Commission nationale de l\u2019Organisation pour l\u2019harmonisation en Afrique du droit des affaires (CONAHDA) pour une derni\u00e8re p\u00e9riode de trois (03) ans.<\/p>\n<p>Membres repr\u00e9sentant le minist\u00e8re de la Justice, des droits humains et de la promotion civique :<br \/>\nMonsieur Issa Saf\u00e9riba FAYAMA, Mle 130 274 L, Magistrat ;<br \/>\nMonsieur Boureima YAMEOGO, Mle 130 318 L, Magistrat ;<br \/>\nMonsieur Pinnagn\u00e9 Simplice BADO, Mle 130 460 B,Magistrat.<\/p>\n<p>Membre repr\u00e9sentant le minist\u00e8re de l\u2019Economie, des finances et du d\u00e9veloppement :<br \/>\nMadame Wendkouni Naomie OUEDRAOGO\/<br \/>\nSAKANDE, Mle 215 219 L, Attach\u00e9e en \u00e9tudes et analyses.<\/p>\n<p>Membre repr\u00e9sentant le minist\u00e8re de<br \/>\nl\u2019Enseignement sup\u00e9rieur, de la recherche scientifique et de l\u2019innovation :<br \/>\nMonsieur Moussa DAO, Mle 205 830 X, Juriste.<\/p>\n<p>Membre repr\u00e9sentant la Chambre nationale des huissiers de justice :<br \/>\nMonsieur Wenbi Olivier ZONGO, Huissier de<br \/>\njustice.<\/p>\n<p>Membre repr\u00e9sentant l\u2019Ordre des experts<br \/>\ncomptables et des comptables agr\u00e9\u00e9s :<br \/>\nMonsieur Koniba SOMA, Expert-comptable.<\/p>\n<p>Membre repr\u00e9sentant la Chambre de commerce et d\u2019industrie du Burkina :<br \/>\nMadame Bintou BOLI\/DJIBO, Juriste d\u2019affaires.<\/p>\n<p>Membre repr\u00e9sentant la Banque centrale des Etats de l\u2019Afrique de l\u2019Ouest :<br \/>\nMadame Kiswendsida Judith Val\u00e9rie KABORE, Mle 65 13, Economiste gestionnaire.<\/p>\n<p>Membre repr\u00e9sentant l\u2019Association professionnelle des Banques et \u00e9tablissements financiers :<br \/>\nMadame Yoal\u00e9 L\u00e9a SAGNON, Mle BFL070003,<br \/>\nJuriste.<\/p>\n<p>Membres repr\u00e9sentant la Conf\u00e9d\u00e9ration paysanne du Faso :<br \/>\nMonsieur Bassiaka DAO, Agriculteur ;<br \/>\nMonsieur Boureima DIALLO, Eleveur.<\/p>\n<p>Membre repr\u00e9sentant les Clubs OHADA :<br \/>\nMonsieur Alfred BAMA, Mle 41 345 T, Enseignant.<\/p>\n<p><strong>III.3. NOMINATIONS DANS LES CONSEILS D\u2019ADMINISTRATION<\/strong><\/p>\n<p>Le Conseil a proc\u00e9d\u00e9 \u00e0 la nomination d\u2019Administrateurs et d\u2019un Pr\u00e9sident aux Conseils d\u2019administration:<br \/>\n\u2013 de l\u2019Institut national de formation des personnels de l\u2019\u00e9ducation (INFPE) au titre du minist\u00e8re de<br \/>\nl\u2019Education nationale, de l\u2019alphab\u00e9tisation et de la promotion des langues nationales ;<br \/>\n-de l\u2019Agence pour la promotion des exportations du Burkina (APEX-Burkina) et de l\u2019Agence de<br \/>\npromotion de l\u2019expertise nationale (APEN) au titre du minist\u00e8re de l\u2019Industrie, du commerce et de<br \/>\nl\u2019artisanat.<\/p>\n<p><strong>A. MINISTERE DE L\u2019EDUCATION NATIONALE, DE L\u2019ALPHABETISATION ET DE LA PROMOTION DES LANGUES NATIONALES<\/strong><\/p>\n<p>Le Conseil a adopt\u00e9 deux (02) d\u00e9crets.<\/p>\n<p>Le premier d\u00e9cret nomme les personnes ci-apr\u00e8s, Administrateurs au Conseil d\u2019administration de l\u2019Institut national de formation des personnels de l\u2019\u00e9ducation (INFPE) pour un premier mandat de trois (03) ans.<\/p>\n<p>ADMINISTRATEURS REPRESENTANT L\u2019ETAT<\/p>\n<p>Au titre du minist\u00e8re de l\u2019Education nationale, de l\u2019alphab\u00e9tisation et de la promotion des langues nationales :<br \/>\nMonsieur Lucien HIEN, Mle 53 508 B, Inspecteur de l\u2019\u00e9ducation de la petite enfance ;<br \/>\nMadame Soutongnoma Romaine SANYAN\/<br \/>\nNADEMBEGA, Mle 90 098 R, Inspecteur de<br \/>\nl\u2019enseignement primaire et de l\u2019\u00e9ducation non<br \/>\nformelle.<\/p>\n<p>Au titre du minist\u00e8re de l\u2019Economie, des finances et du d\u00e9veloppement :<br \/>\nMonsieur Adama BADOLO, Mle 34 825 X,<br \/>\nInspecteur des imp\u00f4ts.<\/p>\n<p>Au titre du minist\u00e8re de l\u2019Enseignement sup\u00e9rieur, de la recherche scientifique et de l\u2019innovation :<br \/>\nMonsieur Ouss\u00e9ni SO, Mle 104 532 V, Ma\u00eetre de Conf\u00e9rences.<\/p>\n<p>Au titre du minist\u00e8re de la Fonction publique, du travail et de la protection sociale :<br \/>\nMonsieur Abdel Kader BEOGO, Mle 217 028 Z, Conseiller en gestion des ressources humaines.<\/p>\n<p>Au titre du minist\u00e8re de la Femme, de la solidarit\u00e9 nationale, de la famille et de l\u2019action humanitaire:<br \/>\nMadame Emma KIEMA\/KANKYONO, Mle 46 391 Z, Inspecteur de l\u2019\u00e9ducation de la petite enfance.<\/p>\n<p>ADMINISTRATEUR REPRESENTANT LE PERSONNEL<br \/>\nMonsieur Tuemb\u00e9 DOYE, Mle 32 607 U, Inspecteur de l\u2019enseignement primaire et de l\u2019\u00e9ducation non<br \/>\nformelle.<\/p>\n<p>ADMINISTRATEUR REPRESENTANT LES ELEVES<br \/>\nMonsieur Lombozo Bernard PEMOU, Mle 11 32, El\u00e8ve professeur des \u00e9coles, D\u00e9l\u00e9gu\u00e9 g\u00e9n\u00e9ral.<\/p>\n<p>Le second d\u00e9cret nomme Monsieur Lucien HIEN, Mle 53 508 B, Inspecteur de l\u2019\u00e9ducation de la petite enfance, Pr\u00e9sident du Conseil d\u2019administration de l\u2019Institut national de formation des personnels de l\u2019\u00e9ducation (INFPE) pour un premier mandat de trois (03) ans.<\/p>\n<p>B. MINISTERE DE L\u2019INDUSTRIE, DU<br \/>\nCOMMERCE ET DE L\u2019ARTISANAT<\/p>\n<p>Le Conseil a adopt\u00e9 deux (02) d\u00e9crets.<\/p>\n<p>Le premier d\u00e9cret porte nomination de Monsieur Oll\u00e9 Arnaud KAM, Mle 256 193 C, Conseiller en \u00e9tudes et analyses, Administrateur repr\u00e9sentant l\u2019Etat, au titre du minist\u00e8re de l\u2019Agriculture, des am\u00e9nagements hydro-agricoles et de la m\u00e9canisation au Conseil<br \/>\nd\u2019administration de l\u2019Agence pour la promotion des exportations (APEX-Burkina) pour un premier mandat de trois (03) ans.<\/p>\n<p>Le second d\u00e9cret porte nomination de Monsieur<br \/>\nEmmanuel NIGNAN, Mle 36 612 F, Professeur<br \/>\ncertifi\u00e9, Administrateur repr\u00e9sentant les Experts, au Conseil d\u2019administration de l\u2019Agence de promotion de l\u2019expertise nationale (APEN) pour un premier<br \/>\nmandat de trois (03) ans.<\/p>\n<p style=\"text-align: right\"><strong>Le Ministre de la Communication et<\/strong><br \/>\n<strong>des Relations avec le Parlement,<\/strong><br \/>\n<strong>Porte-parole du gouvernement<\/strong><\/p>\n<p style=\"text-align: right\"><strong>Ouss\u00e9ni TAMBOURA<\/strong><br \/>\n<strong>Officier de l\u2019Ordre de l\u2019Etalon<\/strong><\/p>\n<p>L\u2019article <a rel=\"nofollow\" href=\"https:\/\/www.sidwaya.info\/blog\/2021\/07\/14\/le-conseil-des-ministresdu-mercredi-14-juillet-2021\/\">Le Conseil des ministresdu mercredi 14 juillet 2021<\/a> est apparu en premier sur <a rel=\"nofollow\" href=\"https:\/\/www.sidwaya.info\/\">Quotidien Sidwaya<\/a>.<\/p>\n<\/div>\n<p>Auteur: BM. Sidwaya<br \/>\n<a href=\"https:\/\/www.sidwaya.info\/blog\/2021\/07\/14\/le-conseil-des-ministresdu-mercredi-14-juillet-2021\/\">Cliquez ici pour lire l&rsquo;article depuis sa source.<\/a><\/p>\n","protected":false},"excerpt":{"rendered":"<p>Le Conseil des ministres s\u2019est tenu \u00e0 Ouagadougou, le mercredi 14 juillet 2021,en s\u00e9ance ordinaire, de 09 H 00 mn \u00e0 14 H 40 mn, sous la pr\u00e9sidence de Son Excellence Monsieur Roch Marc Christian KABORE, Pr\u00e9sident du Faso, Pr\u00e9sident du Conseil des ministres. Il a d\u00e9lib\u00e9r\u00e9 sur les dossiers inscrits \u00e0 son ordre du [&hellip;]<\/p>\n","protected":false},"author":1816,"featured_media":0,"comment_status":"closed","ping_status":"closed","sticky":false,"template":"","format":"standard","meta":{"fifu_image_url":"","fifu_image_alt":"","footnotes":""},"categories":[73,81],"tags":[],"class_list":["post-121524","post","type-post","status-publish","format-standard","hentry","category-actualite","category-burkina-faso"],"_links":{"self":[{"href":"https:\/\/linitiative.ca\/International\/wp-json\/wp\/v2\/posts\/121524","targetHints":{"allow":["GET"]}}],"collection":[{"href":"https:\/\/linitiative.ca\/International\/wp-json\/wp\/v2\/posts"}],"about":[{"href":"https:\/\/linitiative.ca\/International\/wp-json\/wp\/v2\/types\/post"}],"author":[{"embeddable":true,"href":"https:\/\/linitiative.ca\/International\/wp-json\/wp\/v2\/users\/1816"}],"replies":[{"embeddable":true,"href":"https:\/\/linitiative.ca\/International\/wp-json\/wp\/v2\/comments?post=121524"}],"version-history":[{"count":0,"href":"https:\/\/linitiative.ca\/International\/wp-json\/wp\/v2\/posts\/121524\/revisions"}],"wp:attachment":[{"href":"https:\/\/linitiative.ca\/International\/wp-json\/wp\/v2\/media?parent=121524"}],"wp:term":[{"taxonomy":"category","embeddable":true,"href":"https:\/\/linitiative.ca\/International\/wp-json\/wp\/v2\/categories?post=121524"},{"taxonomy":"post_tag","embeddable":true,"href":"https:\/\/linitiative.ca\/International\/wp-json\/wp\/v2\/tags?post=121524"}],"curies":[{"name":"wp","href":"https:\/\/api.w.org\/{rel}","templated":true}]}}