{"id":121526,"date":"2021-07-14T18:49:46","date_gmt":"2021-07-14T22:49:46","guid":{"rendered":"https:\/\/linitiative.ca\/International\/developpement-socio-economique-environ-264-milliards-f-cfa-pour-le-burkina\/"},"modified":"2021-07-14T18:49:46","modified_gmt":"2021-07-14T22:49:46","slug":"developpement-socio-economique-environ-264-milliards-f-cfa-pour-le-burkina","status":"publish","type":"post","link":"https:\/\/linitiative.ca\/International\/developpement-socio-economique-environ-264-milliards-f-cfa-pour-le-burkina\/","title":{"rendered":"D\u00e9veloppement socio-\u00e9conomique  : environ 264 milliards F CFA  pour le Burkina"},"content":{"rendered":"<div>\n<p><strong>Le ministre de l\u2019Economie, des Finances et du D\u00e9veloppement, Lassan\u00e9 Kabor\u00e9 et la repr\u00e9sentante- r\u00e9sidente du groupe de la Banque mondiale au Burkina Faso, Ma\u00efmouna Mbow Fam, ont sign\u00e9 le mercredi 14 juillet 2021, \u00e0 Ouagadougou, quatre accords de financement, d\u2019un montant global d\u2019environ 264 milliards F CFA, au profit de plusieurs secteurs.<\/strong><\/p>\n<p>Le groupe de la Banque mondiale a encore traduit en acte son engagement \u00e0 accompagner le Burkina Faso \u00e0 relever ses d\u00e9fis de d\u00e9veloppement socio\u00e9conomique. Sa repr\u00e9sentante- r\u00e9sidente au Burkina Faso, Ma\u00efmouna Mbow Fam et le ministre de l\u2019Economie,<br \/>\ndes Finances et du D\u00e9veloppement, Lassan\u00e9 Kabor\u00e9, ont sign\u00e9 quatre conventions de financements, d\u2019un montant global de 478.7 millions de dollars, soit environ 264 milliards F CFA, au profit des secteurs de l\u2019\u00e9nergie, des mines, des PMES, l\u2019inclusion financi\u00e8re et du projet de communautaire de relance et de stabilisation au Sahel, le mercredi 14 juillet 2021, \u00e0 Ouagadougou.<\/p>\n<p>Le premier accord porte sur le Projet communautaire de rel\u00e8vement et de stabilisation de la zone des trois fronti\u00e8res du Sahel (PCRSS). Il s\u2019agit d\u2019un projet r\u00e9gional qui concerne le Burkina Faso, le Mali et le Niger. D\u2019un montant total de 352,50 millions de dollars, la part du Burkina Faso est de 150 millions de dollars, soit environ 83 milliards F CFA, repr\u00e9sentant environ 43% du co\u00fbt global. \u00ab Le projet propos\u00e9 r\u00e9pond au besoin d\u2019adopter des approches ascendantes et r\u00e9gionales pour r\u00e9pondre simultan\u00e9ment aux besoins d\u2019urgence et ceux li\u00e9s au changement climatique, aux pressions accrues dues aux d\u00e9placements forc\u00e9s, \u00e0 la concurrence pour les ressources en terres et en eau et aux lacunes de surveillance des donn\u00e9es r\u00e9gionales \u00bb, a indiqu\u00e9 Ma\u00efmouna Mbow Fam.<\/p>\n<p><strong>De l\u2019\u00e9lectricit\u00e9 dans 300 localit\u00e9s<\/strong><\/p>\n<p>Le deuxi\u00e8me accord, d\u2019un montant de 168,75 millions de dollards, soit environ 92 milliards F CFA, servira \u00e0 financer le projet Solaire \u00e0 large \u00e9chelle et d\u2019\u00e9lectrification rurale (SOLEER). Il vise \u00e0 accro\u00eetre l\u2019acc\u00e8s des populations aux services d\u2019\u00e9lectricit\u00e9 dans 300<br \/>\nlocalit\u00e9s.<\/p>\n<p>Il permettra en outre d\u2019assurer la disponibilit\u00e9 de l\u2019\u00e9nergie solaire \u00e0 travers l\u2019appui \u00e0 la construction de centrales solaires photovolta\u00efques d\u2019une puissance cumul\u00e9e de 325 MWc au Burkina Faso par la mobilisation des financements priv\u00e9s de pr\u00e8s de 439 millions de dollars, soit environ 241 milliards F CFA, a fait savoir le ministre de l\u2019Energie, des Mines, et des Carri\u00e8res, Bachir Isma\u00ebl Ou\u00e9draogo.<\/p>\n<p>La troisi\u00e8me convention de financement est relative au Projet de renforcement de la gestion fonci\u00e8re et des mines (PARGFM). D\u2019un montant de 150 millions de dollars, soit environ 83 milliards FCFA, le projet est con\u00e7u pour faire face aux facteurs de conflits li\u00e9s aux mines et au foncier ainsi qu\u2019aux besoins de promotion et de gestion de ces deux secteurs. Il vise, selon Ma\u00efmouna Mbow Fam, \u00e0 appuyer les efforts du Burkina Faso sur les questions de transparence et d\u2019inclusion dans les mines et dans le foncier.<\/p>\n<p><strong>Un partenariat exemplaire<\/strong><\/p>\n<p>Le 4e accord est un financement additionnel du Projet d\u2019appui \u00e0 l\u2019inclusion financi\u00e8re et d\u2019acc\u00e8s au financement des petites et moyennes entreprises (PAIF- PME). Son montant est de 10 millions de dollars, soit environ 5 milliards F CFA et va permettre d\u2019accompagner les entreprises burkinab\u00e8 affect\u00e9es par la crise sanitaire de la COVID-19 \u00e0 travers le \u00abguichet r\u00e9ponse aux crises\u00bb. Le ministre en charge de l\u2019\u00e9conomie, Lassan\u00e9 Kabor\u00e9, a exprim\u00e9 la gratitude \u00e0 la Banque mondiale pour cet important appui financier qui vient soutenir les efforts du gouvernement dans un contexte national aux multiples r\u00e9percussions politique, social et \u00e9conomique.<\/p>\n<p>\u00ab La signature de ces quatre accords de financement est un fait in\u00e9dit dans l\u2019histoire du partenariat entre le Burkina Faso et la Banque mondiale et traduit le dynamisme et l\u2019exemplarit\u00e9 de la coop\u00e9ration entre les deux parties \u00bb, a conclu la repr\u00e9sentante-r\u00e9sidente du groupe de la Banque mondiale au Burkina Faso.<br \/>\nSelon les principes de la Banque mondiale ses accords de financements sont constitu\u00e9s de 50% de dons et 50% de pr\u00eats concessionnels.<\/p>\n<p style=\"text-align: right\"><strong>Mahamadi SEBOGO<\/strong><\/p>\n<p>L\u2019article <a rel=\"nofollow\" href=\"https:\/\/www.sidwaya.info\/blog\/2021\/07\/14\/developpement-socio-economique-environ-264-milliards-f-cfa-pour-le-burkina\/\">D\u00e9veloppement socio-\u00e9conomique  : environ 264 milliards F CFA  pour le Burkina<\/a> est apparu en premier sur <a rel=\"nofollow\" href=\"https:\/\/www.sidwaya.info\/\">Quotidien Sidwaya<\/a>.<\/p>\n<\/div>\n<p>Auteur: BM. Sidwaya<br \/>\n<a href=\"https:\/\/www.sidwaya.info\/blog\/2021\/07\/14\/developpement-socio-economique-environ-264-milliards-f-cfa-pour-le-burkina\/\">Cliquez ici pour lire l&rsquo;article depuis sa source.<\/a><\/p>\n","protected":false},"excerpt":{"rendered":"<p>Le ministre de l\u2019Economie, des Finances et du D\u00e9veloppement, Lassan\u00e9 Kabor\u00e9 et la repr\u00e9sentante- r\u00e9sidente du groupe de la Banque mondiale au Burkina Faso, Ma\u00efmouna Mbow Fam, ont sign\u00e9 le mercredi 14 juillet 2021, \u00e0 Ouagadougou, quatre accords de financement, d\u2019un montant global d\u2019environ 264 milliards F CFA, au profit de plusieurs secteurs. Le groupe [&hellip;]<\/p>\n","protected":false},"author":1816,"featured_media":0,"comment_status":"closed","ping_status":"closed","sticky":false,"template":"","format":"standard","meta":{"fifu_image_url":"","fifu_image_alt":"","footnotes":""},"categories":[73,81],"tags":[],"class_list":["post-121526","post","type-post","status-publish","format-standard","hentry","category-actualite","category-burkina-faso"],"_links":{"self":[{"href":"https:\/\/linitiative.ca\/International\/wp-json\/wp\/v2\/posts\/121526","targetHints":{"allow":["GET"]}}],"collection":[{"href":"https:\/\/linitiative.ca\/International\/wp-json\/wp\/v2\/posts"}],"about":[{"href":"https:\/\/linitiative.ca\/International\/wp-json\/wp\/v2\/types\/post"}],"author":[{"embeddable":true,"href":"https:\/\/linitiative.ca\/International\/wp-json\/wp\/v2\/users\/1816"}],"replies":[{"embeddable":true,"href":"https:\/\/linitiative.ca\/International\/wp-json\/wp\/v2\/comments?post=121526"}],"version-history":[{"count":0,"href":"https:\/\/linitiative.ca\/International\/wp-json\/wp\/v2\/posts\/121526\/revisions"}],"wp:attachment":[{"href":"https:\/\/linitiative.ca\/International\/wp-json\/wp\/v2\/media?parent=121526"}],"wp:term":[{"taxonomy":"category","embeddable":true,"href":"https:\/\/linitiative.ca\/International\/wp-json\/wp\/v2\/categories?post=121526"},{"taxonomy":"post_tag","embeddable":true,"href":"https:\/\/linitiative.ca\/International\/wp-json\/wp\/v2\/tags?post=121526"}],"curies":[{"name":"wp","href":"https:\/\/api.w.org\/{rel}","templated":true}]}}