{"id":121527,"date":"2021-07-15T10:28:05","date_gmt":"2021-07-15T14:28:05","guid":{"rendered":"https:\/\/linitiative.ca\/International\/reconstitution-des-ressources-de-lassociation-internationale-de-developpement-ouverture-du-sommet-des-chefs-detat\/"},"modified":"2021-07-15T10:28:05","modified_gmt":"2021-07-15T14:28:05","slug":"reconstitution-des-ressources-de-lassociation-internationale-de-developpement-ouverture-du-sommet-des-chefs-detat","status":"publish","type":"post","link":"https:\/\/linitiative.ca\/International\/reconstitution-des-ressources-de-lassociation-internationale-de-developpement-ouverture-du-sommet-des-chefs-detat\/","title":{"rendered":"Reconstitution des ressources de l\u2019Association internationale de D\u00e9veloppement : ouverture du sommet des chefs d\u2019Etat."},"content":{"rendered":"<div>\n<div class=\"kvgmc6g5 cxmmr5t8 oygrvhab hcukyx3x c1et5uql ii04i59q\">\n<div dir=\"auto\">Le pr\u00e9sident du Faso, Roch Marc Christian Kabor\u00e9 et une dizaine de ses pairs du continent ont d\u00e9but\u00e9 ce matin la r\u00e9union de haut niveau pour une \u00ab reconstitution ambitieuse \u00bb des ressources de l\u2019Association internationale de D\u00e9veloppement (IDA).<\/div>\n<\/div>\n<div class=\"o9v6fnle cxmmr5t8 oygrvhab hcukyx3x c1et5uql ii04i59q\">\n<div dir=\"auto\">Il faut mobiliser 100 milliards de dollars US avant la fin de l\u2019ann\u00e9e pour les trois ans \u00e0 venir, dans cette qu\u00eate de reconstitution des ressources de l\u2019IDA, pour notamment aider les pays du continent africain \u00e0 faire face \u00e0 la crise multidimensionnelle engendr\u00e9e par la pand\u00e9mie de la Covid 19.<\/div>\n<div dir=\"auto\">Le pr\u00e9sident Alassane OUATTARA, l\u2019h\u00f4te du sommet, a rappel\u00e9 le devoir de solidarit\u00e9 de la communaut\u00e9 internationale vis-\u00e0-vis de l\u2019Afrique, qui a observ\u00e9 \u00ab une contre performance \u00bb jamais r\u00e9alis\u00e9e dans son histoire \u00e9conomique.<\/div>\n<div dir=\"auto\"><img decoding=\"async\" loading=\"lazy\" class=\"alignnone  wp-image-37632\" src=\"https:\/\/linitiative.ca\/International\/wp-content\/uploads\/sites\/23\/2021\/07\/ph-ouat-300x200-1.jpg\" alt=\"\" width=\"389\" height=\"259\" srcset=\"https:\/\/linitiative.ca\/International\/wp-content\/uploads\/sites\/23\/2021\/07\/ph-ouat-300x200-1.jpg 300w, https:\/\/www.sidwaya.info\/wp-content\/uploads\/2021\/07\/ph-ouat-768x512.jpg 768w, https:\/\/www.sidwaya.info\/wp-content\/uploads\/2021\/07\/ph-ouat-150x100.jpg 150w, https:\/\/www.sidwaya.info\/wp-content\/uploads\/2021\/07\/ph-ouat-696x464.jpg 696w, https:\/\/www.sidwaya.info\/wp-content\/uploads\/2021\/07\/ph-ouat-630x420.jpg 630w, https:\/\/www.sidwaya.info\/wp-content\/uploads\/2021\/07\/ph-ouat.jpg 960w\" sizes=\"auto, (max-width: 389px) 100vw, 389px\"><\/div>\n<div dir=\"auto\">Une chute du taux de croissance de plus de 6% \u00e0 moins de 2%, 40 millions de ch\u00f4meurs, 32 millions de personnes plong\u00e9es dans l\u2019extr\u00eame pauvret\u00e9, tel est le passif de cette crise de la Covid. \u00ab Les pays africains ont besoin d\u2019un soutien plus important de l\u2019ensemble de leurs partenaires (\u2026). La solidarit\u00e9 est donc indispensable pour le bien de tous, et pour combattre les divergences entre les r\u00e9gions du monde ainsi qu\u2019\u00e0 l\u2019int\u00e9rieur des pays \u00bb a d\u00e9clar\u00e9 Alassane Ouattara. Pour le chef de l\u2019Etat ivoirien, \u00ab il est totalement injuste que les pays africains soient limit\u00e9s dans leur financement par des plafonds de d\u00e9ficit qui sont totalement irr\u00e9alistes au regard de la lutte contre le terrorisme et de la pand\u00e9mie que nous vivons \u00bb.<\/div>\n<div dir=\"auto\">Le directeur des Op\u00e9rations de la Banque mondiale Axel Van Trotsenburg, a estim\u00e9 que le rendez-vous d\u2019Abidjan vise \u00e0 trouver un modus vivendi sur le soutien de la Banque au continent, au regard des exigences de d\u00e9veloppement. \u00ab Nous sommes l\u00e0 pour \u00e9couter votre vision et votre ambition \u00bb, a-t-il d\u00e9clar\u00e9 \u00e0 la tribune du sommet.<\/div>\n<div dir=\"auto\">Pour le pr\u00e9sident de la commission de l\u2019Union africaine, Moussa Faki Mahamat, cette vision et cette ambition se r\u00e9sument en une phrase : la \u00ab transformation de l\u2019IDA en une association inclusive pour le d\u00e9veloppement de l\u2019Afrique.<\/div>\n<div dir=\"auto\">Le directeur g\u00e9n\u00e9ral de la Soci\u00e9t\u00e9 financi\u00e8re internationale (SFI), a, lui, invit\u00e9 \u00e0 \u00ab revisiter nos mod\u00e8les de d\u00e9veloppement \u00bb notamment par le lancement d\u2019un \u00ab dialogue plus soutenu entre les secteurs public et priv\u00e9 pour cr\u00e9er des cha\u00eenes de valeur \u00bb et booster ainsi l\u2019essor \u00e9conomique du continent.<\/div>\n<\/div>\n<div class=\"o9v6fnle cxmmr5t8 oygrvhab hcukyx3x c1et5uql ii04i59q\">\n<div dir=\"auto\">Direction de la communication de la pr\u00e9sidence du Faso<\/div>\n<\/div>\n<p>L\u2019article <a rel=\"nofollow\" href=\"https:\/\/www.sidwaya.info\/blog\/2021\/07\/15\/reconstitution-des-ressources-de-lassociation-internationale-de-developpement-ouverture-du-sommet-des-chefs-detat\/\">Reconstitution des ressources de l\u2019Association internationale de D\u00e9veloppement : ouverture du sommet des chefs d\u2019Etat.<\/a> est apparu en premier sur <a rel=\"nofollow\" href=\"https:\/\/www.sidwaya.info\/\">Quotidien Sidwaya<\/a>.<\/p>\n<\/div>\n<p>Auteur: Wamini SIDWAYA<br \/>\n<a href=\"https:\/\/www.sidwaya.info\/blog\/2021\/07\/15\/reconstitution-des-ressources-de-lassociation-internationale-de-developpement-ouverture-du-sommet-des-chefs-detat\/\">Cliquez ici pour lire l&rsquo;article depuis sa source.<\/a><\/p>\n","protected":false},"excerpt":{"rendered":"<p>Le pr\u00e9sident du Faso, Roch Marc Christian Kabor\u00e9 et une dizaine de ses pairs du continent ont d\u00e9but\u00e9 ce matin la r\u00e9union de haut niveau pour une \u00ab reconstitution ambitieuse \u00bb des ressources de l\u2019Association internationale de D\u00e9veloppement (IDA). Il faut mobiliser 100 milliards de dollars US avant la fin de l\u2019ann\u00e9e pour les trois [&hellip;]<\/p>\n","protected":false},"author":1816,"featured_media":0,"comment_status":"closed","ping_status":"closed","sticky":false,"template":"","format":"standard","meta":{"fifu_image_url":"https:\/\/www.sidwaya.info\/wp-content\/uploads\/2021\/07\/ph-ouat-300x200.jpg","fifu_image_alt":"Reconstitution des ressources de l\u2019Association internationale de D\u00e9veloppement : ouverture du sommet des chefs d\u2019Etat.","footnotes":""},"categories":[73,81],"tags":[],"class_list":["post-121527","post","type-post","status-publish","format-standard","hentry","category-actualite","category-burkina-faso"],"_links":{"self":[{"href":"https:\/\/linitiative.ca\/International\/wp-json\/wp\/v2\/posts\/121527","targetHints":{"allow":["GET"]}}],"collection":[{"href":"https:\/\/linitiative.ca\/International\/wp-json\/wp\/v2\/posts"}],"about":[{"href":"https:\/\/linitiative.ca\/International\/wp-json\/wp\/v2\/types\/post"}],"author":[{"embeddable":true,"href":"https:\/\/linitiative.ca\/International\/wp-json\/wp\/v2\/users\/1816"}],"replies":[{"embeddable":true,"href":"https:\/\/linitiative.ca\/International\/wp-json\/wp\/v2\/comments?post=121527"}],"version-history":[{"count":0,"href":"https:\/\/linitiative.ca\/International\/wp-json\/wp\/v2\/posts\/121527\/revisions"}],"wp:attachment":[{"href":"https:\/\/linitiative.ca\/International\/wp-json\/wp\/v2\/media?parent=121527"}],"wp:term":[{"taxonomy":"category","embeddable":true,"href":"https:\/\/linitiative.ca\/International\/wp-json\/wp\/v2\/categories?post=121527"},{"taxonomy":"post_tag","embeddable":true,"href":"https:\/\/linitiative.ca\/International\/wp-json\/wp\/v2\/tags?post=121527"}],"curies":[{"name":"wp","href":"https:\/\/api.w.org\/{rel}","templated":true}]}}