{"id":121529,"date":"2021-07-15T13:18:02","date_gmt":"2021-07-15T17:18:02","guid":{"rendered":"https:\/\/linitiative.ca\/International\/la-sfi-veut-developper-un-secteur-prive-africain-fort\/"},"modified":"2021-07-15T13:18:02","modified_gmt":"2021-07-15T17:18:02","slug":"la-sfi-veut-developper-un-secteur-prive-africain-fort","status":"publish","type":"post","link":"https:\/\/linitiative.ca\/International\/la-sfi-veut-developper-un-secteur-prive-africain-fort\/","title":{"rendered":"La SFI veut \u00ab\u00a0d\u00e9velopper un secteur priv\u00e9 africain fort\u00a0\u00bb"},"content":{"rendered":"<div>\n<p><img loading=\"lazy\" decoding=\"async\" width=\"1280\" height=\"853\" src=\"https:\/\/linitiative.ca\/International\/wp-content\/uploads\/sites\/23\/2021\/07\/16263694836590.jpg\" class=\"attachment-post-thumbnail size-post-thumbnail wp-post-image\" alt=\"\" srcset=\"https:\/\/linitiative.ca\/International\/wp-content\/uploads\/sites\/23\/2021\/07\/16263694836590.jpg 1280w, https:\/\/www.journalducameroun.com\/wp-content\/uploads\/2021\/07\/16263694836590-300x200.jpg 300w, https:\/\/www.journalducameroun.com\/wp-content\/uploads\/2021\/07\/16263694836590-768x512.jpg 768w, https:\/\/www.journalducameroun.com\/wp-content\/uploads\/2021\/07\/16263694836590-1024x682.jpg 1024w, https:\/\/www.journalducameroun.com\/wp-content\/uploads\/2021\/07\/16263694836590-660x440.jpg 660w, https:\/\/www.journalducameroun.com\/wp-content\/uploads\/2021\/07\/16263694836590-600x400.jpg 600w\" sizes=\"auto, (max-width: 1280px) 100vw, 1280px\"><\/p>\n<p>La Soci\u00e9t\u00e9 financi\u00e8re internationale (SFI), une branche de la Banque mondiale, veut \u00ab\u00a0d\u00e9velopper un secteur priv\u00e9 africain fort\u00a0\u00bb, a assur\u00e9 jeudi \u00e0 Abidjan son directeur g\u00e9n\u00e9ral, Makthar Diop.<\/p>\n<p>\u00ab\u00a0Le r\u00f4le de la SFI sera de d\u00e9velopper un secteur priv\u00e9 africain fort. Sans un secteur priv\u00e9 africain fort, il n&rsquo;y aura pas de cr\u00e9ation d&#8217;emplois en Afrique\u00a0\u00bb, a d\u00e9clar\u00e9 M. Makthar Diop, lors de la c\u00e9r\u00e9monie d&rsquo;ouverture du Sommet sur la 20e reconstitution de l&rsquo;Association internationale de d\u00e9veloppement (IDA).<\/p>\n<p>La SFI, dans sa strat\u00e9gie 3.0, vise entre autres, le secteur industriel, les petits producteurs, les \u00e9leveurs, les planteurs de cacao, dans l&rsquo;optique de stimuler les diff\u00e9rentes cha\u00eenes de valeurs afin de cr\u00e9er des emplois.\u00a0<\/p>\n<p>Ensuite, l&rsquo;institution envisage de r\u00e9duire les risques attach\u00e9s \u00e0 l&rsquo;investissement en Afrique tout en assurant que les investisseurs institutionnels qui disposent de grandes liquidit\u00e9s puissent investir plus dans les infrastructures afin de cr\u00e9er une dynamique de croissance.<\/p>\n<p>Avec la crise sanitaire de Covid-19, \u00ab\u00a0l&rsquo;espace fiscal s&rsquo;est fortement r\u00e9duit\u00a0\u00bb, a-t-il not\u00e9, mentionnant que des budgets nationaux ont \u00e9t\u00e9 fortement impact\u00e9s sur le continent en d\u00e9pit des efforts des gouvernements, ce qui requiert une collaboration accrue entre le secteur public et priv\u00e9.\u00a0<\/p>\n<p>L&rsquo;Afrique est en passe de s&rsquo;imposer comme une importante zone de libre \u00e9changes. Mais, pour la SFI, les conditions de cette int\u00e9gration r\u00e9gionale accrue va exiger la mise en \u0153uvre des d\u00e9cisions prises par l&rsquo;ensemble des chefs d&rsquo;Etat du continent.<\/p>\n<p>L&rsquo;institution veut changer de paradigme pour capitaliser sur les opportunit\u00e9s \u00e9mergentes en phase avec les r\u00e9formes mises en oeuvre pour une reprise plus r\u00e9siliente. Dans ce contexte, la SFI a lanc\u00e9 sa strat\u00e9gie 3.0 qui met le focus sur le d\u00e9veloppement \u00e9conomique et social.<\/p>\n<p>\u00ab\u00a0Il s&rsquo;agit d&rsquo;intervenir \u00e0 un stade plus pr\u00e9coce du d\u00e9veloppement des projets afin de d\u00e9fricher des possibilit\u00e9s d&rsquo;investissements et qu&rsquo;il soit cr\u00e9es des march\u00e9s l\u00e0 o\u00f9 \u00e7a n&rsquo;existe pas encore\u00a0\u00bb, a ajout\u00e9 le directeur g\u00e9n\u00e9ral de la SFI.<\/p>\n<p>L&rsquo;objectif est de \u00ab\u00a0lib\u00e9rer le potentiel du secteur priv\u00e9 pour cr\u00e9er de la valeur ajout\u00e9e ainsi que des millions d&#8217;emplois, ce qui permettra \u00e9galement de g\u00e9n\u00e9rer des ressources internes pour investir dans les infrastructures\u00a0\u00bb, a-t-il poursuivi.\u00a0<\/p>\n<p>La mise en oeuvre de cette strat\u00e9gie n\u00e9cessite une approche holistique et coordonn\u00e9e entre l&rsquo;Etat, le syst\u00e8me financier et les partenaires au d\u00e9veloppement, a relev\u00e9 le directeur g\u00e9n\u00e9ral de la SFI, Makthar Diop.\u00a0<\/p>\n<p>Avant la crise de Covid-19, le d\u00e9ficit de financement des PME en Afrique subsaharienne \u00e9tait estim\u00e9e \u00e0 \u00ab\u00a0330 milliards de dollars\u00a0\u00bb. Depuis, 25% des entreprises ont \u00e9t\u00e9 contraintes d&rsquo;arr\u00eater leurs activit\u00e9s et pr\u00e8s de 90% ont subi des pertes de revenus.\u00a0<\/p>\n<p>\u00ab\u00a0Il faudra cr\u00e9er 20 millions de nouveaux emplois chaque ann\u00e9e, d&rsquo;ici \u00e0 2030 pour absorber la croissance de la population en \u00e2ge de travailler. Ceci est notre d\u00e9fi collectif\u00a0\u00bb, a fait observer le directeur g\u00e9n\u00e9ral de la SFI.\u00a0<\/p>\n<p>Dans le cadre d&rsquo;une alliance pour l&rsquo;entrepreneuriat en Afrique, la SFI pr\u00e9voit une enveloppe de financement de 2 milliards de dollars pour acc\u00e9l\u00e9rer les r\u00e9formes afin d&rsquo;am\u00e9liorer le climat des affaires en Afrique stimuler le financement du commerce intra-africain.\u00a0<\/p>\n<p>Apr\u00e8s deux d\u00e9cennies de performance \u00e9conomique notables, l&rsquo;Afrique a \u00e9t\u00e9 interrompue dans son \u00e9lan par la pand\u00e9mie de la Covid-19. Elle a connu la pire contre-performance jamais enregistr\u00e9e au cours des derni\u00e8res 25 ans ann\u00e9es avec un taux de croissance de -2% et une augmentation de 25 \u00e0 30 millions du nombre de ch\u00f4meurs et 40 millions de personnes en situation d&rsquo;extr\u00eame pauvret\u00e9.<\/p>\n<p>Cet article <a rel=\"nofollow\" href=\"https:\/\/www.journalducameroun.com\/la-sfi-veut-developper-un-secteur-prive-africain-fort\/\">La SFI veut \u00ab\u00a0d\u00e9velopper un secteur priv\u00e9 africain fort\u00a0\u00bb<\/a> est apparu en premier sur <a rel=\"nofollow\" href=\"https:\/\/www.journalducameroun.com\/\">Journal du Cameroun<\/a>.<\/p>\n<\/div>\n<p>Auteur: APA News<br \/>\n<a href=\"https:\/\/www.journalducameroun.com\/la-sfi-veut-developper-un-secteur-prive-africain-fort\/\">Cliquez ici pour lire l&rsquo;article depuis sa source.<\/a><\/p>\n","protected":false},"excerpt":{"rendered":"<p>La Soci\u00e9t\u00e9 financi\u00e8re internationale (SFI), une branche de la Banque mondiale, veut \u00ab\u00a0d\u00e9velopper un secteur priv\u00e9 africain fort\u00a0\u00bb, a assur\u00e9 jeudi \u00e0 Abidjan son directeur g\u00e9n\u00e9ral, Makthar Diop. \u00ab\u00a0Le r\u00f4le de la SFI sera de d\u00e9velopper un secteur priv\u00e9 africain fort. Sans un secteur priv\u00e9 africain fort, il n&rsquo;y aura pas de cr\u00e9ation d&#8217;emplois en [&hellip;]<\/p>\n","protected":false},"author":1965,"featured_media":0,"comment_status":"closed","ping_status":"closed","sticky":false,"template":"","format":"standard","meta":{"fifu_image_url":"https:\/\/www.journalducameroun.com\/wp-content\/uploads\/2021\/07\/16263694836590.jpg","fifu_image_alt":"La SFI veut \u00ab\u00a0d\u00e9velopper un secteur priv\u00e9 africain fort\u00a0\u00bb","footnotes":""},"categories":[73,82],"tags":[],"class_list":["post-121529","post","type-post","status-publish","format-standard","hentry","category-actualite","category-cameroun"],"_links":{"self":[{"href":"https:\/\/linitiative.ca\/International\/wp-json\/wp\/v2\/posts\/121529","targetHints":{"allow":["GET"]}}],"collection":[{"href":"https:\/\/linitiative.ca\/International\/wp-json\/wp\/v2\/posts"}],"about":[{"href":"https:\/\/linitiative.ca\/International\/wp-json\/wp\/v2\/types\/post"}],"author":[{"embeddable":true,"href":"https:\/\/linitiative.ca\/International\/wp-json\/wp\/v2\/users\/1965"}],"replies":[{"embeddable":true,"href":"https:\/\/linitiative.ca\/International\/wp-json\/wp\/v2\/comments?post=121529"}],"version-history":[{"count":0,"href":"https:\/\/linitiative.ca\/International\/wp-json\/wp\/v2\/posts\/121529\/revisions"}],"wp:attachment":[{"href":"https:\/\/linitiative.ca\/International\/wp-json\/wp\/v2\/media?parent=121529"}],"wp:term":[{"taxonomy":"category","embeddable":true,"href":"https:\/\/linitiative.ca\/International\/wp-json\/wp\/v2\/categories?post=121529"},{"taxonomy":"post_tag","embeddable":true,"href":"https:\/\/linitiative.ca\/International\/wp-json\/wp\/v2\/tags?post=121529"}],"curies":[{"name":"wp","href":"https:\/\/api.w.org\/{rel}","templated":true}]}}