{"id":121531,"date":"2021-07-15T15:18:02","date_gmt":"2021-07-15T19:18:02","guid":{"rendered":"https:\/\/linitiative.ca\/International\/senegal-des-recommandations-pour-stopper-la-circulation-active-de-la-covid\/"},"modified":"2021-07-15T15:18:02","modified_gmt":"2021-07-15T19:18:02","slug":"senegal-des-recommandations-pour-stopper-la-circulation-active-de-la-covid","status":"publish","type":"post","link":"https:\/\/linitiative.ca\/International\/senegal-des-recommandations-pour-stopper-la-circulation-active-de-la-covid\/","title":{"rendered":"S\u00e9n\u00e9gal : des recommandations pour stopper la circulation \u00ab active \u00bb de la Covid"},"content":{"rendered":"<div>\n<p><img loading=\"lazy\" decoding=\"async\" width=\"720\" height=\"480\" src=\"https:\/\/linitiative.ca\/International\/wp-content\/uploads\/sites\/23\/2021\/07\/16263766832117.jpg\" class=\"attachment-post-thumbnail size-post-thumbnail wp-post-image\" alt=\"\" srcset=\"https:\/\/linitiative.ca\/International\/wp-content\/uploads\/sites\/23\/2021\/07\/16263766832117.jpg 720w, https:\/\/www.journalducameroun.com\/wp-content\/uploads\/2021\/07\/16263766832117-300x200.jpg 300w, https:\/\/www.journalducameroun.com\/wp-content\/uploads\/2021\/07\/16263766832117-660x440.jpg 660w, https:\/\/www.journalducameroun.com\/wp-content\/uploads\/2021\/07\/16263766832117-600x400.jpg 600w\" sizes=\"auto, (max-width: 720px) 100vw, 720px\"><\/p>\n<p>Le Comit\u00e9 National de Gestion des Epid\u00e9mies (CNGE) d\u00e9conseille surtout les rassemblements et les voyages \u00e0 quelques jours de la f\u00eate du sacrifice commun\u00e9ment appel\u00e9e Tabaski.Au S\u00e9n\u00e9gal, la situation \u00e9pid\u00e9miologique est pour le moins critique. Rien que dans la semaine du 9 au 15 juillet, 3480 nouvelles contaminations sont recens\u00e9es. Soit une moyenne de 497 cas par jour. Pendant cette m\u00eame p\u00e9riode, 25 d\u00e9c\u00e8s li\u00e9s \u00e0 la Covid-19 sont d\u00e9nombr\u00e9s. Cette tendance \u00e0 la hausse se confirme depuis plus de cinq semaines.<\/p>\n<p>Les chiffres de l&rsquo;\u00e9pid\u00e9mie confirment que le pays est en plein dans la 3e vague. Le Comit\u00e9 National de Gestion des Epid\u00e9mies (CNGE), r\u00e9uni ce jeudi \u00e0 Dakar, a ainsi formul\u00e9 des recommandations dans l&rsquo;espoir de briser la cha\u00eene de contaminations.<\/p>\n<p>Au terme de la rencontre, Abdoulaye Diouf Sarr, le ministre de la Sant\u00e9 et de l&rsquo;Action sociale, a rapport\u00e9 la mise en garde des experts \u00e0 propos du risque d&rsquo;explosion des infections avec les mouvements de populations lors de la c\u00e9l\u00e9bration de la Tabaski (mardi et mercredi).<\/p>\n<p>A l&rsquo;approche de cette f\u00eate musulmane, Dakar, la capitale qui concentre l&rsquo;essentiel des cas de Covid, se vide au rythme des d\u00e9parts vers l&rsquo;int\u00e9rieur du pays. Le gouvernement, \u00e0 d\u00e9faut de mesures coercitives, mise donc sur la sensibilisation.<\/p>\n<p>Dans sa d\u00e9claration, M. Sarr a invit\u00e9 les S\u00e9n\u00e9galais \u00e0 \u00ab porter syst\u00e9matiquement le masque dans les v\u00e9hicules de transports, les v\u00e9hicules particuliers, les lieux recevant du public et les lieux de travail\u00a0\u00bb.<\/p>\n<p>Le ministre de la Sant\u00e9 et de l&rsquo;Action sociale a \u00e9galement exhort\u00e9 ses concitoyens \u00e0 \u00ab recourir pr\u00e9cocement aux soins et \u00e0 se faire vacciner\u00a0\u00bb\u00a0afin de ne pas d\u00e9velopper les formes graves de la maladie.<\/p>\n<p>Ces derniers jours, certaines structures sanitaires avaient \u00e9puis\u00e9 leurs stocks de vaccins. Une p\u00e9nurie du liquide pr\u00e9cieux qui a fait manquer \u00e0 bon nombre de personnes leur rendez-vous pour la prise de la seconde dose de l&rsquo;un des vaccins disponibles.<\/p>\n<p>Abdoulaye Diouf Sarr a renseign\u00e9 \u00e0 ce sujet que \u00ab le S\u00e9n\u00e9gal va recevoir, d&rsquo;ici la fin du mois de juillet, pr\u00e8s de 500.000 doses \u00bb. Puisque le virus se propage dans les lieux de travail, le Comit\u00e9 National de Gestion des Epid\u00e9mies a estim\u00e9 que les responsables du service public et des entreprises priv\u00e9es doivent \u00ab privil\u00e9gier le t\u00e9l\u00e9travail \u00bb et proc\u00e9der \u00e0 la r\u00e9duction du personnel dans les services.<\/p>\n<p>Le S\u00e9n\u00e9gal, \u00e0 ce jour, a cumul\u00e9 48.270 cas de Covid-19 dont 42.843 gu\u00e9ris, 1209 d\u00e9c\u00e8s et 4217 patients sous traitement. Actuellement, 23 cas graves sont pris en charge par le personnel soignant.<\/p>\n<p>Redoutant la saturation des centres de traitement, le CNGE a notamment plaid\u00e9 pour un meilleur syst\u00e8me de d\u00e9pistage avec entre autres l&rsquo;utilisation accrue des tests de diagnostic rapide et le renforcement des ressources humaines pour une correcte prise en charge des malades \u00e0 domicile.<\/p>\n<p>Cet article <a rel=\"nofollow\" href=\"https:\/\/www.journalducameroun.com\/senegal-des-recommandations-pour-stopper-la-circulation-active-de-la-covid\/\">S\u00e9n\u00e9gal : des recommandations pour stopper la circulation \u00ab active \u00bb de la Covid<\/a> est apparu en premier sur <a rel=\"nofollow\" href=\"https:\/\/www.journalducameroun.com\/\">Journal du Cameroun<\/a>.<\/p>\n<\/div>\n<p>Auteur: APA News<br \/>\n<a href=\"https:\/\/www.journalducameroun.com\/senegal-des-recommandations-pour-stopper-la-circulation-active-de-la-covid\/\">Cliquez ici pour lire l&rsquo;article depuis sa source.<\/a><\/p>\n","protected":false},"excerpt":{"rendered":"<p>Le Comit\u00e9 National de Gestion des Epid\u00e9mies (CNGE) d\u00e9conseille surtout les rassemblements et les voyages \u00e0 quelques jours de la f\u00eate du sacrifice commun\u00e9ment appel\u00e9e Tabaski.Au S\u00e9n\u00e9gal, la situation \u00e9pid\u00e9miologique est pour le moins critique. Rien que dans la semaine du 9 au 15 juillet, 3480 nouvelles contaminations sont recens\u00e9es. Soit une moyenne de 497 [&hellip;]<\/p>\n","protected":false},"author":1965,"featured_media":0,"comment_status":"closed","ping_status":"closed","sticky":false,"template":"","format":"standard","meta":{"fifu_image_url":"https:\/\/www.journalducameroun.com\/wp-content\/uploads\/2021\/07\/16263766832117.jpg","fifu_image_alt":"S\u00e9n\u00e9gal : des recommandations pour stopper la circulation \u00ab active \u00bb de la Covid","footnotes":""},"categories":[73,82],"tags":[],"class_list":["post-121531","post","type-post","status-publish","format-standard","hentry","category-actualite","category-cameroun"],"_links":{"self":[{"href":"https:\/\/linitiative.ca\/International\/wp-json\/wp\/v2\/posts\/121531","targetHints":{"allow":["GET"]}}],"collection":[{"href":"https:\/\/linitiative.ca\/International\/wp-json\/wp\/v2\/posts"}],"about":[{"href":"https:\/\/linitiative.ca\/International\/wp-json\/wp\/v2\/types\/post"}],"author":[{"embeddable":true,"href":"https:\/\/linitiative.ca\/International\/wp-json\/wp\/v2\/users\/1965"}],"replies":[{"embeddable":true,"href":"https:\/\/linitiative.ca\/International\/wp-json\/wp\/v2\/comments?post=121531"}],"version-history":[{"count":0,"href":"https:\/\/linitiative.ca\/International\/wp-json\/wp\/v2\/posts\/121531\/revisions"}],"wp:attachment":[{"href":"https:\/\/linitiative.ca\/International\/wp-json\/wp\/v2\/media?parent=121531"}],"wp:term":[{"taxonomy":"category","embeddable":true,"href":"https:\/\/linitiative.ca\/International\/wp-json\/wp\/v2\/categories?post=121531"},{"taxonomy":"post_tag","embeddable":true,"href":"https:\/\/linitiative.ca\/International\/wp-json\/wp\/v2\/tags?post=121531"}],"curies":[{"name":"wp","href":"https:\/\/api.w.org\/{rel}","templated":true}]}}