{"id":121533,"date":"2021-07-15T16:18:02","date_gmt":"2021-07-15T20:18:02","guid":{"rendered":"https:\/\/linitiative.ca\/International\/covid-au-senegal-la-fondation-mastercard-sur-le-terrain-de-la-sensibilisation\/"},"modified":"2021-07-15T16:18:02","modified_gmt":"2021-07-15T20:18:02","slug":"covid-au-senegal-la-fondation-mastercard-sur-le-terrain-de-la-sensibilisation","status":"publish","type":"post","link":"https:\/\/linitiative.ca\/International\/covid-au-senegal-la-fondation-mastercard-sur-le-terrain-de-la-sensibilisation\/","title":{"rendered":"Covid au S\u00e9n\u00e9gal : la Fondation MasterCard sur le terrain de la sensibilisation"},"content":{"rendered":"<div>\n<p><img loading=\"lazy\" decoding=\"async\" width=\"830\" height=\"360\" src=\"https:\/\/linitiative.ca\/International\/wp-content\/uploads\/sites\/23\/2021\/07\/16263802823039.jpg\" class=\"attachment-post-thumbnail size-post-thumbnail wp-post-image\" alt=\"\" srcset=\"https:\/\/linitiative.ca\/International\/wp-content\/uploads\/sites\/23\/2021\/07\/16263802823039.jpg 830w, https:\/\/www.journalducameroun.com\/wp-content\/uploads\/2021\/07\/16263802823039-300x130.jpg 300w, https:\/\/www.journalducameroun.com\/wp-content\/uploads\/2021\/07\/16263802823039-768x333.jpg 768w, https:\/\/www.journalducameroun.com\/wp-content\/uploads\/2021\/07\/16263802823039-600x260.jpg 600w\" sizes=\"auto, (max-width: 830px) 100vw, 830px\"><\/p>\n<p>L&rsquo;institution canadienne a lanc\u00e9, ce jeudi 15 juillet \u00e0 Dakar, la deuxi\u00e8me phase de sa campagne de sensibilisation contre le nouveau coronavirus au S\u00e9n\u00e9gal.La Fondation MasterCard, pour le succ\u00e8s de son plan communicationnel, mettra tout en \u0153uvre afin de susciter \u00ab l&rsquo;engagement et la mobilisation \u00bb des jeunes \u00e2g\u00e9s de 14 \u00e0 35 ans. Des \u00e9tudes s\u00e9rieuses ont montr\u00e9 que leur comportement face au virus a une incidence sur l&rsquo;\u00e9volution de la pand\u00e9mie. Plus les jeunes se prot\u00e8gent, moins il y a des chances que le virus se propage rapidement.<\/p>\n<p>C&rsquo;est la raison pour laquelle la Fondation MasterCard entreprend de faire de la jeunesse un relais aupr\u00e8s de la population. Dans la mise en \u0153uvre de cette strat\u00e9gie, l&rsquo;organisation ind\u00e9pendante cr\u00e9\u00e9e en 2006 outillera cette frange de la population pour qu&rsquo;elle diss\u00e9mine \u00ab les bonnes informations et pratiques de pr\u00e9vention, de m\u00eame que les offres vaccinales disponibles \u00bb.<\/p>\n<p>Pour faciliter la t\u00e2che aux jeunes, \u00ab des plateformes d&rsquo;expression et d&rsquo;\u00e9change d&rsquo;exp\u00e9riences \u00bb sur la r\u00e9silience face \u00e0 la pand\u00e9mie seront accessibles. Outre le S\u00e9n\u00e9gal, cette deuxi\u00e8me campagne de sensibilisation publique se d\u00e9roulera au Ghana, au Kenya, au Nigeria, en Ouganda, au Rwanda et en \u00c9thiopie.<\/p>\n<p>Au cours d&rsquo;une visioconf\u00e9rence, \u00e0 laquelle diff\u00e9rentes structures actives dans la lutte contre la Covid-19 ont particip\u00e9, Nathalie Gabala, Directrice r\u00e9gionale de la Fondation Mastercard pour l&rsquo;Afrique de l&rsquo;Ouest, du Centre et du Nord, a d\u00e9clar\u00e9 que l&rsquo;objectif poursuivi est d&rsquo; \u00ab appuyer les efforts des gouvernements, de contribuer \u00e0 une meilleure compr\u00e9hension et \u00e0 une meilleure adoption des mesures de pr\u00e9vention et de protection\u00a0\u00bb.<\/p>\n<p>Dans le cadre de cette campagne, la Fondation MasterCard a retenu comme th\u00e8me \u00ab Stop Corona &#8211; Je m&rsquo;engage \u00bb avec un message cl\u00e9 : \u00ab Prot\u00e9gez-vous, prot\u00e9gez votre famille, prot\u00e9gez votre communaut\u00e9 \u00bb. A travers l&rsquo;utilisation des hashtag #ItsUpToUs et #StopCorona sur les r\u00e9seaux sociaux, l&rsquo;institution canadienne esp\u00e8re \u00ab amplifier la lutte contre la Covid-19 \u00bb dans ces sept pays.<\/p>\n<p>Cet article <a rel=\"nofollow\" href=\"https:\/\/www.journalducameroun.com\/covid-au-senegal-la-fondation-mastercard-sur-le-terrain-de-la-sensibilisation\/\">Covid au S\u00e9n\u00e9gal : la Fondation MasterCard sur le terrain de la sensibilisation<\/a> est apparu en premier sur <a rel=\"nofollow\" href=\"https:\/\/www.journalducameroun.com\/\">Journal du Cameroun<\/a>.<\/p>\n<\/div>\n<p>Auteur: APA News<br \/>\n<a href=\"https:\/\/www.journalducameroun.com\/covid-au-senegal-la-fondation-mastercard-sur-le-terrain-de-la-sensibilisation\/\">Cliquez ici pour lire l&rsquo;article depuis sa source.<\/a><\/p>\n","protected":false},"excerpt":{"rendered":"<p>L&rsquo;institution canadienne a lanc\u00e9, ce jeudi 15 juillet \u00e0 Dakar, la deuxi\u00e8me phase de sa campagne de sensibilisation contre le nouveau coronavirus au S\u00e9n\u00e9gal.La Fondation MasterCard, pour le succ\u00e8s de son plan communicationnel, mettra tout en \u0153uvre afin de susciter \u00ab l&rsquo;engagement et la mobilisation \u00bb des jeunes \u00e2g\u00e9s de 14 \u00e0 35 ans. Des [&hellip;]<\/p>\n","protected":false},"author":1965,"featured_media":0,"comment_status":"closed","ping_status":"closed","sticky":false,"template":"","format":"standard","meta":{"fifu_image_url":"https:\/\/www.journalducameroun.com\/wp-content\/uploads\/2021\/07\/16263802823039.jpg","fifu_image_alt":"Covid au S\u00e9n\u00e9gal : la Fondation MasterCard sur le terrain de la sensibilisation","footnotes":""},"categories":[73,82],"tags":[],"class_list":["post-121533","post","type-post","status-publish","format-standard","hentry","category-actualite","category-cameroun"],"_links":{"self":[{"href":"https:\/\/linitiative.ca\/International\/wp-json\/wp\/v2\/posts\/121533","targetHints":{"allow":["GET"]}}],"collection":[{"href":"https:\/\/linitiative.ca\/International\/wp-json\/wp\/v2\/posts"}],"about":[{"href":"https:\/\/linitiative.ca\/International\/wp-json\/wp\/v2\/types\/post"}],"author":[{"embeddable":true,"href":"https:\/\/linitiative.ca\/International\/wp-json\/wp\/v2\/users\/1965"}],"replies":[{"embeddable":true,"href":"https:\/\/linitiative.ca\/International\/wp-json\/wp\/v2\/comments?post=121533"}],"version-history":[{"count":0,"href":"https:\/\/linitiative.ca\/International\/wp-json\/wp\/v2\/posts\/121533\/revisions"}],"wp:attachment":[{"href":"https:\/\/linitiative.ca\/International\/wp-json\/wp\/v2\/media?parent=121533"}],"wp:term":[{"taxonomy":"category","embeddable":true,"href":"https:\/\/linitiative.ca\/International\/wp-json\/wp\/v2\/categories?post=121533"},{"taxonomy":"post_tag","embeddable":true,"href":"https:\/\/linitiative.ca\/International\/wp-json\/wp\/v2\/tags?post=121533"}],"curies":[{"name":"wp","href":"https:\/\/api.w.org\/{rel}","templated":true}]}}