{"id":121537,"date":"2021-07-15T17:18:02","date_gmt":"2021-07-15T21:18:02","guid":{"rendered":"https:\/\/linitiative.ca\/International\/abidjan-la-mairie-du-plateau-se-dit-pas-fautive-d-insubordination-envers-mambe\/"},"modified":"2021-07-15T17:18:02","modified_gmt":"2021-07-15T21:18:02","slug":"abidjan-la-mairie-du-plateau-se-dit-pas-fautive-d-insubordination-envers-mambe","status":"publish","type":"post","link":"https:\/\/linitiative.ca\/International\/abidjan-la-mairie-du-plateau-se-dit-pas-fautive-d-insubordination-envers-mambe\/","title":{"rendered":"Abidjan: la mairie du Plateau se dit pas fautive d&rsquo;\u00a0\u00bbinsubordination\u00a0\u00bb envers Mamb\u00e9"},"content":{"rendered":"<div>\n<p><img loading=\"lazy\" decoding=\"async\" width=\"720\" height=\"431\" src=\"https:\/\/linitiative.ca\/International\/wp-content\/uploads\/sites\/23\/2021\/07\/16263838821961.jpg\" class=\"attachment-post-thumbnail size-post-thumbnail wp-post-image\" alt=\"\" srcset=\"https:\/\/linitiative.ca\/International\/wp-content\/uploads\/sites\/23\/2021\/07\/16263838821961.jpg 720w, https:\/\/www.journalducameroun.com\/wp-content\/uploads\/2021\/07\/16263838821961-300x180.jpg 300w, https:\/\/www.journalducameroun.com\/wp-content\/uploads\/2021\/07\/16263838821961-600x359.jpg 600w\" sizes=\"auto, (max-width: 720px) 100vw, 720px\"><\/p>\n<p>La mairie du Plateau, le centre des Affaires d&rsquo;Abidjan, d\u00e9clare ne pas \u00eatre fautive d'\u00a0\u00bbinsubordination\u00a0\u00bb envers le ministre-gouverneur Robert Mamb\u00e9 sur la comp\u00e9tence d&rsquo;un site litigieux dans la commune.<\/p>\n<p>Dans une note publi\u00e9e le 13 juillet 2021 sur son site Internet, le District autonome d&rsquo;Abidjan a fait une mise au point sur le site des espaces verts de l&rsquo;Avenue Jean-Paul II, indique un communiqu\u00e9 du service communication de la mairie du Plateau.<\/p>\n<p>Selon cette mise au point, le District d&rsquo;Abidjan d\u00e9nonce \u00ab\u00a0l&rsquo;impossibilit\u00e9 pour la commune du Plateau de revendiquer le site litigieux, le refus du maire de respecter les injonctions et l&rsquo;autorit\u00e9 du ministre-gouverneur\u00a0\u00bb. \u00a0Le District d&rsquo;Abidjan fait remarquer en outre \u00ab\u00a0le m\u00e9pris de la commune du Plateau \u00e0 l&rsquo;\u00e9gard de l&rsquo;autorit\u00e9 pr\u00e9fectorale\u00a0\u00bb.\u00a0<\/p>\n<p>Le service communication du Plateau rappelle que dans les dispositions l\u00e9gislatives et r\u00e9glementaires qui encadrent les collectivit\u00e9s territoriales et les Districts autonomes, \u00ab\u00a0il n&rsquo;y a aucun lien de subordination entre les autorit\u00e9s locales ou entre les collectivit\u00e9s territoriales et les Districts autonomes\u00a0\u00bb. \u00a0<\/p>\n<p>Relatant les faits, il rel\u00e8ve que \u00ab\u00a0la lettre du 15 f\u00e9vrier 2021 du gouverneur ne peut-elle servir de moyen pour all\u00e9guer une insubordination du maire dans la mesure o\u00f9 le maire n&rsquo;est pas dans une situation de subordination \u00e0 l&rsquo;\u00e9gard du ministre-gouverneur\u00a0\u00bb. \u00a0<\/p>\n<p>Sur le pr\u00e9tendu m\u00e9pris de l&rsquo;autorit\u00e9 de la pr\u00e9fecture d&rsquo;Abidjan, le service communication du Plateau mentionne que \u00ab\u00a0c&rsquo;est \u00e0 l&rsquo;initiative du maire que le pr\u00e9fet d&rsquo;Abidjan a \u00e9t\u00e9 saisi, le 22 janvier 2021, puis le ministre de l&rsquo;Int\u00e9rieur, le 15 f\u00e9vrier 2021, pour voir cesser les irruptions des agents du District sur le chantier et pour d\u00e9noncer la lettre du ministre-gouverneur\u00a0\u00bb.\u00a0<\/p>\n<p>\u00ab\u00a0C&rsquo;est donc \u00e0 la suite des demandes du maire de la commune du Plateau que l&rsquo;autorit\u00e9 de tutelle a convoqu\u00e9 une r\u00e9union pour le 22 f\u00e9vrier 2021, r\u00e9union qui a ensuite \u00e9t\u00e9 report\u00e9e, \u00e0 deux jours plus tard, \u00e0 la demande des autorit\u00e9s du District\u00a0\u00bb, a rappel\u00e9 le service communication du Plateau. \u00a0 \u00a0<\/p>\n<p>\u00ab\u00a0Si au cours de ladite r\u00e9union, il a \u00e9t\u00e9 sugg\u00e9r\u00e9 au maire de la commune du Plateau de suspendre momentan\u00e9ment les travaux tr\u00e8s bien avanc\u00e9s et de rentrer en contact avec le ministre-gouverneur en vue de concilier les deux parties, la comp\u00e9tence sur le site litigieux n&rsquo;a jamais \u00e9t\u00e9 d\u00e9ni\u00e9e \u00e0 la Commune du Plateau au profit du District\u00a0\u00bb, fait observer la note. \u00a0<\/p>\n<p>\u00ab\u00a0Lors de cette r\u00e9union, la d\u00e9l\u00e9gation de la commune a produit tout le fondement l\u00e9gal et r\u00e9glementaire qui lui donne comp\u00e9tence sur le site tandis que le District a argu\u00e9 d&rsquo;un seul argument pour asseoir sa comp\u00e9tence, \u00e0 savoir l&rsquo;am\u00e9nagement de ce site, par le pass\u00e9, avec un ouvrage d&rsquo;art\u00a0\u00bb, poursuit le texte.\u00a0<\/p>\n<p>Le service communication a soutenu que \u00ab\u00a0s&rsquo;il y a eu inobservation de dispositions l\u00e9gales, cela est plut\u00f4t du fait des autorit\u00e9s du District qui ne se sont pas conform\u00e9es \u00e0 l&rsquo;article 78 de la loi 2014-453 qui indique que les Conseils municipaux int\u00e9ress\u00e9s par les actions de d\u00e9veloppement et les projets d&rsquo;investissement entrepris \u00e0 l&rsquo;initiative du District sont obligatoirement consult\u00e9s\u00a0\u00bb.\u00a0<\/p>\n<p>Pour lui, \u00a0\u00ab\u00a0le pr\u00e9tendu refus d&rsquo;obtemp\u00e9rer aux injonctions et la d\u00e9fiance \u00e0 l&rsquo;autorit\u00e9 du ministre-gouverneur\u00a0\u00bb, ne saurait se justifier car selon l&rsquo;article 1 du d\u00e9cret 82-140 du 27 janvier 1982 portant attributions des Communes et de la Ville d&rsquo;Abidjan ainsi que de l&rsquo;article 80 de la loi n\u00b0 2014-453 du 05 ao\u00fbt 2014 portant statut du District Autonome d&rsquo;Abidjan, la tutelle des deux entit\u00e9s territoriales est assur\u00e9e uniquement par le ministre de l&rsquo;Int\u00e9rieur. De ce fait, il n&rsquo;y a aucune insubordination.\u00a0<\/p>\n<p>Cet article <a rel=\"nofollow\" href=\"https:\/\/www.journalducameroun.com\/abidjan-la-mairie-du-plateau-se-dit-pas-fautive-dinsubordination-envers-mambe\/\">Abidjan: la mairie du Plateau se dit pas fautive d&rsquo;\u00a0\u00bbinsubordination\u00a0\u00bb envers Mamb\u00e9<\/a> est apparu en premier sur <a rel=\"nofollow\" href=\"https:\/\/www.journalducameroun.com\/\">Journal du Cameroun<\/a>.<\/p>\n<\/div>\n<p>Auteur: APA News<br \/>\n<a href=\"https:\/\/www.journalducameroun.com\/abidjan-la-mairie-du-plateau-se-dit-pas-fautive-dinsubordination-envers-mambe\/\">Cliquez ici pour lire l&rsquo;article depuis sa source.<\/a><\/p>\n","protected":false},"excerpt":{"rendered":"<p>La mairie du Plateau, le centre des Affaires d&rsquo;Abidjan, d\u00e9clare ne pas \u00eatre fautive d&rsquo;\u00a0\u00bbinsubordination\u00a0\u00bb envers le ministre-gouverneur Robert Mamb\u00e9 sur la comp\u00e9tence d&rsquo;un site litigieux dans la commune. Dans une note publi\u00e9e le 13 juillet 2021 sur son site Internet, le District autonome d&rsquo;Abidjan a fait une mise au point sur le site des [&hellip;]<\/p>\n","protected":false},"author":1965,"featured_media":0,"comment_status":"closed","ping_status":"closed","sticky":false,"template":"","format":"standard","meta":{"fifu_image_url":"https:\/\/www.journalducameroun.com\/wp-content\/uploads\/2021\/07\/16263838821961.jpg","fifu_image_alt":"<div>Abidjan: la mairie du Plateau se dit pas fautive d'\u00a0\u00bbinsubordination\u00a0\u00bb envers Mamb\u00e9<\/div>","footnotes":""},"categories":[73,82],"tags":[],"class_list":["post-121537","post","type-post","status-publish","format-standard","hentry","category-actualite","category-cameroun"],"_links":{"self":[{"href":"https:\/\/linitiative.ca\/International\/wp-json\/wp\/v2\/posts\/121537","targetHints":{"allow":["GET"]}}],"collection":[{"href":"https:\/\/linitiative.ca\/International\/wp-json\/wp\/v2\/posts"}],"about":[{"href":"https:\/\/linitiative.ca\/International\/wp-json\/wp\/v2\/types\/post"}],"author":[{"embeddable":true,"href":"https:\/\/linitiative.ca\/International\/wp-json\/wp\/v2\/users\/1965"}],"replies":[{"embeddable":true,"href":"https:\/\/linitiative.ca\/International\/wp-json\/wp\/v2\/comments?post=121537"}],"version-history":[{"count":0,"href":"https:\/\/linitiative.ca\/International\/wp-json\/wp\/v2\/posts\/121537\/revisions"}],"wp:attachment":[{"href":"https:\/\/linitiative.ca\/International\/wp-json\/wp\/v2\/media?parent=121537"}],"wp:term":[{"taxonomy":"category","embeddable":true,"href":"https:\/\/linitiative.ca\/International\/wp-json\/wp\/v2\/categories?post=121537"},{"taxonomy":"post_tag","embeddable":true,"href":"https:\/\/linitiative.ca\/International\/wp-json\/wp\/v2\/tags?post=121537"}],"curies":[{"name":"wp","href":"https:\/\/api.w.org\/{rel}","templated":true}]}}