{"id":121539,"date":"2021-07-15T04:14:58","date_gmt":"2021-07-15T08:14:58","guid":{"rendered":"https:\/\/linitiative.ca\/International\/climat-des-affaires-ladministration-ne-veut-pas-discuter-fiscalite-avec-le-gicam\/"},"modified":"2021-07-15T04:14:58","modified_gmt":"2021-07-15T08:14:58","slug":"climat-des-affaires-ladministration-ne-veut-pas-discuter-fiscalite-avec-le-gicam","status":"publish","type":"post","link":"https:\/\/linitiative.ca\/International\/climat-des-affaires-ladministration-ne-veut-pas-discuter-fiscalite-avec-le-gicam\/","title":{"rendered":"Climat des affaires : l\u2019administration ne veut pas discuter fiscalit\u00e9 avec le Gicam"},"content":{"rendered":"<div>\n<p>Ce n\u2019est un secret pour personne que le fisc et les entreprises sont comme des chats et des souris. Au Cameroun particuli\u00e8rement, les relations entre les imp\u00f4ts et le plus grand mouvement patronal du pays qu\u2019est le Groupement interpatronal du Cameroun (Gicam), sont tr\u00e8s tendues. Et pour cause : le syst\u00e8me fiscal est jug\u00e9 par le patronat comme \u00ab confiscatoire \u00bb, ne permettant pas le d\u00e9veloppement des affaires au Cameroun. C\u2019est pour \u00eatre sur la m\u00eame longueur d\u2019ondes que le Gicam a organis\u00e9 le 9 juillet 2021 \u00e0 Yaound\u00e9, la 3e \u00e9dition du d\u00e9bat patronal du Gicam qui a questionn\u00e9 la fiscalit\u00e9. \u00ab Quand on interroge les entreprises, pour 95,6% de celles-ci leur premier probl\u00e8me est le probl\u00e8me fiscal. Comment peut-on ne pas parler d\u2019un probl\u00e8me qui est important pour nous \u00bb, lance C\u00e9lestin Tawamba pour justifier la rencontre. Avec pour objectif vis\u00e9 de rendre le syst\u00e8me fiscal plus rationnel et lui permettre de contribuer au d\u00e9veloppement du pays.<\/p>\n<p><strong>Lire aussi<\/strong> : <strong><a href=\"https:\/\/ecomatin.net\/climat-des-affaires-le-gicam-propose-un-nouveauu-cadre-de-dialogue-public-prive\/\">Climat des affaires : le Gicam propose un nouveau cadre de dialogue public\/priv\u00e9<\/a><\/strong><\/p>\n<p>Pour \u00e9difier l\u2019assistance pr\u00e9sente compos\u00e9e des chefs d\u2019entreprises, d\u2019universitaires, des membres du gouvernement dont le ministre du Travail et de la s\u00e9curit\u00e9 sociale, Gr\u00e9goire Owona et son coll\u00e8gue des Mines et du d\u00e9veloppement technologique, Gabriel Dodo Ndoke. Le panel \u00e9tait constitu\u00e9 d\u2019un \u00ab keynote speaker \u00bb, le Dr Ekou\u00e9 Ama\u00efzo ; de Laure Kenmogne Djoumessi, pr\u00e9sidente de la commission fiscale, parafiscale et douani\u00e8re du Gicam, d\u2019Emmanuel Wafo Foko, promoteur et g\u00e9rant de la soci\u00e9t\u00e9 MIT Africa Sarl ; d\u2019Alain Symphorien Ndzana Biloa, inspecteur principal des imp\u00f4ts et auteur de plusieurs ouvrages dont \u2018\u2018Un syst\u00e8me fiscale international 3G pour financer le d\u00e9veloppement durable\u2019\u2019. Le seul couac not\u00e9 est l\u2019absence des responsables de la direction g\u00e9n\u00e9rale des imp\u00f4ts, la direction g\u00e9n\u00e9rale des douanes et le minist\u00e8re des Finances, qui selon le mod\u00e9rateur du jour, le journaliste de RFI Alain Foka, auraient d\u00e9clin\u00e9 l\u2019invitation.<\/p>\n<p><strong>Lire aussi<\/strong> : <strong><a href=\"https:\/\/ecomatin.net\/cameroun-le-fmi-soutient-la-proposition-du-gicam-pour-un-audit-du-systeme-fiscal\/\">Cameroun : le FMI soutient la proposition du Gicam pour un audit du syst\u00e8me fiscal<\/a><\/strong><\/p>\n<p>Abordant la probl\u00e9matique en d\u00e9bat, le patronat n\u2019y est pas all\u00e9 de main morte avec les multiples reproches en direction du syst\u00e8me fiscal camerounais. Avec en priorit\u00e9 le syst\u00e8me d\u2019imposition [il est pr\u00e9vu ici un imp\u00f4t sur les soci\u00e9t\u00e9s de 30% pour les PME et 33 % pour les grandes entreprises, et un pr\u00e9compte de 2,2% sur le chiffre d\u2019affaires, ndlr]. \u00ab On reproche \u00e0 l\u2019administration de consid\u00e9rer l\u2019imp\u00f4t plus comme un instrument de d\u00e9veloppement. Comment peut-on imposer sur le chiffre d\u2019affaires\u00bb, argue Laure Kenmogne Djoumessi, avant de rajouter \u00ab une entreprise qui a par exemple un chiffre d\u2019affaires de 100 Fcfa, pour gagner ce chiffre d\u2019affaires, l\u2019entreprise d\u00e9pense 98 Fcfa. \u00c7a veut dire concr\u00e8tement que l\u2019entreprise en question a gagn\u00e9 2 FCfa. Dans le syst\u00e8me de la loi fiscale actuelle, l\u2019entreprise doit payer 33% de 2 FCFA. L\u2019actuel syst\u00e8me pr\u00e9voit que l\u2019entreprise en question doit payer un chiffre d\u2019affaires minimum qui est de 2%. En conclusion, l\u2019entreprise qui a gagn\u00e9 2 Fcfa paiera 2,2% sur les 100 Fcfa \u00bb. Elle sera suivie dans cette lanc\u00e9e par le pr\u00e9sident du Gicam, C\u00e9lestin Tawamba, pour qui l\u2019imp\u00f4t au Cameroun est confiscatoire. \u00ab Imposer sur le chiffre d\u2019affaires et sur le b\u00e9n\u00e9fice, c\u2019est faire une fiscalit\u00e9 pr\u00e9datrice \u00bb, indique-t-il. Pour mieux \u00e9difier le parterre d\u2019invit\u00e9s pr\u00e9sents, le Gicam s\u2019est appuy\u00e9 sur l\u2019exp\u00e9rience de la C\u00f4te d\u2019Ivoire, repr\u00e9sent\u00e9e pour l\u2019occasion sur le panel par Dominique Taty, conseil juridique et fiscal, associ\u00e9 PwC C\u00f4te d\u2019Ivoire, pr\u00e9sident de la Commission Fiscale de la Cgeci. Il fait alors savoir que dans ce pays consid\u00e9r\u00e9 comme ayant des similitudes avec le Cameroun, que la taxe sur le chiffre d\u2019affaires est de 0,5% et plafonn\u00e9e \u00e0 35 millions de Fcfa.<\/p>\n<p><strong>Dialogue<\/strong><\/p>\n<p>\u00abNous voulons aujourd\u2019hui pouvoir d\u00e9finir un pacte de confiance, de performances avec notre administration. \u00c9coutez-nous, mettons en place les mesures que nous proposons pour \u00e9largir l\u2019assiette fiscale \u00bb, confie C\u00e9lestin Tawamba. Regroupant au sein de son mouvement patronal la majeure partie des grandes et moyennes entreprises, le Gicam, s\u2019est toujours plac\u00e9 dans une posture de dialogue avec les autorit\u00e9s pour l\u2019am\u00e9lioration du syst\u00e8me fiscal. Plusieurs actions et espaces de concertation tels que la rencontre du jour ont \u00e9t\u00e9 organis\u00e9s par le patronat dans ce sens, notamment le Cameroon business Forum, les \u00e9tudes compl\u00e9mentaires dans le cadre du Livre blanc du Gicam pour l\u2019\u00e9conomie camerounaise\u2026 Notons en guise d\u2019exemple d\u2019un point de convergence entre les deux parties malgr\u00e9 leur tension, l\u2019adoption dans la loi des finances 2019 de 73% des mesures douani\u00e8res propos\u00e9es par le Gicam et 71% des mesures fiscales. Cette loi a \u00e9t\u00e9 d\u00e9nomm\u00e9e \u00ab la loi du Gicam \u00bb par certains analystes.<\/p>\n<p><strong>Les pistes pour l\u2019am\u00e9lioration du syst\u00e8me fiscal au Cameroun<\/strong><\/p>\n<p>Durant les \u00e9changes sus \u00e9voqu\u00e9s, plusieurs propositions pouvant contribuer \u00e0 am\u00e9liorer le syst\u00e8me fiscal au Cameroun ont \u00e9t\u00e9 \u00e9voqu\u00e9es. L\u2019exemple venant directement du pr\u00e9sident du (Gicam), C\u00e9lestin Tawamba. \u00ab Nous n\u2019avons pas besoin d\u2019une fiscalit\u00e9 punitive. Nous avons besoin d\u2019une fiscalit\u00e9 de d\u00e9veloppement qui permette non seulement aux entreprises de se d\u00e9velopper mais aussi \u00e0 l\u2019Etat d\u2019accro\u00eetre ses recettes fiscales. Personne n\u2019est plus soucieux du devenir de l\u2019Etat que l\u2019entreprise\u2026 \u00bb, fait-il savoir. Il sera suivi par son Vice-pr\u00e9sident, Emmanuel de Tailly, directeur g\u00e9n\u00e9ral du Groupe des Brasseries du Cameroun (Sabc). Il plaide, lui aussi, pour une fiscalit\u00e9 de d\u00e9veloppement, mais en plus \u00abune politique fiscale stable, efficace et \u00e9quitable \u00bb.<\/p>\n<p><strong>Lire aussi<\/strong> : <strong><a href=\"https:\/\/ecomatin.net\/dialogue-public-privee-ce-que-dion-ngute-va-fairee-au-gicam\/\">Dialogue public-priv\u00e9 : ce que Dion Ngute va faire au Gicam<\/a><\/strong><\/p>\n<p>Selon des donn\u00e9es du Gicam, il y a 10 ans, 0,8% d\u2019entreprises contribuaient pour 80% des recettes fiscales ; aujourd\u2019hui, 0,7% d\u2019entreprises contribuent pour 80% des recettes fiscales. Chose qui motive la proposition du directeur g\u00e9n\u00e9ral du Groupe Sabc \u00e0 proposer au gouvernement de \u00ab publier la liste de ceux qui payent : entreprises, secteur d\u2019activit\u00e9s,\u2026 \u00bb. Un regard externe \u00e0 celui du Gicam est celui de l\u2019\u00e9conomiste Dieudonn\u00e9 Essomba, qui a intervenu en sa qualit\u00e9 d\u2019ancien cadre du minist\u00e8re du Plan et de l\u2019\u00e9conomie du Cameroun. \u00abIl faut revoir la gouvernance macro\u00e9conomique et bien d\u00e9finir le r\u00f4le de la politique fiscale et le r\u00f4le de l\u2019entrepreneur \u00bb, a-t-il indiqu\u00e9.<\/p>\n<p>L\u2019article <a rel=\"nofollow\" href=\"https:\/\/ecomatin.net\/climat-des-affaires-ladministrationn-ne-veut-pass-discuter-fiscalite-avec-le-gicam\/\">Climat des affaires : l\u2019administration ne veut pas discuter fiscalit\u00e9 avec le Gicam<\/a> est apparu en premier sur <a rel=\"nofollow\" href=\"https:\/\/ecomatin.net\/\">EcoMatin<\/a>.<\/p>\n<\/div>\n<p>Auteur: EcoMatin<br \/>\n<a href=\"https:\/\/ecomatin.net\/climat-des-affaires-ladministrationn-ne-veut-pass-discuter-fiscalite-avec-le-gicam\/\">Cliquez ici pour lire l&rsquo;article depuis sa source.<\/a><\/p>\n","protected":false},"excerpt":{"rendered":"<p>Ce n\u2019est un secret pour personne que le fisc et les entreprises sont comme des chats et des souris. Au Cameroun particuli\u00e8rement, les relations entre les imp\u00f4ts et le plus grand mouvement patronal du pays qu\u2019est le Groupement interpatronal du Cameroun (Gicam), sont tr\u00e8s tendues. Et pour cause : le syst\u00e8me fiscal est jug\u00e9 par [&hellip;]<\/p>\n","protected":false},"author":1969,"featured_media":0,"comment_status":"closed","ping_status":"closed","sticky":false,"template":"","format":"standard","meta":{"fifu_image_url":"","fifu_image_alt":"","footnotes":""},"categories":[82,78],"tags":[],"class_list":["post-121539","post","type-post","status-publish","format-standard","hentry","category-cameroun","category-economie"],"_links":{"self":[{"href":"https:\/\/linitiative.ca\/International\/wp-json\/wp\/v2\/posts\/121539","targetHints":{"allow":["GET"]}}],"collection":[{"href":"https:\/\/linitiative.ca\/International\/wp-json\/wp\/v2\/posts"}],"about":[{"href":"https:\/\/linitiative.ca\/International\/wp-json\/wp\/v2\/types\/post"}],"author":[{"embeddable":true,"href":"https:\/\/linitiative.ca\/International\/wp-json\/wp\/v2\/users\/1969"}],"replies":[{"embeddable":true,"href":"https:\/\/linitiative.ca\/International\/wp-json\/wp\/v2\/comments?post=121539"}],"version-history":[{"count":0,"href":"https:\/\/linitiative.ca\/International\/wp-json\/wp\/v2\/posts\/121539\/revisions"}],"wp:attachment":[{"href":"https:\/\/linitiative.ca\/International\/wp-json\/wp\/v2\/media?parent=121539"}],"wp:term":[{"taxonomy":"category","embeddable":true,"href":"https:\/\/linitiative.ca\/International\/wp-json\/wp\/v2\/categories?post=121539"},{"taxonomy":"post_tag","embeddable":true,"href":"https:\/\/linitiative.ca\/International\/wp-json\/wp\/v2\/tags?post=121539"}],"curies":[{"name":"wp","href":"https:\/\/api.w.org\/{rel}","templated":true}]}}