{"id":121540,"date":"2021-07-15T04:40:06","date_gmt":"2021-07-15T08:40:06","guid":{"rendered":"https:\/\/linitiative.ca\/International\/bertoua-le-prix-de-la-tomate-passe-du-simple-au-triple\/"},"modified":"2021-07-15T04:40:06","modified_gmt":"2021-07-15T08:40:06","slug":"bertoua-le-prix-de-la-tomate-passe-du-simple-au-triple","status":"publish","type":"post","link":"https:\/\/linitiative.ca\/International\/bertoua-le-prix-de-la-tomate-passe-du-simple-au-triple\/","title":{"rendered":"Bertoua : le prix de la tomate passe du simple au triple"},"content":{"rendered":"<div>\n<p>Les indicateurs de la raret\u00e9 des fruits de tomate sur le march\u00e9 dans la ville de Bertoua, r\u00e9gion de l\u2019Est sont nombreux. \u00ab Il n\u2019y a plus la tomate au march\u00e9 donc je ne peux plus saucer votre haricot avec la sauce tomate comme d\u2019habitude \u00bb, lance la tenanci\u00e8re d\u2019un restaurant \u00e0 l\u2019un de ses clients. Dans le m\u00eame quartier, une autre d\u00e9taillante des produits alimentaires confirme la m\u00eame tendance. \u00ab Quand il y a la tomate, on vend 10 fruits \u00e0 100 F, ce qui fait que quand j\u2019ach\u00e8te la tomate de 500 F, je la revends \u00e0 700 F pour avoir un b\u00e9n\u00e9fice de 200 F. Maintenant on vend 4 fruits \u00e0 100 F. C\u2019est pourquoi je n\u2019ach\u00e8te plus la tomate \u00bb.<\/p>\n<p>Au march\u00e9 central de Bertoua, samedi 10 juillet 2021, la p\u00e9nurie de la tomate est perceptible. Dans l\u2019espace consacr\u00e9e \u00e0 la vente en gros de cette sp\u00e9culation, seuls deux caisses de tomate \u00e9taient disponibles vers 10 heures lors du passage du reporter d\u2019EcoMatin. Or selon Jean Claude Menzepo, l\u2019unique producteur trouv\u00e9 sur les lieux, \u00ab quand les champs de tomate r\u00e9ussissent, on peut avoir plus de 100 caisses chaque jour, maintenant, on n\u2019arrive pas \u00e0 avoir 20 caisses \u00bb. Pour expliquer cette p\u00e9nurie, notre interlocuteur qui totalise une quinzaine d\u2019ann\u00e9es dans cette activit\u00e9 \u00e9voque plusieurs raisons. \u00ab Le rendement dans les champs cette saison a \u00e9t\u00e9 impact\u00e9 n\u00e9gativement par les variations climatiques notamment au niveau des pluies vari\u00e9es. On a aussi not\u00e9 que les plantes de tomate mourraient parce qu\u2019elles ont \u00e9t\u00e9 attaqu\u00e9es par les insectes\u00a0\u00bb.<\/p>\n<p>L\u2019autre raison de la p\u00e9nurie est que beaucoup de jardiniers n\u2019ont plus cultiv\u00e9 cette saison \u00e0 cause de l\u2019impact n\u00e9gatif du Covid-19 en 2020 puisque des grandes quantit\u00e9s de tomates ont pourri ici au march\u00e9 parce que les grands clients du Gabon ne venaient plus. Enfin, s\u2019il y a raret\u00e9, c\u2019est parce qu\u2019avec la reprise des activit\u00e9s, la demande des centres urbains, le Grand-Nord, le Gabon, et la Guin\u00e9e Equatoriale. La cons\u00e9quence directe de cette p\u00e9nurie c\u2019est la hausse du prix d\u2019une caisse de tomate qui se vend d\u00e9sormais entre 25 000 et 30.000 F alors qu\u2019en 2020 pendant la p\u00e9riode forte de la crise sanitaire on la liquidait entre 5000 et 8000 F selon les producteurs.<\/p>\n<p><strong>Martin Foula\u00a0<\/strong><\/p>\n<p>L\u2019article <a rel=\"nofollow\" href=\"https:\/\/ecomatin.net\/bertoua-lle-prix-de-la-ttomate-passe-du-simple-au-triple\/\">Bertoua : le prix de la tomate passe du simple au triple<\/a> est apparu en premier sur <a rel=\"nofollow\" href=\"https:\/\/ecomatin.net\/\">EcoMatin<\/a>.<\/p>\n<\/div>\n<p>Auteur: EcoMatin<br \/>\n<a href=\"https:\/\/ecomatin.net\/bertoua-lle-prix-de-la-ttomate-passe-du-simple-au-triple\/\">Cliquez ici pour lire l&rsquo;article depuis sa source.<\/a><\/p>\n","protected":false},"excerpt":{"rendered":"<p>Les indicateurs de la raret\u00e9 des fruits de tomate sur le march\u00e9 dans la ville de Bertoua, r\u00e9gion de l\u2019Est sont nombreux. \u00ab Il n\u2019y a plus la tomate au march\u00e9 donc je ne peux plus saucer votre haricot avec la sauce tomate comme d\u2019habitude \u00bb, lance la tenanci\u00e8re d\u2019un restaurant \u00e0 l\u2019un de ses [&hellip;]<\/p>\n","protected":false},"author":1969,"featured_media":0,"comment_status":"closed","ping_status":"closed","sticky":false,"template":"","format":"standard","meta":{"fifu_image_url":"","fifu_image_alt":"","footnotes":""},"categories":[82,78],"tags":[],"class_list":["post-121540","post","type-post","status-publish","format-standard","hentry","category-cameroun","category-economie"],"_links":{"self":[{"href":"https:\/\/linitiative.ca\/International\/wp-json\/wp\/v2\/posts\/121540","targetHints":{"allow":["GET"]}}],"collection":[{"href":"https:\/\/linitiative.ca\/International\/wp-json\/wp\/v2\/posts"}],"about":[{"href":"https:\/\/linitiative.ca\/International\/wp-json\/wp\/v2\/types\/post"}],"author":[{"embeddable":true,"href":"https:\/\/linitiative.ca\/International\/wp-json\/wp\/v2\/users\/1969"}],"replies":[{"embeddable":true,"href":"https:\/\/linitiative.ca\/International\/wp-json\/wp\/v2\/comments?post=121540"}],"version-history":[{"count":0,"href":"https:\/\/linitiative.ca\/International\/wp-json\/wp\/v2\/posts\/121540\/revisions"}],"wp:attachment":[{"href":"https:\/\/linitiative.ca\/International\/wp-json\/wp\/v2\/media?parent=121540"}],"wp:term":[{"taxonomy":"category","embeddable":true,"href":"https:\/\/linitiative.ca\/International\/wp-json\/wp\/v2\/categories?post=121540"},{"taxonomy":"post_tag","embeddable":true,"href":"https:\/\/linitiative.ca\/International\/wp-json\/wp\/v2\/tags?post=121540"}],"curies":[{"name":"wp","href":"https:\/\/api.w.org\/{rel}","templated":true}]}}