{"id":121541,"date":"2021-07-15T09:19:09","date_gmt":"2021-07-15T13:19:09","guid":{"rendered":"https:\/\/linitiative.ca\/International\/tcs-edgard-alain-mebe-ngoo-remet-en-cause-la-pertinence-des-accusations-du-ministere-public\/"},"modified":"2021-07-15T09:19:09","modified_gmt":"2021-07-15T13:19:09","slug":"tcs-edgard-alain-mebe-ngoo-remet-en-cause-la-pertinence-des-accusations-du-ministere-public","status":"publish","type":"post","link":"https:\/\/linitiative.ca\/International\/tcs-edgard-alain-mebe-ngoo-remet-en-cause-la-pertinence-des-accusations-du-ministere-public\/","title":{"rendered":"TCS : Edgard Alain Mebe Ngo\u2019o remet en cause la pertinence des accusations du Minist\u00e8re public"},"content":{"rendered":"<div>\n<p>Edgard Alain Mebe Ngo\u2019o remet en cause la pertinence des accusations du Minist\u00e8re public. L\u2019accus\u00e9 observe que les montants des d\u00e9tournements de biens publics \u00e0 lui imput\u00e9s sont sup\u00e9rieurs \u00e0 ceux d\u00e9bloqu\u00e9s par l\u2019Etat. Comment en est-on arriv\u00e9 l\u00e0\u00a0?\u00a0\u00ab\u00a0L\u2019accusation a additionn\u00e9 au montant des march\u00e9s, le montant des surfacturations, plus le d\u00e9tournement des retenues \u00e0 la source.\u00a0\u00bb\u00a0D\u2019apr\u00e8s l\u2019ex-ministre d\u00e9l\u00e9gu\u00e9 \u00e0 la Pr\u00e9sidence charg\u00e9 de la d\u00e9fense, (Mindef),\u00a0\u00ab\u00a0les \u00e9valuations qui ont \u00e9t\u00e9 faites pour soutenir l\u2019accusation contiennent des incongruit\u00e9s et des absurdit\u00e9s arithm\u00e9tiques\u00a0qui remettent en cause la pertinence, la sinc\u00e9rit\u00e9 et la r\u00e9alit\u00e9 de cette accusation.\u00a0\u00bb\u00a0L\u2019accus\u00e9 a \u00e9t\u00e9 interrog\u00e9 par son conseil, Me Amougou Ko\u00e9, le 14 juillet au Tribunal criminel sp\u00e9cial (Tcs). L\u2019interrogatoire a port\u00e9 sur les march\u00e9s publics pass\u00e9s au cours des ann\u00e9es 2012 et 2013.<\/p>\n<p><strong>March\u00e9s dits surfactur\u00e9s et fictifs<\/strong><\/p>\n<p>L\u2019accusation \u00e9voque les march\u00e9s dits fictifs et les march\u00e9s surfactur\u00e9s.\u00a0\u00a0Le montant des surfacturations pour l\u2019ann\u00e9e 2012 est de 903,3 millions de FCFA. On note 04 march\u00e9s dits fictifs, pour un montant total de\u00a0\u00a06 milliards 285 millions 289 mille 261 FCFA. Parmi ces march\u00e9s, 03 sont qualifi\u00e9s \u00e0 la fois de fictifs et de surfactur\u00e9s\u00a0: Il s\u2019agit de\u00a0: -march\u00e9 dit fictif cot\u00e9 R-1782, d\u2019un montant de 993 millions 095 mille 500 Fcfa, plus une surfacturation de 392 millions 274 mille Fcfa, soit un montant de 01 milliard 385 millions 369 mille 500 Fcfa\u00a0; -march\u00e9 dit fictif cot\u00e9 R-1783, d\u2019un montant de 01 milliard 151 millions 366 mille 860 Fcfa plus 105 millions 280 mille Fcfa de surfacturation suppos\u00e9e, soit 01 milliard 256 millions 846 mille 860 Fcfa. Le total du d\u00e9tournement est de 04 milliard 075 millions 444 mille 311 FCFA.<\/p>\n<p><strong>Lire aussi<\/strong> : <strong><a href=\"https:\/\/ecomatin.net\/operation-epervier-mebe-ngoo-accuse-lanif-davoir-produit-une-correspondance-mensongere-pour-motiver-son-arrestation\/\">Op\u00e9ration \u00e9pervier : pourquoi Mebe Ngo\u2019o accuse l\u2019Anif<\/a><\/strong><\/p>\n<p>Pour l\u2019ann\u00e9e 2013, le montant du d\u00e9tournement all\u00e9gu\u00e9 par le biais des surfacturations est de 869 millions 835 mille 725 Fcfa. Les march\u00e9s dits fictifs\u00a0sont de l\u2019ordre de\u00a0\u00a005 milliards 283 millions 811 mille 746 Fcfa. Vient se greffer \u00e0 ces montants, la somme de 375 millions Fcfa. Cet argent r\u00e9sulte des d\u00e9cisions de d\u00e9blocage de fonds sans pi\u00e8ces d\u2019emploi. Le montant total du d\u00e9tournement est de 06 milliards 153 millions 649 mille 471 FCFA.\u00a0<\/p>\n<p><strong>Taxe sur la valeur ajout\u00e9e<\/strong><\/p>\n<p>Cette kyrielle de griefs plonge l\u2019accus\u00e9 dans le d\u00e9sarroi\u00a0:\u00a0\u00ab\u00a0Avec tout le respect que je vous dois, madame la pr\u00e9sidente, je me demande d\u2019o\u00f9 sortent ces chiffres. Je r\u00e9fute l\u2019accusation de d\u00e9tournement. La d\u00e9monstration qui en a \u00e9t\u00e9 faite est manifestement fausse et personnellement, j\u2019ai honte.\u00a0\u00bb<em>\u00a0<\/em>Edgard Alain Mebe est ensuite interpell\u00e9 sur le d\u00e9tournement all\u00e9gu\u00e9 de la somme de 26 milliards Fcfa. Cet argent d\u00e9coule du calcul des retenues \u00e0 la source de la Taxe sur la Valeur ajout\u00e9e (Tva), et de l\u2019Imp\u00f4t sur le revenu (Ir).\u00a0<em>\u00ab<\/em>\u00a0Comment cela pourrait \u00eatre possible\u00a0?\u00a0<em>\u00bb<\/em>\u00a0Ainsi, r\u00e9agit l\u2019ex-Mindef. Ce dernier indique que les taxes et imp\u00f4ts sus-\u00e9voqu\u00e9s sont directement pr\u00e9lev\u00e9s \u00e0 la source au moment du d\u00e9caissement. D\u00e8s lors,\u00a0\u00ab\u00a0c\u2019est une incongruit\u00e9. Je ne reviendrai pas sur l\u2019\u00e9quilibre psychologique du t\u00e9moin de l\u2019accusation.\u00a0\u00bb<\/p>\n<p><strong>Lire aussi<\/strong> : <strong><a href=\"https:\/\/ecomatin.net\/affaire-mebe-ngoo-comment-victor-menye-a-fait-de-scb-la-plaque-tournante-des-operations-de-detournement\/\">Affaire Mebe Ngo\u2019o : comment Victor Menye a fait de SCB la \u00ab plaque tournante \u00bb des op\u00e9rations de d\u00e9tournement<\/a><\/strong><\/p>\n<p>Edgard Alain Mebe Ngo\u2019o se prononce sur le bon d\u2019engagement. L\u2019ex-mindef note que le document soumis \u00e0 son appr\u00e9ciation est vis\u00e9 par le contr\u00f4leur financier, monsieur Nimb\u00e9 Didier Patrice.\u00a0\u00ab\u00a0Son visa conf\u00e8re la conformit\u00e9 au bon d\u2019engagement.\u00a0\u00bb<em>\u00a0<\/em>Edgard Alain Mebe Ngo\u2019o ajoute que\u00a0\u00a0le bon d\u2019engagement renseigne par ailleurs sur la proc\u00e9dure que le Minist\u00e8re des Finances a d\u00e9cid\u00e9 d\u2019utiliser.\u00a0\u00ab\u00a0Il s\u2019agit de la proc\u00e9dure simplifi\u00e9e, d\u00e9rogatoire \u00e0 la proc\u00e9dure normale de l\u2019ex\u00e9cution de la d\u00e9pense publique.\u00a0\u00bb<em>\u00a0<\/em>L\u2019ex-Mindef est \u00e9galement interrog\u00e9 sur les articles 04, 07 et 13 des march\u00e9s. Ces articles traitent du paiement, de la commission de r\u00e9ception, et de la validit\u00e9 suivie de l\u2019entr\u00e9e en vigueur.\u00a0\u00a0Edgard Alain Mebe Ngo\u2019o indique que l\u2019article 13 dispose que\u00a0le march\u00e9 sp\u00e9cial ne sera d\u00e9finitif qu\u2019apr\u00e8s la signature du ministre secr\u00e9taire g\u00e9n\u00e9ral de la Pr\u00e9sidence de la R\u00e9publique.\u00a0\u00ab\u00a0Ce march\u00e9 dont le montant est sup\u00e9rieur \u00e0 200 millions Fcfa a bel et bien \u00e9t\u00e9 sign\u00e9 (le 5 avril 2012) par monsieur Ferdinand Ngoh Ngoh.\u00a0\u00bb\u00a0La suite de l\u2019audience a lieu ce 15 juillet.\u00a0\u00a0<\/p>\n<p><strong>Ren\u00e9 Ombala<\/strong><\/p>\n<p>L\u2019article <a rel=\"nofollow\" href=\"https:\/\/ecomatin.net\/tcs-edgard-alain-mebe-ngoo-remet-en-cause-la-pertinence-des-accusations-du-ministere-public\/\">TCS : Edgard Alain Mebe Ngo\u2019o remet en cause la pertinence des accusations du Minist\u00e8re public<\/a> est apparu en premier sur <a rel=\"nofollow\" href=\"https:\/\/ecomatin.net\/\">EcoMatin<\/a>.<\/p>\n<\/div>\n<p>Auteur: EcoMatin<br \/>\n<a href=\"https:\/\/ecomatin.net\/tcs-edgard-alain-mebe-ngoo-remet-en-cause-la-pertinence-des-accusations-du-ministere-public\/\">Cliquez ici pour lire l&rsquo;article depuis sa source.<\/a><\/p>\n","protected":false},"excerpt":{"rendered":"<p>Edgard Alain Mebe Ngo\u2019o remet en cause la pertinence des accusations du Minist\u00e8re public. L\u2019accus\u00e9 observe que les montants des d\u00e9tournements de biens publics \u00e0 lui imput\u00e9s sont sup\u00e9rieurs \u00e0 ceux d\u00e9bloqu\u00e9s par l\u2019Etat. Comment en est-on arriv\u00e9 l\u00e0\u00a0?\u00a0\u00ab\u00a0L\u2019accusation a additionn\u00e9 au montant des march\u00e9s, le montant des surfacturations, plus le d\u00e9tournement des retenues \u00e0 [&hellip;]<\/p>\n","protected":false},"author":1969,"featured_media":0,"comment_status":"closed","ping_status":"closed","sticky":false,"template":"","format":"standard","meta":{"fifu_image_url":"","fifu_image_alt":"","footnotes":""},"categories":[82,78],"tags":[],"class_list":["post-121541","post","type-post","status-publish","format-standard","hentry","category-cameroun","category-economie"],"_links":{"self":[{"href":"https:\/\/linitiative.ca\/International\/wp-json\/wp\/v2\/posts\/121541","targetHints":{"allow":["GET"]}}],"collection":[{"href":"https:\/\/linitiative.ca\/International\/wp-json\/wp\/v2\/posts"}],"about":[{"href":"https:\/\/linitiative.ca\/International\/wp-json\/wp\/v2\/types\/post"}],"author":[{"embeddable":true,"href":"https:\/\/linitiative.ca\/International\/wp-json\/wp\/v2\/users\/1969"}],"replies":[{"embeddable":true,"href":"https:\/\/linitiative.ca\/International\/wp-json\/wp\/v2\/comments?post=121541"}],"version-history":[{"count":0,"href":"https:\/\/linitiative.ca\/International\/wp-json\/wp\/v2\/posts\/121541\/revisions"}],"wp:attachment":[{"href":"https:\/\/linitiative.ca\/International\/wp-json\/wp\/v2\/media?parent=121541"}],"wp:term":[{"taxonomy":"category","embeddable":true,"href":"https:\/\/linitiative.ca\/International\/wp-json\/wp\/v2\/categories?post=121541"},{"taxonomy":"post_tag","embeddable":true,"href":"https:\/\/linitiative.ca\/International\/wp-json\/wp\/v2\/tags?post=121541"}],"curies":[{"name":"wp","href":"https:\/\/api.w.org\/{rel}","templated":true}]}}