{"id":121542,"date":"2021-07-15T09:31:41","date_gmt":"2021-07-15T13:31:41","guid":{"rendered":"https:\/\/linitiative.ca\/International\/eau-minerale-le-gouvernement-leve-la-suspension-de-lentreprise-sano-s-a\/"},"modified":"2021-07-15T09:31:41","modified_gmt":"2021-07-15T13:31:41","slug":"eau-minerale-le-gouvernement-leve-la-suspension-de-lentreprise-sano-s-a","status":"publish","type":"post","link":"https:\/\/linitiative.ca\/International\/eau-minerale-le-gouvernement-leve-la-suspension-de-lentreprise-sano-s-a\/","title":{"rendered":"Eau min\u00e9rale : le gouvernement l\u00e8ve la suspension de l\u2019entreprise Sano S.A."},"content":{"rendered":"<div>\n<p>Le gouvernement a lev\u00e9 la suspension de l\u2019entreprise Sano S.A., l\u2019un des embouteilleurs de l\u2019eau min\u00e9rale au Cameroun. Un arr\u00eat\u00e9 sign\u00e9 le 13 juillet dernier par le ministre des Mines, de l\u2019Industrie et du D\u00e9veloppement technologique (Minmidt), Gabriel Dodo Ndoke, et repris par nos confr\u00e8res d\u2019Investir au Cameroun, pr\u00e9cise\u00a0: \u00ab Est lev\u00e9, pour compter de la date de signature du pr\u00e9sent arr\u00eat\u00e9, la suspension des activit\u00e9s d\u2019exploitation et de conditionnement de l\u2019eau Sano par la soci\u00e9t\u00e9 Sano SA \u00bb. Cette mesure n\u2019octroie pour autant pas \u00e0 la soci\u00e9t\u00e9 la pl\u00e9nitude de la reprise de ses activit\u00e9s d\u2019antan. Elle reste soumise \u00e0 quelques conditions \u00e9dict\u00e9es par le gouvernement.<\/p>\n<p><strong>Lire aussi<\/strong> : <strong><a href=\"https:\/\/ecomatin.net\/exploitation-et-de-conditionnement-deau-lentreprise-sano-suspendue-pour-6-mois\/\">Exploitation et conditionnement d\u2019eau : l\u2019entreprise SANO suspendue pour 6 mois<\/a><\/strong><\/p>\n<p>Cependant, \u00ab le conditionnement des gammes de 5 et 10 litres demeure interdit jusqu\u2019\u00e0 l\u2019acquisition d\u2019une cha\u00eene compl\u00e8te automatique desdites gammes \u00bb, indique le ministre, qui prescrit \u00e9galement \u00e0 l\u2019entreprise de modifier sur ses \u00e9tiquettes la d\u00e9nomination \u00ab\u00a0Eau min\u00e9rale naturelle\u00a0\u00bb et de la remplacer par \u00ab\u00a0Eau min\u00e9rale Sano\u00a0\u00bb.<\/p>\n<p>L\u2019entreprise Sano S.A. est donc autoris\u00e9e \u00e0 reprendre l\u2019exploitation et le conditionnement de ses produits. Quid de la commercialisation\u00a0? En effet, le retrait sur le march\u00e9 de ses produits avait fait l\u2019objet d\u2019un autre arr\u00eat\u00e9 du ministre du Commerce Luc Magloire Mbarga Atangana, \u00e0 la suite des r\u00e9serves de son homologue des Mines, de l\u2019Industrie et du D\u00e9veloppement technologique dans sa d\u00e9cision du 4 mars dernier. Il va sans dire que le Mincommerce devrait \u00e0 son tour prendre un autre arr\u00eat\u00e9 pour autoriser \u00e0 nouveau la commercialisation de cette eau.<\/p>\n<p><strong>Lire aussi<\/strong> : <strong><a href=\"https:\/\/ecomatin.net\/affaire-sano-lentreprise-defend-la-mineralite-de-son-eau\/\">Affaire Sano : l\u2019entreprise d\u00e9fend la min\u00e9ralit\u00e9 de son eau<\/a><\/strong><\/p>\n<p>Le 4 mars dernier, le Minmidt a d\u00e9cid\u00e9 de suspendre les activit\u00e9s de cette entreprise, invoquant \u00ab le non-respect des normes d\u2019exploitation et de conditionnement des bouteilles et des bonbonnes d\u2019eau destin\u00e9es \u00e0 la consommation du public \u00bb.<\/p>\n<p>L\u2019article <a rel=\"nofollow\" href=\"https:\/\/ecomatin.net\/eau-minerale-le-gouvernement-leve-la-suspension-de-lentreprise-sano-s-a\/\">Eau min\u00e9rale : le gouvernement l\u00e8ve la suspension de l\u2019entreprise Sano S.A.<\/a> est apparu en premier sur <a rel=\"nofollow\" href=\"https:\/\/ecomatin.net\/\">EcoMatin<\/a>.<\/p>\n<\/div>\n<p>Auteur: Yannick KENNE<br \/>\n<a href=\"https:\/\/ecomatin.net\/eau-minerale-le-gouvernement-leve-la-suspension-de-lentreprise-sano-s-a\/\">Cliquez ici pour lire l&rsquo;article depuis sa source.<\/a><\/p>\n","protected":false},"excerpt":{"rendered":"<p>Le gouvernement a lev\u00e9 la suspension de l\u2019entreprise Sano S.A., l\u2019un des embouteilleurs de l\u2019eau min\u00e9rale au Cameroun. Un arr\u00eat\u00e9 sign\u00e9 le 13 juillet dernier par le ministre des Mines, de l\u2019Industrie et du D\u00e9veloppement technologique (Minmidt), Gabriel Dodo Ndoke, et repris par nos confr\u00e8res d\u2019Investir au Cameroun, pr\u00e9cise\u00a0: \u00ab Est lev\u00e9, pour compter de [&hellip;]<\/p>\n","protected":false},"author":1969,"featured_media":0,"comment_status":"closed","ping_status":"closed","sticky":false,"template":"","format":"standard","meta":{"fifu_image_url":"","fifu_image_alt":"","footnotes":""},"categories":[82,78],"tags":[],"class_list":["post-121542","post","type-post","status-publish","format-standard","hentry","category-cameroun","category-economie"],"_links":{"self":[{"href":"https:\/\/linitiative.ca\/International\/wp-json\/wp\/v2\/posts\/121542","targetHints":{"allow":["GET"]}}],"collection":[{"href":"https:\/\/linitiative.ca\/International\/wp-json\/wp\/v2\/posts"}],"about":[{"href":"https:\/\/linitiative.ca\/International\/wp-json\/wp\/v2\/types\/post"}],"author":[{"embeddable":true,"href":"https:\/\/linitiative.ca\/International\/wp-json\/wp\/v2\/users\/1969"}],"replies":[{"embeddable":true,"href":"https:\/\/linitiative.ca\/International\/wp-json\/wp\/v2\/comments?post=121542"}],"version-history":[{"count":0,"href":"https:\/\/linitiative.ca\/International\/wp-json\/wp\/v2\/posts\/121542\/revisions"}],"wp:attachment":[{"href":"https:\/\/linitiative.ca\/International\/wp-json\/wp\/v2\/media?parent=121542"}],"wp:term":[{"taxonomy":"category","embeddable":true,"href":"https:\/\/linitiative.ca\/International\/wp-json\/wp\/v2\/categories?post=121542"},{"taxonomy":"post_tag","embeddable":true,"href":"https:\/\/linitiative.ca\/International\/wp-json\/wp\/v2\/tags?post=121542"}],"curies":[{"name":"wp","href":"https:\/\/api.w.org\/{rel}","templated":true}]}}