{"id":121543,"date":"2021-07-15T11:45:57","date_gmt":"2021-07-15T15:45:57","guid":{"rendered":"https:\/\/linitiative.ca\/International\/le-gouvernement-place-lapurement-de-la-dette-interieure-parmi-ses-priorites-en-2022\/"},"modified":"2021-07-15T11:45:57","modified_gmt":"2021-07-15T15:45:57","slug":"le-gouvernement-place-lapurement-de-la-dette-interieure-parmi-ses-priorites-en-2022","status":"publish","type":"post","link":"https:\/\/linitiative.ca\/International\/le-gouvernement-place-lapurement-de-la-dette-interieure-parmi-ses-priorites-en-2022\/","title":{"rendered":"Le gouvernement place l\u2019apurement de la dette int\u00e9rieure parmi ses priorit\u00e9s en 2022"},"content":{"rendered":"<div>\n<p>Le 13 juillet dernier au palais des congr\u00e8s de Yaound\u00e9, le ministre des Finances Louis Paul Motaze, a proc\u00e9d\u00e9 \u00e0 l\u2019ouverture des activit\u00e9s de pr\u00e9paration du budget de l\u2019Etat pour le compte de l\u2019exercice 2022. \u00ab\u00a0En effet, la pr\u00e9paration du budget 2022, comme celle de l\u2019exercice pr\u00e9c\u00e9dent, sera marqu\u00e9e par les effets n\u00e9gatifs de la pand\u00e9mie du covid-19\u2026\u00a0\u00bb, note le Minfi, qui ainsi donne\u00a0\u00a0le ton et les contraintes\u00a0\u00a0de l\u2019ann\u00e9e future.<\/p>\n<p><strong>Lire aussi<\/strong> : <strong><a href=\"https:\/\/ecomatin.net\/parlement-le-gouvernement-horss-delai-sur-le-debatt-dorientation-budgetaire\/\">Parlement : le gouvernement hors d\u00e9lai sur le D\u00e9bat d\u2019orientation budg\u00e9taire<\/a><\/strong><\/p>\n<p>Durant cette c\u00e9r\u00e9monie le patron des Finances Camerounais,\u00a0\u00a0a d\u00e9clin\u00e9 les axes prioritaires du budget 2022.\u00a0\u00a0En bonne place\u00a0\u00a0de l\u2019exercice budg\u00e9taire figure la mise en place de la politique d\u2019import-substitution. Ce, par des actions sp\u00e9cifiques impliquant la mise en \u0153uvre de l\u2019accroissement de la production agricole et pastorale, avec pour objectif de r\u00e9duire consid\u00e9rablement \u00e0 moyen terme, la d\u00e9pendance du pays en produits alimentaires import\u00e9s.<\/p>\n<p>Le ministre des Finances affirme \u00e9galement qu\u2019une attention particuli\u00e8re sera mise sur l\u2019apurement de la dette publique des entreprises locales.\u00a0\u00ab\u00a0 Le budget 2022 devra permettre \u00e0 l\u2019Etat\u2026 de s\u2019engager r\u00e9solument dans une op\u00e9ration de restriction et d\u2019apurement de la dette int\u00e9rieure due aux entreprises locales\u00a0\u00bb, s\u2019engage Motaze.\u00a0\u00abDette qui p\u00e8se de plus en plus sur nos finances publiques et limite la contribution de ces entit\u00e9s \u00e0 la croissance \u00e9conomique, d\u2019une mani\u00e8re globale\u00a0\u00bb, poursuit le ministre.<\/p>\n<p><strong>Lire aussi<\/strong> : <strong><a href=\"https:\/\/ecomatin.net\/programmationn-budgetaire-ambitionss-a-la-baisse-pour-le-gouvernement-en-2022\/\">Programmation budg\u00e9taire : ambitions \u00e0 la baisse pour le gouvernement en 2022<\/a><\/strong><\/p>\n<p>\u00c9ponger la dette publique int\u00e9rieure rev\u00eat un enjeu de consolidation du tissu \u00e9conomique puisque l\u2019accumulation de la dette \u00e9tatique est un frein au d\u00e9veloppement de ces entreprises et sape les efforts qu\u2019elles d\u00e9ploient pour se sortir de la trappe de la vuln\u00e9rabilit\u00e9. Au 31 d\u00e9cembre 2020, l\u2019encours de la dette publique s\u2019\u00e9l\u00e8ve \u00e0 9700 milliards de FCFA dont 73,3% de dette ext\u00e9rieure, 26,4% de dette int\u00e9rieure.<\/p>\n<p>Pour le compte de l\u2019exercice 2022, c\u2019est 5649,7\u00a0milliards de F, que l\u2019Etat esp\u00e8re mobilier au titre des recettes. Des fonds qui devraient \u00eatre consacr\u00e9s \u00e0 la r\u00e9alisation des projets grands projets en cours, la mise en \u0153uvre de la Strat\u00e9gie nationale de d\u00e9veloppement 2020-2030 (SND30), la poursuite du parach\u00e8vement de la d\u00e9centralisation, etc.\u00a0<\/p>\n<p><strong>Lire aussi<\/strong> : <strong><a href=\"https:\/\/ecomatin.net\/depenses-publiques-116-milliards-de-pluss-pour-le-budget-de-fonctionnement-en-2021\/\">D\u00e9penses publiques : 116 milliards de plus pour le budget de fonctionnement en 2021<\/a><\/strong><\/p>\n<p>L\u2019article <a rel=\"nofollow\" href=\"https:\/\/ecomatin.net\/le-gouvernement-place-lapurement-de-la-dette-interieure-parmi-ses-priorites-en-2022\/\">Le gouvernement place l\u2019apurement de la dette int\u00e9rieure parmi ses priorit\u00e9s en 2022<\/a> est apparu en premier sur <a rel=\"nofollow\" href=\"https:\/\/ecomatin.net\/\">EcoMatin<\/a>.<\/p>\n<\/div>\n<p>Auteur: Amina MALLOUM<br \/>\n<a href=\"https:\/\/ecomatin.net\/le-gouvernement-place-lapurement-de-la-dette-interieure-parmi-ses-priorites-en-2022\/\">Cliquez ici pour lire l&rsquo;article depuis sa source.<\/a><\/p>\n","protected":false},"excerpt":{"rendered":"<p>Le 13 juillet dernier au palais des congr\u00e8s de Yaound\u00e9, le ministre des Finances Louis Paul Motaze, a proc\u00e9d\u00e9 \u00e0 l\u2019ouverture des activit\u00e9s de pr\u00e9paration du budget de l\u2019Etat pour le compte de l\u2019exercice 2022. \u00ab\u00a0En effet, la pr\u00e9paration du budget 2022, comme celle de l\u2019exercice pr\u00e9c\u00e9dent, sera marqu\u00e9e par les effets n\u00e9gatifs de la [&hellip;]<\/p>\n","protected":false},"author":1969,"featured_media":0,"comment_status":"closed","ping_status":"closed","sticky":false,"template":"","format":"standard","meta":{"fifu_image_url":"","fifu_image_alt":"","footnotes":""},"categories":[82,78],"tags":[],"class_list":["post-121543","post","type-post","status-publish","format-standard","hentry","category-cameroun","category-economie"],"_links":{"self":[{"href":"https:\/\/linitiative.ca\/International\/wp-json\/wp\/v2\/posts\/121543","targetHints":{"allow":["GET"]}}],"collection":[{"href":"https:\/\/linitiative.ca\/International\/wp-json\/wp\/v2\/posts"}],"about":[{"href":"https:\/\/linitiative.ca\/International\/wp-json\/wp\/v2\/types\/post"}],"author":[{"embeddable":true,"href":"https:\/\/linitiative.ca\/International\/wp-json\/wp\/v2\/users\/1969"}],"replies":[{"embeddable":true,"href":"https:\/\/linitiative.ca\/International\/wp-json\/wp\/v2\/comments?post=121543"}],"version-history":[{"count":0,"href":"https:\/\/linitiative.ca\/International\/wp-json\/wp\/v2\/posts\/121543\/revisions"}],"wp:attachment":[{"href":"https:\/\/linitiative.ca\/International\/wp-json\/wp\/v2\/media?parent=121543"}],"wp:term":[{"taxonomy":"category","embeddable":true,"href":"https:\/\/linitiative.ca\/International\/wp-json\/wp\/v2\/categories?post=121543"},{"taxonomy":"post_tag","embeddable":true,"href":"https:\/\/linitiative.ca\/International\/wp-json\/wp\/v2\/tags?post=121543"}],"curies":[{"name":"wp","href":"https:\/\/api.w.org\/{rel}","templated":true}]}}