{"id":121544,"date":"2021-07-16T09:37:37","date_gmt":"2021-07-16T13:37:37","guid":{"rendered":"https:\/\/linitiative.ca\/International\/casablanca-18-ans-de-reclusion-criminelle-pour-un-trio-dagresseurs\/"},"modified":"2021-07-16T09:37:37","modified_gmt":"2021-07-16T13:37:37","slug":"casablanca-18-ans-de-reclusion-criminelle-pour-un-trio-dagresseurs","status":"publish","type":"post","link":"https:\/\/linitiative.ca\/International\/casablanca-18-ans-de-reclusion-criminelle-pour-un-trio-dagresseurs\/","title":{"rendered":"Casablanca : 18 ans de r\u00e9clusion criminelle pour un trio d\u2019agresseurs"},"content":{"rendered":"<div>\n<p><img decoding=\"async\" width=\"300\" height=\"153\" src=\"https:\/\/linitiative.ca\/International\/wp-content\/uploads\/sites\/23\/2021\/07\/cour-dappel-casablanca-tribunal-300x153-1.jpg\" class=\"attachment-medium size-medium wp-post-image\" alt=\"\" loading=\"lazy\" srcset=\"\/\/aujourdhui.ma\/wp-content\/uploads\/2017\/11\/cour-dappel-casablanca-tribunal-300x153.jpg 300w, \/\/aujourdhui.ma\/wp-content\/uploads\/2017\/11\/cour-dappel-casablanca-tribunal.jpg 746w\" sizes=\"auto, (max-width: 300px) 100vw, 300px\"><\/p>\n<p><span style=\"color: #800000; font-size: 19px;\"><strong>Nous sommes \u00e0 la chambre criminelle pr\u00e8s la Cour d\u2019appel de Casablanca.<\/strong><\/span><span id=\"more-381936\"><\/span><\/p>\n<p>Accus\u00e9s de constitution d\u2019une association de malfaiteurs, vol qualifi\u00e9 et coups et blessures \u00e0 main arm\u00e9e, trois jeunes hommes se tiennent au box des accus\u00e9s. Mais, tous les trois se disculpent, et ce sous les regards de leurs victimes. L\u2019une d\u2019elles, \u00e0 savoir une jeune femme de vingt-six ans, atteste, apr\u00e8s avoir pr\u00eat\u00e9 serment, qu\u2019elle a \u00e9t\u00e9 agress\u00e9e par deux des trois malfrats. Tous deux lui ont coup\u00e9 le chemin alors qu\u2019elle se rendait chez elle, au quartier Sidi Othman, \u00e0 Casablanca, et l\u2019ont oblig\u00e9e, sous la menace d\u2019armes blanches, \u00e0 leur donner son sac \u00e0 main renfermant une petite somme d\u2019argent et son smartphone. Cette jeune victime, employ\u00e9e de son \u00e9tat, atteste que les deux malfrats qui se trouvent au box sont bien ceux qui l\u2019ont agress\u00e9e. Seulement, ces deux jeunes malfrats, \u00e2g\u00e9s respectivement de dix-neuf et de vingt-et-un ans, nient l\u2019avoir m\u00eame crois\u00e9e. Toutefois, le proc\u00e8s-verbal de leur audition r\u00e9v\u00e8le qu\u2019ils avaient commis plusieurs agressions \u00e0 l\u2019arme blanche. Selon les informations consign\u00e9es dans le proc\u00e8s-verbal, deux des trois malfrats circulaient \u00e0 bord d\u2019un v\u00e9lomoteur \u00e0 travers les quatre coins de la capitale \u00e9conomique en qu\u00eate de victimes. Ils en ont m\u00eame tabass\u00e9 quelques-unes qui ont manifest\u00e9 de la r\u00e9sistance.<\/p>\n<p>A titre d\u2019exemple, ce jeune employ\u00e9 qui venait de sortir d\u2019un caf\u00e9 pour rentrer chez lui, vers 21 h. Il s\u2019est retrouv\u00e9 devant deux des trois malfrats, arm\u00e9s de couteaux. Lorsqu\u2019il a essay\u00e9 de r\u00e9sister ils l\u2019ont malmen\u00e9 au point qu\u2019il a \u00e9t\u00e9 bless\u00e9 \u00e0 la t\u00eate.<br \/>\nSi le repr\u00e9sentant du minist\u00e8re public a requis contre eux la peine maximale, leurs avocats ont r\u00e9clam\u00e9 leur acquittement. Mais, la Cour les a jug\u00e9s coupables et les a condamn\u00e9s \u00e0 six ans de prison chacun.<\/p>\n<\/div>\n<p>Auteur: Abderrafii ALOUMLIKI<br \/>\n<a href=\"https:\/\/aujourdhui.ma\/faits-divers\/casablanca-18-ans-de-reclusion-criminelle-pour-un-trio-dagresseurs\">Cliquez ici pour lire l&rsquo;article depuis sa source.<\/a><\/p>\n","protected":false},"excerpt":{"rendered":"<p>Nous sommes \u00e0 la chambre criminelle pr\u00e8s la Cour d\u2019appel de Casablanca. Accus\u00e9s de constitution d\u2019une association de malfaiteurs, vol qualifi\u00e9 et coups et blessures \u00e0 main arm\u00e9e, trois jeunes hommes se tiennent au box des accus\u00e9s. Mais, tous les trois se disculpent, et ce sous les regards de leurs victimes. L\u2019une d\u2019elles, \u00e0 savoir [&hellip;]<\/p>\n","protected":false},"author":1759,"featured_media":0,"comment_status":"closed","ping_status":"closed","sticky":false,"template":"","format":"standard","meta":{"fifu_image_url":"https:\/\/aujourdhui.ma\/wp-content\/uploads\/2017\/11\/cour-dappel-casablanca-tribunal-300x153.jpg","fifu_image_alt":"Casablanca : 18 ans de r\u00e9clusion criminelle pour un trio d\u2019agresseurs","footnotes":""},"categories":[73,54],"tags":[],"class_list":["post-121544","post","type-post","status-publish","format-standard","hentry","category-actualite","category-maroc"],"_links":{"self":[{"href":"https:\/\/linitiative.ca\/International\/wp-json\/wp\/v2\/posts\/121544","targetHints":{"allow":["GET"]}}],"collection":[{"href":"https:\/\/linitiative.ca\/International\/wp-json\/wp\/v2\/posts"}],"about":[{"href":"https:\/\/linitiative.ca\/International\/wp-json\/wp\/v2\/types\/post"}],"author":[{"embeddable":true,"href":"https:\/\/linitiative.ca\/International\/wp-json\/wp\/v2\/users\/1759"}],"replies":[{"embeddable":true,"href":"https:\/\/linitiative.ca\/International\/wp-json\/wp\/v2\/comments?post=121544"}],"version-history":[{"count":0,"href":"https:\/\/linitiative.ca\/International\/wp-json\/wp\/v2\/posts\/121544\/revisions"}],"wp:attachment":[{"href":"https:\/\/linitiative.ca\/International\/wp-json\/wp\/v2\/media?parent=121544"}],"wp:term":[{"taxonomy":"category","embeddable":true,"href":"https:\/\/linitiative.ca\/International\/wp-json\/wp\/v2\/categories?post=121544"},{"taxonomy":"post_tag","embeddable":true,"href":"https:\/\/linitiative.ca\/International\/wp-json\/wp\/v2\/tags?post=121544"}],"curies":[{"name":"wp","href":"https:\/\/api.w.org\/{rel}","templated":true}]}}