{"id":121558,"date":"2021-07-16T11:23:05","date_gmt":"2021-07-16T15:23:05","guid":{"rendered":"https:\/\/linitiative.ca\/International\/un-acte-sera-signe-lundi-les-biens-de-feu-youssoufi-legues-a-la-fnm-pour-le-developpement-de-la-culture\/"},"modified":"2021-07-16T11:23:05","modified_gmt":"2021-07-16T15:23:05","slug":"un-acte-sera-signe-lundi-les-biens-de-feu-youssoufi-legues-a-la-fnm-pour-le-developpement-de-la-culture","status":"publish","type":"post","link":"https:\/\/linitiative.ca\/International\/un-acte-sera-signe-lundi-les-biens-de-feu-youssoufi-legues-a-la-fnm-pour-le-developpement-de-la-culture\/","title":{"rendered":"Un acte sera sign\u00e9 lundi : Les biens de Feu Youssoufi l\u00e9gu\u00e9s \u00e0 la FNM pour le d\u00e9veloppement de la culture"},"content":{"rendered":"<div>\n<p><img decoding=\"async\" width=\"300\" height=\"153\" src=\"https:\/\/linitiative.ca\/International\/wp-content\/uploads\/sites\/23\/2021\/07\/Abderrahmane-El-Youssoufi-1-300x153-1.jpg\" class=\"attachment-medium size-medium wp-post-image\" alt=\"\" loading=\"lazy\" srcset=\"\/\/aujourdhui.ma\/wp-content\/uploads\/2020\/05\/Abderrahmane-El-Youssoufi-1-300x153.jpg 300w, \/\/aujourdhui.ma\/wp-content\/uploads\/2020\/05\/Abderrahmane-El-Youssoufi-1-274x140.jpg 274w, \/\/aujourdhui.ma\/wp-content\/uploads\/2020\/05\/Abderrahmane-El-Youssoufi-1.jpg 746w, \/\/aujourdhui.ma\/wp-content\/uploads\/2020\/05\/Abderrahmane-El-Youssoufi-1-165x84.jpg 165w, \/\/aujourdhui.ma\/wp-content\/uploads\/2020\/05\/Abderrahmane-El-Youssoufi-1-702x358.jpg 702w\" sizes=\"auto, (max-width: 300px) 100vw, 300px\"><\/p>\n<p><span style=\"font-size: 20px; color: #800000;\"><strong>G\u00e9n\u00e9reux. Un acte de donation de la famille de Feu Abderrahmane Youssoufi \u00e0 la Fondation nationale des mus\u00e9es (FNM) sera \u00ab sign\u00e9 lundi prochain \u00e0 Rabat \u00bb.<\/strong> <\/span><span id=\"more-381952\"><\/span><\/p>\n<p>L\u2019annonce est faite par cette structure qui pr\u00e9cise que cet acte sera sign\u00e9 entre l\u2019\u00e9pouse du d\u00e9funt, H\u00e9l\u00e8ne Youssoufi, l\u2019ex\u00e9cuteur testamentaire de la famille Youssoufi, M\u2019barek Bouderka et le pr\u00e9sident de la FNM, Mehdi Qotbi.<\/p>\n<p>Comme le d\u00e9taille la fondation, le couple Youssoufi avait, peu avant la disparition du regrett\u00e9, fait savoir sa volont\u00e9 de \u00ab l\u00e9guer l\u2019ensemble de ses biens \u00e0 la FNM pour le d\u00e9veloppement de la culture au Maroc \u00bb. \u00ab Ledit acte d\u2019une immense g\u00e9n\u00e9rosit\u00e9 t\u00e9moigne de l\u2019altruisme et du patriotisme de feu Abderrahmane Youssoufi et illustre son engagement pour le d\u00e9veloppement de la culture et son accessibilit\u00e9 par tout le monde \u00bb, encha\u00eene la FNM.<\/p>\n<p>Par l\u2019occasion, cette structure ne manque pas d\u2019exprime\u2019 toute sa gratitude pour cette donation et son engagement \u00e0 perp\u00e9tuer la m\u00e9moire de feu Abderrahmane Youssoufi aupr\u00e8s des Marocains. Louable.<\/p>\n<\/div>\n<p>Auteur: ALM<br \/>\n<a href=\"https:\/\/aujourdhui.ma\/culture\/un-acte-sera-signe-lundi-les-biens-de-feu-youssoufi-legues-a-la-fnm-pour-le-developpement-de-la-culture\">Cliquez ici pour lire l&rsquo;article depuis sa source.<\/a><\/p>\n","protected":false},"excerpt":{"rendered":"<p>G\u00e9n\u00e9reux. Un acte de donation de la famille de Feu Abderrahmane Youssoufi \u00e0 la Fondation nationale des mus\u00e9es (FNM) sera \u00ab sign\u00e9 lundi prochain \u00e0 Rabat \u00bb. L\u2019annonce est faite par cette structure qui pr\u00e9cise que cet acte sera sign\u00e9 entre l\u2019\u00e9pouse du d\u00e9funt, H\u00e9l\u00e8ne Youssoufi, l\u2019ex\u00e9cuteur testamentaire de la famille Youssoufi, M\u2019barek Bouderka et [&hellip;]<\/p>\n","protected":false},"author":1759,"featured_media":0,"comment_status":"closed","ping_status":"closed","sticky":false,"template":"","format":"standard","meta":{"fifu_image_url":"https:\/\/aujourdhui.ma\/wp-content\/uploads\/2020\/05\/Abderrahmane-El-Youssoufi-1-300x153.jpg","fifu_image_alt":"Un acte sera sign\u00e9 lundi : Les biens de Feu Youssoufi l\u00e9gu\u00e9s \u00e0 la FNM pour le d\u00e9veloppement de la culture","footnotes":""},"categories":[73,54],"tags":[],"class_list":["post-121558","post","type-post","status-publish","format-standard","hentry","category-actualite","category-maroc"],"_links":{"self":[{"href":"https:\/\/linitiative.ca\/International\/wp-json\/wp\/v2\/posts\/121558","targetHints":{"allow":["GET"]}}],"collection":[{"href":"https:\/\/linitiative.ca\/International\/wp-json\/wp\/v2\/posts"}],"about":[{"href":"https:\/\/linitiative.ca\/International\/wp-json\/wp\/v2\/types\/post"}],"author":[{"embeddable":true,"href":"https:\/\/linitiative.ca\/International\/wp-json\/wp\/v2\/users\/1759"}],"replies":[{"embeddable":true,"href":"https:\/\/linitiative.ca\/International\/wp-json\/wp\/v2\/comments?post=121558"}],"version-history":[{"count":0,"href":"https:\/\/linitiative.ca\/International\/wp-json\/wp\/v2\/posts\/121558\/revisions"}],"wp:attachment":[{"href":"https:\/\/linitiative.ca\/International\/wp-json\/wp\/v2\/media?parent=121558"}],"wp:term":[{"taxonomy":"category","embeddable":true,"href":"https:\/\/linitiative.ca\/International\/wp-json\/wp\/v2\/categories?post=121558"},{"taxonomy":"post_tag","embeddable":true,"href":"https:\/\/linitiative.ca\/International\/wp-json\/wp\/v2\/tags?post=121558"}],"curies":[{"name":"wp","href":"https:\/\/api.w.org\/{rel}","templated":true}]}}