{"id":121560,"date":"2021-07-15T14:00:00","date_gmt":"2021-07-15T18:00:00","guid":{"rendered":"https:\/\/linitiative.ca\/International\/la-souverainete-de-la-justice-marocaine-est-une-ligne-rouge\/"},"modified":"2021-07-15T14:00:00","modified_gmt":"2021-07-15T18:00:00","slug":"la-souverainete-de-la-justice-marocaine-est-une-ligne-rouge","status":"publish","type":"post","link":"https:\/\/linitiative.ca\/International\/la-souverainete-de-la-justice-marocaine-est-une-ligne-rouge\/","title":{"rendered":"La souverainet\u00e9 de la Justice marocaine est une \u00ab ligne rouge \u00bb"},"content":{"rendered":"<div>\n<p class=\"has-text-align-center has-vivid-red-color has-text-color\"><strong>Presse et libert\u00e9s\u00a0: l\u2019Amicale Hassania des magistrats r\u00e9agit \u00e0 la position am\u00e9ricaine<\/strong><\/p>\n<p class=\"has-black-color has-text-color\"><strong>L\u2019Amicale Hassania des magistrats a condamn\u00e9 vigoureusement la d\u00e9claration du porte-parole du d\u00e9partement d\u2019Etat am\u00e9ricain sur \u00ab\u00a0la Justice et la libert\u00e9 de rassemblements et de presse\u00a0\u00bb au Maroc, affirmant que la souverainet\u00e9 de la Justice marocaine est une \u00ab\u00a0ligne rouge que personne ne doit d\u00e9passer\u00a0\u00bb.<\/strong><\/p>\n<p class=\"has-black-color has-text-color\">L\u2019Amicale indique, dans un communiqu\u00e9, que son bureau central a tenu, mardi, une r\u00e9union \u00e0 la suite de cette d\u00e9claration faite sur la base \u00ab\u00a0des rapports n\u00e9gatifs qui sont parvenus au sujet de la condamnation en premier degr\u00e9 du journaliste d\u00e9nomm\u00e9 Soulaiman Raissouni, \u00e0 une peine d\u2019emprisonnement, selon lesquels celui-ci pr\u00e9tend, \u00e0 l\u2019oppos\u00e9 des dispositions du syst\u00e8me judiciaire marocain, la violation de son droit \u00e0 un proc\u00e8s \u00e9quitable, en plus du suivi par les Etats-Unis d\u2019affaires similaires, dont celle d\u2019Omar Radi\u00a0\u00bb.<\/p>\n<p class=\"has-black-color has-text-color\">La r\u00e9union, poursuit la m\u00eame source, a \u00e9t\u00e9 motiv\u00e9e par \u00ab\u00a0la grave distorsion des faits contenus dans cette d\u00e9claration quant aux efforts colossaux que ne cesse de d\u00e9ployer le pouvoir judiciaire marocain en toute assurance, constance et efficience pour la r\u00e9alisation de la s\u00e9curit\u00e9 judiciaire et le raffermissement de la confiance des citoyennes et des citoyens dans la Justice de leur pays, partant de la conviction que la Justice dans tout pays est consid\u00e9r\u00e9e comme un pilier de la stabilit\u00e9 et de la s\u00e9curit\u00e9, l\u2019un des affluents du d\u00e9veloppement et un v\u00e9ritable indicateur de la civilisation et de la d\u00e9mocratie\u00a0\u00bb.<\/p>\n<p class=\"has-black-color has-text-color\">L\u2019Amicale Hassania des magistrats \u00e9voque, \u00e9galement, ses objectifs et ses missions en tant qu\u2019association professionnelle citoyenne, dont le statut et le r\u00e8glement int\u00e9rieur la qualifient tout particuli\u00e8rement \u00e0 \u0153uvrer pour la d\u00e9fense de la dignit\u00e9 des juges, la garantie de leurs droits et de leurs int\u00e9r\u00eats professionnels, la pr\u00e9servation de la sacralit\u00e9 de la Justice, la consolidation de l\u2019ind\u00e9pendance du pouvoir judiciaire et sa protection contre tout acte pr\u00e9judiciable\u00a0\u00bb.<\/p>\n<p class=\"has-black-color has-text-color\">Les propos du porte-parole am\u00e9ricain \u00ab\u00a0portent pr\u00e9judice, non seulement au pouvoir judiciaire marocain et \u00e0 son ind\u00e9pendance garantie par la Constitution, la Loi et les conventions internationales y aff\u00e9rentes, mais constitue une offense aux sentiments, \u00e0 l\u2019honneur et \u00e0 la dignit\u00e9 de l\u2019ensemble des magistrats du Royaume du Maroc et de tous les acteurs du secteur de la Justice dans le pays.<\/p>\n<p class=\"has-black-color has-text-color\">La d\u00e9claration \u00ab\u00a0affecte en profondeur la confiance des citoyens et des citoyennes dans la Justice de leur pays, partant de la consid\u00e9ration que l\u2019ind\u00e9pendance de la Justice n\u2019est pas un privil\u00e8ge ou un honneur fait au juge, mais une obligation envers le citoyen et un droit qui lui est d\u00fb\u00a0\u00bb, affirme le communiqu\u00e9.<\/p>\n<p class=\"has-black-color has-text-color\">L\u2019Amicale fait part de \u00ab\u00a0son grand \u00e9tonnement\u00a0\u00bb que la d\u00e9claration am\u00e9ricaine ait pass\u00e9 sous silence le communiqu\u00e9 du procureur g\u00e9n\u00e9ral du Roi pr\u00e8s la Cour d\u2019appel de Casablanca, publi\u00e9 en date du 12 juillet 2021, parmi la s\u00e9rie de rapports parvenus au d\u00e9partement d\u2019Etat am\u00e9ricain, dans lequel le procureur g\u00e9n\u00e9ral a pr\u00e9sent\u00e9 \u00e0 l\u2019opinion publique des explications et des clarifications exhaustives et pr\u00e9cises sur la v\u00e9rit\u00e9 des p\u00e9rip\u00e9ties du proc\u00e8s du citoyen Soulaiman Raissouni, poursuivi pour des crimes de droit commun sans lien avec son travail de journaliste.<\/p>\n<p class=\"has-black-color has-text-color\">Le communiqu\u00e9 du procureur g\u00e9n\u00e9ral explique que l\u2019int\u00e9ress\u00e9 a b\u00e9n\u00e9fici\u00e9 de toutes les garanties d\u2019un proc\u00e8s \u00e9quitable et fait d\u00e9mentir un nombre de contrev\u00e9rit\u00e9s et de fabulations v\u00e9hicul\u00e9es de mauvaise foi de la part de certaines parties et instances tendancieuses et connues, qui \u00e9pousent une logique cat\u00e9gorielle vis-\u00e0-vis des droits de l\u2019Homme et de certaines questions bien d\u00e9termin\u00e9es, afin de faire avancer des agendas flagrants, creux et infructueux, tout en fuyant la confrontation dans les salles de tribunaux pour faire leurs plaidoyers en dehors, en exploitant le droit de r\u00e9serve qui emp\u00eache les magistrats de riposter \u00e0 leurs supercheries et \u00e0 leurs mensonges.<\/p>\n<p class=\"has-black-color has-text-color\">L\u2019unique pr\u00e9occupation de ces parties est \u00ab\u00a0de ternir l\u2019image du Maroc et de d\u00e9nigrer ses accomplissements et ses r\u00e9alisations \u00e0 tous les niveaux, qui sont reconnus aux plans r\u00e9gional et international\u00a0\u00bb, stigmatise l\u2019Amicale.<\/p>\n<p class=\"has-black-color has-text-color\">L\u2019ind\u00e9pendance et la souverainet\u00e9 de la Justice marocaine, \u00e0 l\u2019instar des autres syst\u00e8mes judiciaires, \u00ab\u00a0est une ligne rouge qui ne peut \u00eatre d\u00e9pass\u00e9e par quiconque, en vertu des garanties stipul\u00e9es \u00e0 cet effet dans la Constitution et des dispositions des conventions internationales, dont les principes g\u00e9n\u00e9raux de l\u2019ind\u00e9pendance du pouvoir judiciaire, adopt\u00e9s par le 7-\u00e8me Congr\u00e8s des Nations Unies pour la pr\u00e9vention du crime et la justice p\u00e9nale (Milan, 1985)\u00a0\u00bb, lit-on dans le communiqu\u00e9.<\/p>\n<p class=\"has-black-color has-text-color\">D\u2019autre part, l\u2019Amicale fait observer qu\u2019il lui est \u00ab\u00a0absolument inconcevable de commenter une affaire trait\u00e9e par la Justice d\u2019un autre pays souverain\u00a0\u00bb, relevant que \u00ab\u00a0chaque Etat a ses propres pr\u00e9occupations et que la v\u00e9rit\u00e9 ne peut \u00eatre appr\u00e9ci\u00e9e d\u2019un seul point de vue\u00a0\u00bb.<\/p>\n<p class=\"has-black-color has-text-color\">Le communiqu\u00e9 rappelle, \u00e0 ce propos, l\u2019acquittement par la Justice am\u00e9ricaine de trois hommes dans la ville de Baltimore, apr\u00e8s avoir purg\u00e9 36 ans de prison pour une fausse accusation relative au meurtre d\u2019un \u00e9tudiant dans la cour de son \u00e9tablissement scolaire pour motif de vol.<\/p>\n<p class=\"has-black-color has-text-color\">Par ailleurs, l\u2019Amicale souligne la solidit\u00e9 des liens ancestraux et renouvel\u00e9s et la qualit\u00e9 et l\u2019intensit\u00e9 de la coop\u00e9ration judiciaire bilat\u00e9rale entre le Maroc et les Etats-Unis, rappelant que le Royaume fut le premier pays \u00e0 en reconna\u00eetre l\u2019ind\u00e9pendance en 1777.<\/p>\n<p class=\"has-black-color has-text-color\">L\u2019Amicale annonce que son bureau central et ses membres restent \u00e0 la disposition des responsables de la communication \u00e0 l\u2019ambassade US \u00e0 Rabat pour lever tout \u00e9quivoque et pr\u00e9senter toutes les clarifications n\u00e9cessaires au sujet de tout ce qui pourrait int\u00e9resser les Etats-Unis concernant la Justice au Maroc, dans la limite de ce que permettent la Constitution et la Loi.<\/p>\n<p class=\"has-black-color has-text-color\">Elle r\u00e9it\u00e8re, enfin, son engagement permanent et continu \u00e0 s\u2019opposer \u00e0 toute atteinte \u00e0 la dignit\u00e9 et \u00e0 l\u2019honneur des juges, \u00e0 l\u2019aura et \u00e0 l\u2019ind\u00e9pendance du pouvoir judiciaire qu\u2019ils repr\u00e9sentent en toute fiert\u00e9, au service du citoyen et de la patrie, en harmonie avec la bienveillance et la sollicitude dont Sa Majest\u00e9 le Roi Mohammed VI entoure le peuple marocain.<\/p>\n<p>L\u2019article <a rel=\"nofollow\" href=\"http:\/\/albayane.press.ma\/la-souverainete-de-la-justice-marocaine-est-une-ligne-rouge.html\">La souverainet\u00e9 de la Justice marocaine est une \u00ab ligne rouge \u00bb<\/a> est apparu en premier sur <a rel=\"nofollow\" href=\"http:\/\/albayane.press.ma\/\">ALBAYANE<\/a>.<\/p>\n<\/div>\n<p>Auteur: M&rsquo;hammed rahal<br \/>\n<a href=\"http:\/\/albayane.press.ma\/la-souverainete-de-la-justice-marocaine-est-une-ligne-rouge.html\">Cliquez ici pour lire l&rsquo;article depuis sa source.<\/a><\/p>\n","protected":false},"excerpt":{"rendered":"<p>Presse et libert\u00e9s\u00a0: l\u2019Amicale Hassania des magistrats r\u00e9agit \u00e0 la position am\u00e9ricaine L\u2019Amicale Hassania des magistrats a condamn\u00e9 vigoureusement la d\u00e9claration du porte-parole du d\u00e9partement d\u2019Etat am\u00e9ricain sur \u00ab\u00a0la Justice et la libert\u00e9 de rassemblements et de presse\u00a0\u00bb au Maroc, affirmant que la souverainet\u00e9 de la Justice marocaine est une \u00ab\u00a0ligne rouge que personne ne [&hellip;]<\/p>\n","protected":false},"author":1760,"featured_media":0,"comment_status":"closed","ping_status":"closed","sticky":false,"template":"","format":"standard","meta":{"fifu_image_url":"","fifu_image_alt":"","footnotes":""},"categories":[73,54],"tags":[],"class_list":["post-121560","post","type-post","status-publish","format-standard","hentry","category-actualite","category-maroc"],"_links":{"self":[{"href":"https:\/\/linitiative.ca\/International\/wp-json\/wp\/v2\/posts\/121560","targetHints":{"allow":["GET"]}}],"collection":[{"href":"https:\/\/linitiative.ca\/International\/wp-json\/wp\/v2\/posts"}],"about":[{"href":"https:\/\/linitiative.ca\/International\/wp-json\/wp\/v2\/types\/post"}],"author":[{"embeddable":true,"href":"https:\/\/linitiative.ca\/International\/wp-json\/wp\/v2\/users\/1760"}],"replies":[{"embeddable":true,"href":"https:\/\/linitiative.ca\/International\/wp-json\/wp\/v2\/comments?post=121560"}],"version-history":[{"count":0,"href":"https:\/\/linitiative.ca\/International\/wp-json\/wp\/v2\/posts\/121560\/revisions"}],"wp:attachment":[{"href":"https:\/\/linitiative.ca\/International\/wp-json\/wp\/v2\/media?parent=121560"}],"wp:term":[{"taxonomy":"category","embeddable":true,"href":"https:\/\/linitiative.ca\/International\/wp-json\/wp\/v2\/categories?post=121560"},{"taxonomy":"post_tag","embeddable":true,"href":"https:\/\/linitiative.ca\/International\/wp-json\/wp\/v2\/tags?post=121560"}],"curies":[{"name":"wp","href":"https:\/\/api.w.org\/{rel}","templated":true}]}}