{"id":121561,"date":"2021-07-15T14:00:00","date_gmt":"2021-07-15T18:00:00","guid":{"rendered":"https:\/\/linitiative.ca\/International\/le-liban-reaffirme-son-soutien-a-la-souverainete-du-maroc-sur-son-sahara\/"},"modified":"2021-07-15T14:00:00","modified_gmt":"2021-07-15T18:00:00","slug":"le-liban-reaffirme-son-soutien-a-la-souverainete-du-maroc-sur-son-sahara","status":"publish","type":"post","link":"https:\/\/linitiative.ca\/International\/le-liban-reaffirme-son-soutien-a-la-souverainete-du-maroc-sur-son-sahara\/","title":{"rendered":"Le Liban r\u00e9affirme son soutien \u00e0 la souverainet\u00e9 du Maroc sur son Sahara"},"content":{"rendered":"<div>\n<p class=\"has-text-align-center has-vivid-red-color has-text-color\"><strong>Bourita s\u2019entretient avec Zeina Acar<\/strong><\/p>\n<p class=\"has-black-color has-text-color\"><strong>Le ministre des Affaires \u00e9trang\u00e8res, de la Coop\u00e9ration africaine et des Marocains r\u00e9sidant \u00e0 l\u2019\u00e9tranger, Nasser Bourita, s\u2019est entretenu, mercredi par visioconf\u00e9rence, avec la vice-Premi\u00e8re ministre libanaise, ministre de la d\u00e9fense et ministre des affaires \u00e9trang\u00e8res et des \u00e9migr\u00e9s par int\u00e9rim, Zeina Acar.<\/strong><\/p>\n<p class=\"has-black-color has-text-color\">A cette occasion, M. Bourita s\u2019est f\u00e9licit\u00e9 des liens et des relations de coop\u00e9ration et de solidarit\u00e9 unissant les deux pays fr\u00e8res, mettant en avant les multiples initiatives lanc\u00e9es sur Hautes Instructions de Sa Majest\u00e9 le Roi Mohammed VI, \u00e0 diff\u00e9rentes occasions, qui viennent confirmer l\u2019importance que le Souverain accorde au soutien de la s\u00e9curit\u00e9 et de la stabilit\u00e9 au Liban et pour l\u2019aider \u00e0 surmonter les difficult\u00e9s et d\u00e9fis auxquels il fait face, aussi bien \u00e9conomiques qu\u2019en lien avec son environnement r\u00e9gional instable, indique un communiqu\u00e9 du minist\u00e8re des Affaires \u00e9trang\u00e8res, de la Coop\u00e9ration africaine et des Marocains r\u00e9sidant \u00e0 l\u2019\u00e9tranger.<\/p>\n<p class=\"has-black-color has-text-color\">Le ministre a relev\u00e9 que le Royaume du Maroc, qui ne cesse d\u2019appeler au respect de la souverainet\u00e9 du Liban, de son int\u00e9grit\u00e9 territoriale et de son unit\u00e9 nationale, souhaite vivement que les Libanais, toutes composantes confondues, se mettent d\u2019accord afin de faire pr\u00e9valoir l\u2019int\u00e9r\u00eat du Liban et avancer sur la voie de la formation d\u2019un gouvernement d\u2019union nationale capable d\u2019impulser une nouvelle dynamique sur la sc\u00e8ne libanaise et qui b\u00e9n\u00e9ficie de la confiance du peuple libanais et du soutien de la communaut\u00e9 internationale.<\/p>\n<p class=\"has-black-color has-text-color\">Concernant la coop\u00e9ration bilat\u00e9rale, il a r\u00e9it\u00e9r\u00e9 la disposition du Royaume du Maroc \u00e0 moderniser le cadre juridique et \u00e0 mettre en oeuvre les m\u00e9canismes de coop\u00e9ration bilat\u00e9rale, au service des int\u00e9r\u00eats communs des deux \u00c9tats et des deux peuples fr\u00e8res, indique le communiqu\u00e9.<\/p>\n<p class=\"has-black-color has-text-color\">Dans ce cadre, les deux parties ont convenu de mettre en place une commission consulaire mixte pour faciliter aux citoyens des deux pays l\u2019obtention du visa et pour examiner la r\u00e9sidence et le travail des comp\u00e9tences libanaises au Maroc, pr\u00e9cise-t-on de m\u00eame source, notant que dans le domaine de la formation acad\u00e9mique, il a \u00e9t\u00e9 convenu d\u2019augmenter de 5 \u00e0 15 le nombre des bourses d\u2019\u00e9tude r\u00e9serv\u00e9es au Liban.<\/p>\n<p class=\"has-black-color has-text-color\">Pour sa part, Mme Acar a r\u00e9it\u00e9r\u00e9 les remerciements et la grande reconnaissance du Liban \u00e0 SM le Roi Mohammed VI pour Ses initiatives de solidarit\u00e9 avec son pays, notamment les aides m\u00e9dicales et alimentaires et la mise en place d\u2019un h\u00f4pital m\u00e9dico-chirurgical militaire de campagne suite \u00e0 l\u2019explosion au port de Beyrouth le 4 ao\u00fbt 2020, en plus du don royal remis \u00e0 l\u2019arm\u00e9e et au peuple libanais le 16 avril 2021, pour lui permettre de faire face aux d\u00e9fis \u00e9conomiques et aux r\u00e9percussions de la pand\u00e9mie de Covid-19, poursuit le communiqu\u00e9.<\/p>\n<p class=\"has-black-color has-text-color\">Mme Acar a soulign\u00e9, en ce sens, que les initiatives marocaines au profit de son pays ne datent pas d\u2019aujourd\u2019hui et que le Royaume du Maroc a toujours \u00e9t\u00e9 un soutien pour le Liban dans ses questions nationales depuis l\u2019accord de Ta\u00ebf, selon la m\u00eame source.<\/p>\n<p class=\"has-black-color has-text-color\">En ce qui concerne la question du Sahara marocain, la ministre libanaise a r\u00e9affirm\u00e9 la position de son pays soutenant la souverainet\u00e9 du Royaume, son unit\u00e9 nationale et son int\u00e9grit\u00e9 territoriale, tout en rejetant toute entit\u00e9 s\u00e9paratiste, a conclu le communiqu\u00e9<\/p>\n<p>L\u2019article <a rel=\"nofollow\" href=\"http:\/\/albayane.press.ma\/le-liban-reaffirme-son-soutien-a-la-souverainete-du-maroc-sur-son-sahara.html\">Le Liban r\u00e9affirme son soutien \u00e0 la souverainet\u00e9 du Maroc sur son Sahara<\/a> est apparu en premier sur <a rel=\"nofollow\" href=\"http:\/\/albayane.press.ma\/\">ALBAYANE<\/a>.<\/p>\n<\/div>\n<p>Auteur: M&rsquo;hammed rahal<br \/>\n<a href=\"http:\/\/albayane.press.ma\/le-liban-reaffirme-son-soutien-a-la-souverainete-du-maroc-sur-son-sahara.html\">Cliquez ici pour lire l&rsquo;article depuis sa source.<\/a><\/p>\n","protected":false},"excerpt":{"rendered":"<p>Bourita s\u2019entretient avec Zeina Acar Le ministre des Affaires \u00e9trang\u00e8res, de la Coop\u00e9ration africaine et des Marocains r\u00e9sidant \u00e0 l\u2019\u00e9tranger, Nasser Bourita, s\u2019est entretenu, mercredi par visioconf\u00e9rence, avec la vice-Premi\u00e8re ministre libanaise, ministre de la d\u00e9fense et ministre des affaires \u00e9trang\u00e8res et des \u00e9migr\u00e9s par int\u00e9rim, Zeina Acar. A cette occasion, M. Bourita s\u2019est f\u00e9licit\u00e9 [&hellip;]<\/p>\n","protected":false},"author":1760,"featured_media":0,"comment_status":"closed","ping_status":"closed","sticky":false,"template":"","format":"standard","meta":{"fifu_image_url":"","fifu_image_alt":"","footnotes":""},"categories":[73,54],"tags":[],"class_list":["post-121561","post","type-post","status-publish","format-standard","hentry","category-actualite","category-maroc"],"_links":{"self":[{"href":"https:\/\/linitiative.ca\/International\/wp-json\/wp\/v2\/posts\/121561","targetHints":{"allow":["GET"]}}],"collection":[{"href":"https:\/\/linitiative.ca\/International\/wp-json\/wp\/v2\/posts"}],"about":[{"href":"https:\/\/linitiative.ca\/International\/wp-json\/wp\/v2\/types\/post"}],"author":[{"embeddable":true,"href":"https:\/\/linitiative.ca\/International\/wp-json\/wp\/v2\/users\/1760"}],"replies":[{"embeddable":true,"href":"https:\/\/linitiative.ca\/International\/wp-json\/wp\/v2\/comments?post=121561"}],"version-history":[{"count":0,"href":"https:\/\/linitiative.ca\/International\/wp-json\/wp\/v2\/posts\/121561\/revisions"}],"wp:attachment":[{"href":"https:\/\/linitiative.ca\/International\/wp-json\/wp\/v2\/media?parent=121561"}],"wp:term":[{"taxonomy":"category","embeddable":true,"href":"https:\/\/linitiative.ca\/International\/wp-json\/wp\/v2\/categories?post=121561"},{"taxonomy":"post_tag","embeddable":true,"href":"https:\/\/linitiative.ca\/International\/wp-json\/wp\/v2\/tags?post=121561"}],"curies":[{"name":"wp","href":"https:\/\/api.w.org\/{rel}","templated":true}]}}