{"id":121563,"date":"2021-07-15T14:00:00","date_gmt":"2021-07-15T18:00:00","guid":{"rendered":"https:\/\/linitiative.ca\/International\/lapaisement-prelude-au-renforcement-de-la-confiance-et-de-la-participation-et-a-la-consolidation-de-la-position-de-notre-pays\/"},"modified":"2021-07-15T14:00:00","modified_gmt":"2021-07-15T18:00:00","slug":"lapaisement-prelude-au-renforcement-de-la-confiance-et-de-la-participation-et-a-la-consolidation-de-la-position-de-notre-pays","status":"publish","type":"post","link":"https:\/\/linitiative.ca\/International\/lapaisement-prelude-au-renforcement-de-la-confiance-et-de-la-participation-et-a-la-consolidation-de-la-position-de-notre-pays\/","title":{"rendered":"L\u2019apaisement, pr\u00e9lude au renforcement de la confiance et de la participation et \u00e0 la consolidation de la position de notre pays"},"content":{"rendered":"<div>\n<p class=\"has-text-align-center has-vivid-cyan-blue-color has-text-color\"><strong>Communiqu\u00e9 du bureau politique du PPS<\/strong><\/p>\n<p class=\"has-black-color has-text-color\"><strong>Le bureau politique du Parti du Progr\u00e8s et du Socialisme a tenu, mercredi 14 juillet 2021, sa r\u00e9union p\u00e9riodique et examin\u00e9 les questions inscrites \u00e0 son ordre du jour.<\/strong><\/p>\n<p class=\"has-black-color has-text-color\"><strong>En ce qui concerne la situation politique nationale actuelle, le bureau politique a soulign\u00e9 l\u2019importance que rev\u00eat l\u2019action positive dans le sens de cr\u00e9er un climat d\u2019apaisement politique et au niveau des droits humains et de l\u2019\u00e9largissement des libert\u00e9s, en d\u00e9gageant les formules ad\u00e9quates pour clore le reliquat des dossiers relatifs au mouvement social et aux cas pr\u00e9occupants encore en suspens dans l\u2019espace m\u00e9diatique.<\/strong><\/p>\n<p class=\"has-black-color has-text-color\"><strong>Le Parti du Progr\u00e8s et du Socialisme consid\u00e8re que cela constitue l\u2019un des \u00a0pr\u00e9ludes importants \u00e0 m\u00eame d\u2019\u00e9largir la base de la participation politique et \u00e9lectorale, de r\u00e9tablir la confiance dans l\u2019action politique et d\u2019augmenter la cr\u00e9dibilit\u00e9 des institutions \u00e9lues, en tant qu\u2019\u00e9l\u00e9ments essentiels de la d\u00e9mocratie.<\/strong><\/p>\n<p class=\"has-black-color has-text-color\"><strong>Le bureau politique consid\u00e8re \u00e9galement que l\u2019approfondissement des initiatives d\u2019apaisement va contribuer sans aucun doute au renforcement des acquis de notre pays dans le domaine politique et des droits de l\u2019homme et \u00e0 la consolidation de sa position particuli\u00e8re, de son r\u00f4le ascendant et de son image singuli\u00e8re\u00a0au niveau international.<\/strong><\/p>\n<p class=\"has-black-color has-text-color\"><strong>La lutte contre la pand\u00e9mie\u00a0: de grands acquis qui requi\u00e8rent de la vigilance pour \u00e9viter toute rechute<\/strong><\/p>\n<p class=\"has-black-color has-text-color\"><strong>Par ailleurs, le bureau politique a pass\u00e9 en revue l\u2019\u00e9volution de la situation \u00e9pid\u00e9miologique dans notre pays et appr\u00e9ci\u00e9 hautement le progr\u00e8s enregistr\u00e9 au niveau de l\u2019op\u00e9ration de vaccination, formulant le v\u0153u que toutes les conditions de son \u00e9largissement et de son acc\u00e9l\u00e9ration soient r\u00e9unies dans la perspective d\u2019atteindre l\u2019immunit\u00e9 collective. Il a \u00e9galement enregistr\u00e9 positivement le retour \u00e0 la normale de la majeure partie de l\u2019activit\u00e9 sociale et \u00e9conomique.\u00a0<\/strong><\/p>\n<p class=\"has-black-color has-text-color\"><strong>Parall\u00e8lement \u00e0 cela et compte tenu de la d\u00e9gradation manifeste que connaissent les indicateurs de la situation \u00e9pid\u00e9miologique dans notre pays et de l\u2019apparition de nombreux variants du virus, le Parti du Progr\u00e8s et du Socialisme souligne la n\u00e9cessit\u00e9 de faire preuve d\u2019ing\u00e9niosit\u00e9 pour innover au niveau des m\u00e9thodes de sensibilisation des citoyens pour qu\u2019ils prennent conscience de l\u2019importance du respect des r\u00e8gles de pr\u00e9vention et de pr\u00e9voyance. Il souligne \u00e9galement l\u2019imp\u00e9ratif de faire preuve d\u2019un maximum de prudence, de vigilance et de responsabilit\u00e9 pour \u00e9viter tout recul, alors que nous vivons au rythme d\u2019une mobilit\u00e9 intense et ascendante dans toutes les r\u00e9gions du pays, en raison en particulier des vacances estivales, de l\u2019Aid Al Adha et des pr\u00e9paratifs des \u00e9lections.<\/strong><\/p>\n<p class=\"has-black-color has-text-color\"><strong>Pr\u00e9sentation du programme \u00e9lectoral national du Parti lundi prochain<\/strong><\/p>\n<p class=\"has-black-color has-text-color\"><strong>Au niveau de la vie interne du parti, le bureau politique a examin\u00e9 de nombreuses questions \u00e9lectorales, communicationnelles et organisationnelles et pris les d\u00e9cisions qu\u2019elles requi\u00e8rent. Dans ce cadre, il a d\u00e9cid\u00e9 d\u2019organiser une rencontre de communication pour la pr\u00e9sentation du programme \u00e9lectoral national, lundi 19 juillet courant \u00e0 partir de 10H00 au si\u00e8ge national du parti \u00e0 Rabat.<\/strong><\/p>\n<p>L\u2019article <a rel=\"nofollow\" href=\"http:\/\/albayane.press.ma\/lapaisement-prelude-au-renforcement-de-la-confiance-et-de-la-participation-et-a-la-consolidation-de-la-position-de-notre-pays.html\">L\u2019apaisement, pr\u00e9lude au renforcement de la confiance et de la participation et \u00e0 la consolidation de la position de notre pays<\/a> est apparu en premier sur <a rel=\"nofollow\" href=\"http:\/\/albayane.press.ma\/\">ALBAYANE<\/a>.<\/p>\n<\/div>\n<p>Auteur: M&rsquo;hammed rahal<br \/>\n<a href=\"http:\/\/albayane.press.ma\/lapaisement-prelude-au-renforcement-de-la-confiance-et-de-la-participation-et-a-la-consolidation-de-la-position-de-notre-pays.html\">Cliquez ici pour lire l&rsquo;article depuis sa source.<\/a><\/p>\n","protected":false},"excerpt":{"rendered":"<p>Communiqu\u00e9 du bureau politique du PPS Le bureau politique du Parti du Progr\u00e8s et du Socialisme a tenu, mercredi 14 juillet 2021, sa r\u00e9union p\u00e9riodique et examin\u00e9 les questions inscrites \u00e0 son ordre du jour. En ce qui concerne la situation politique nationale actuelle, le bureau politique a soulign\u00e9 l\u2019importance que rev\u00eat l\u2019action positive dans [&hellip;]<\/p>\n","protected":false},"author":1760,"featured_media":0,"comment_status":"closed","ping_status":"closed","sticky":false,"template":"","format":"standard","meta":{"fifu_image_url":"","fifu_image_alt":"","footnotes":""},"categories":[73,54],"tags":[],"class_list":["post-121563","post","type-post","status-publish","format-standard","hentry","category-actualite","category-maroc"],"_links":{"self":[{"href":"https:\/\/linitiative.ca\/International\/wp-json\/wp\/v2\/posts\/121563","targetHints":{"allow":["GET"]}}],"collection":[{"href":"https:\/\/linitiative.ca\/International\/wp-json\/wp\/v2\/posts"}],"about":[{"href":"https:\/\/linitiative.ca\/International\/wp-json\/wp\/v2\/types\/post"}],"author":[{"embeddable":true,"href":"https:\/\/linitiative.ca\/International\/wp-json\/wp\/v2\/users\/1760"}],"replies":[{"embeddable":true,"href":"https:\/\/linitiative.ca\/International\/wp-json\/wp\/v2\/comments?post=121563"}],"version-history":[{"count":0,"href":"https:\/\/linitiative.ca\/International\/wp-json\/wp\/v2\/posts\/121563\/revisions"}],"wp:attachment":[{"href":"https:\/\/linitiative.ca\/International\/wp-json\/wp\/v2\/media?parent=121563"}],"wp:term":[{"taxonomy":"category","embeddable":true,"href":"https:\/\/linitiative.ca\/International\/wp-json\/wp\/v2\/categories?post=121563"},{"taxonomy":"post_tag","embeddable":true,"href":"https:\/\/linitiative.ca\/International\/wp-json\/wp\/v2\/tags?post=121563"}],"curies":[{"name":"wp","href":"https:\/\/api.w.org\/{rel}","templated":true}]}}