{"id":121564,"date":"2021-07-15T14:00:00","date_gmt":"2021-07-15T18:00:00","guid":{"rendered":"https:\/\/linitiative.ca\/International\/oms-la-situation-en-tunisie-demeure-extremement-preoccupante\/"},"modified":"2021-07-15T14:00:00","modified_gmt":"2021-07-15T18:00:00","slug":"oms-la-situation-en-tunisie-demeure-extremement-preoccupante","status":"publish","type":"post","link":"https:\/\/linitiative.ca\/International\/oms-la-situation-en-tunisie-demeure-extremement-preoccupante\/","title":{"rendered":"OMS : La situation en Tunisie demeure extr\u00eamement pr\u00e9occupante"},"content":{"rendered":"<div>\n<p class=\"has-text-align-center has-vivid-red-color has-text-color\"><strong>COVID-19 :<\/strong><\/p>\n<p class=\"has-black-color has-text-color\"><strong>La Tunisie a enregistr\u00e9 au d\u00e9but du mois de juillet en cours le plus fort taux de d\u00e9c\u00e8s li\u00e9s \u00e0 la COVID-19 en M\u00e9diterran\u00e9e orientale et en Afrique, a soulign\u00e9 l\u2019organisation mondiale de la sant\u00e9 dans un bulletin d\u2019informations publi\u00e9 mercredi.<\/strong><\/p>\n<p class=\"has-black-color has-text-color\">L\u2019OMS estime que la situation sanitaire en Tunisie demeure extr\u00eamement pr\u00e9occupante signalant qu\u2019entre 8000 et 9500 nouvelles contaminations et plus de cent d\u00e9c\u00e8s sont enregistr\u00e9s chaque jour.<\/p>\n<p class=\"has-black-color has-text-color\">Dans ce contexte, elle a fait remarquer que pour freiner la propagation du coronavirus, la Tunisie a pris une s\u00e9rie de mesures pr\u00e9ventives comme l\u2019interdiction des rassemblements et des d\u00e9placements entre les gouvernorats soulignant, toutefois, la n\u00e9cessit\u00e9 de bien suivre l\u2019\u00e9volution de la situation.<\/p>\n<p class=\"has-black-color has-text-color\">Par ailleurs, l\u2019OMS a estim\u00e9 que malgr\u00e9 l\u2019avancement de l\u2019op\u00e9ration de vaccination relative aux personnes \u00e2g\u00e9es de plus de 60 ans, le rythme demeure lent puisque 12,7% seulement de la population a re\u00e7u au moins une dose de vaccin et 6% de personnes ont \u00e9t\u00e9 enti\u00e8rement vaccin\u00e9es.<\/p>\n<p class=\"has-black-color has-text-color\">L\u2019OMS ajoute que dans certains gouvernorats, les h\u00f4pitaux travaillent sous tr\u00e8s forte pression en raison du manque de lits, d\u2019oxyg\u00e8ne et m\u00eame de ressources humaines ce qui provoque l\u2019\u00e9puisement des soignants.<\/p>\n<p class=\"has-black-color has-text-color\">Dans ce cadre, elle a exprim\u00e9 son engagement, avec ses partenaires internationaux, \u00e0 appuyer la Tunisie dans sa lutte contre le coronavirus en mettant \u00e0 sa disposition des vaccins suppl\u00e9mentaires et des \u00e9quipements et dispositifs m\u00e9dicaux.<\/p>\n<p class=\"has-black-color has-text-color\">Depuis le d\u00e9but de la pand\u00e9mie en mars 2020, la Tunisie a enregistr\u00e9 518609 cas confirm\u00e9s d\u2019infection au coronavirus dont 413155 se sont r\u00e9tablis et 16845 sont morts.<\/p>\n<p class=\"has-black-color has-text-color\">Par ailleurs, la pand\u00e9mie a fait au moins 4,053 millions de morts dans le monde depuis l\u2019apparition de la maladie fin d\u00e9cembre 2019, selon un bilan \u00e9tabli par l\u2019AFP \u00e0 partir de sources officielles mercredi en milieu de journ\u00e9e.<\/p>\n<p class=\"has-black-color has-text-color\">Les Etats-Unis sont le pays le plus touch\u00e9 avec 607.771 d\u00e9c\u00e8s, suivis par le Br\u00e9sil (535.838), l\u2019Inde (411.408), le Mexique (235.277) et le P\u00e9rou (194.606).<\/p>\n<p class=\"has-black-color has-text-color\">Ces chiffres, qui reposent sur les bilans quotidiens des autorit\u00e9s nationales de sant\u00e9, sont globalement sous-\u00e9valu\u00e9s. L\u2019OMS estime que les d\u00e9c\u00e8s pourraient \u00eatre deux \u00e0 trois fois plus \u00e9lev\u00e9s.<\/p>\n<p>L\u2019article <a rel=\"nofollow\" href=\"http:\/\/albayane.press.ma\/oms-la-situation-en-tunisie-demeure-extremement-preoccupante.html\">OMS : La situation en Tunisie demeure extr\u00eamement pr\u00e9occupante<\/a> est apparu en premier sur <a rel=\"nofollow\" href=\"http:\/\/albayane.press.ma\/\">ALBAYANE<\/a>.<\/p>\n<\/div>\n<p>Auteur: M&rsquo;hammed rahal<br \/>\n<a href=\"http:\/\/albayane.press.ma\/oms-la-situation-en-tunisie-demeure-extremement-preoccupante.html\">Cliquez ici pour lire l&rsquo;article depuis sa source.<\/a><\/p>\n","protected":false},"excerpt":{"rendered":"<p>COVID-19 : La Tunisie a enregistr\u00e9 au d\u00e9but du mois de juillet en cours le plus fort taux de d\u00e9c\u00e8s li\u00e9s \u00e0 la COVID-19 en M\u00e9diterran\u00e9e orientale et en Afrique, a soulign\u00e9 l\u2019organisation mondiale de la sant\u00e9 dans un bulletin d\u2019informations publi\u00e9 mercredi. L\u2019OMS estime que la situation sanitaire en Tunisie demeure extr\u00eamement pr\u00e9occupante signalant [&hellip;]<\/p>\n","protected":false},"author":1760,"featured_media":0,"comment_status":"closed","ping_status":"closed","sticky":false,"template":"","format":"standard","meta":{"fifu_image_url":"","fifu_image_alt":"","footnotes":""},"categories":[73,54],"tags":[],"class_list":["post-121564","post","type-post","status-publish","format-standard","hentry","category-actualite","category-maroc"],"_links":{"self":[{"href":"https:\/\/linitiative.ca\/International\/wp-json\/wp\/v2\/posts\/121564","targetHints":{"allow":["GET"]}}],"collection":[{"href":"https:\/\/linitiative.ca\/International\/wp-json\/wp\/v2\/posts"}],"about":[{"href":"https:\/\/linitiative.ca\/International\/wp-json\/wp\/v2\/types\/post"}],"author":[{"embeddable":true,"href":"https:\/\/linitiative.ca\/International\/wp-json\/wp\/v2\/users\/1760"}],"replies":[{"embeddable":true,"href":"https:\/\/linitiative.ca\/International\/wp-json\/wp\/v2\/comments?post=121564"}],"version-history":[{"count":0,"href":"https:\/\/linitiative.ca\/International\/wp-json\/wp\/v2\/posts\/121564\/revisions"}],"wp:attachment":[{"href":"https:\/\/linitiative.ca\/International\/wp-json\/wp\/v2\/media?parent=121564"}],"wp:term":[{"taxonomy":"category","embeddable":true,"href":"https:\/\/linitiative.ca\/International\/wp-json\/wp\/v2\/categories?post=121564"},{"taxonomy":"post_tag","embeddable":true,"href":"https:\/\/linitiative.ca\/International\/wp-json\/wp\/v2\/tags?post=121564"}],"curies":[{"name":"wp","href":"https:\/\/api.w.org\/{rel}","templated":true}]}}