{"id":121565,"date":"2021-07-16T07:34:05","date_gmt":"2021-07-16T11:34:05","guid":{"rendered":"https:\/\/linitiative.ca\/International\/les-propositions-de-projets-en-matiere-decotourisme-sous-la-loupe\/"},"modified":"2021-07-16T07:34:05","modified_gmt":"2021-07-16T11:34:05","slug":"les-propositions-de-projets-en-matiere-decotourisme-sous-la-loupe","status":"publish","type":"post","link":"https:\/\/linitiative.ca\/International\/les-propositions-de-projets-en-matiere-decotourisme-sous-la-loupe\/","title":{"rendered":"Les propositions de projets en mati\u00e8re d\u2019\u00e9cotourisme sous la loupe"},"content":{"rendered":"<div>\n<div style=\"margin-bottom:20px;\"><img loading=\"lazy\" decoding=\"async\" width=\"750\" height=\"430\" src=\"https:\/\/linitiative.ca\/International\/wp-content\/uploads\/sites\/23\/2021\/07\/essaouira-copier-1.jpg\" class=\"attachment-post-thumbnail size-post-thumbnail wp-post-image\" alt=\"\" srcset=\"https:\/\/linitiative.ca\/International\/wp-content\/uploads\/sites\/23\/2021\/07\/essaouira-copier-1.jpg 750w, http:\/\/www.mapmarrakech.ma\/map\/uploads\/2021\/07\/essaouira-copier-1-300x172.jpg 300w\" sizes=\"auto, (max-width: 750px) 100vw, 750px\"><\/div>\n<p>Ouvrant les travaux de cette rencontre, le secr\u00e9taire g\u00e9n\u00e9ral de la pr\u00e9fecture de la province, Mohamed Rital, a indiqu\u00e9 que cette r\u00e9union s\u2019inscrit dans le cadre des nouveaut\u00e9s apport\u00e9es par la phase III de ce chantier Royal de grande envergure, notamment le programme 3 d\u00e9di\u00e9 \u00e0 l\u2019am\u00e9lioration du revenu et l\u2019inclusion \u00e9conomique des jeunes.<\/p>\n<p>Notant que ce programme s\u2019articule autour de deux axes majeurs \u00e0 savoir la cr\u00e9ation des entreprises par des jeunes et le d\u00e9veloppement des cha\u00eenes de production, le responsable a expliqu\u00e9 que c\u2019est dans ce sillage qu\u2019intervient cette r\u00e9union qui tend \u00e0 examiner et discuter des propositions de projets et des activit\u00e9s g\u00e9n\u00e9ratrices de revenus et d\u2019emplois \u00e0 financer dans le cadre de l\u2019INDH, dans le domaine de l\u2019\u00e9cotourisme et \u00e0 permettre, ainsi, aux diff\u00e9rents acteurs de prendre connaissance des opportunit\u00e9s offertes par ce secteur vital.<\/p>\n<p>Cette r\u00e9union a \u00e9t\u00e9 ponctu\u00e9e d\u2019un expos\u00e9 pr\u00e9sent\u00e9 par le Chef de Division de l\u2019Action Sociale (DAS), Abdessamad Khairi, dans lequel il a fait la lumi\u00e8re sur les potentialit\u00e9s qu\u2019offre le secteur et la nature des activit\u00e9s qui peuvent faire l\u2019objet de propositions de projets.<\/p>\n<p>M. Khairi a pr\u00e9cis\u00e9 que la plage de la ville et la ceinture verte sont les deux sites s\u00e9lectionn\u00e9s \u00e0 cet effet, en tant que deux espaces propices pour le lancement de projets et d\u2019activit\u00e9s dans cette cha\u00eene de production relative \u00e0 l\u2019\u00e9cotourisme.<\/p>\n<p>Pour leur part, les diff\u00e9rents intervenants lors de cette rencontre ont mis l\u2019accent sur la n\u00e9cessit\u00e9 de la r\u00e9organisation de certaines activit\u00e9s d\u00e9j\u00e0 pr\u00e9sentes sur la plage d\u2019Essaouira, \u00e0 l\u2019instar des balades \u00e0 cheval ou \u00e0 chameau.<\/p>\n<p>Ils ont aussi sugg\u00e9r\u00e9 la programmation d\u2019une visite de terrain \u00e0 ces deux sites avec la participation des diff\u00e9rents acteurs et parties prenantes pour l\u2019identification de circuits touristiques, tout en veillant \u00e0 ce que les projets propos\u00e9s touchent l\u2019ensemble du littoral d\u2019Essaouira.<\/p>\n<p>The post <a rel=\"nofollow\" href=\"http:\/\/www.mapmarrakech.ma\/fr\/les-propositions-de-projets-en-matiere-decotourisme-sous-la-loupe\/\">Les propositions de projets en mati\u00e8re d\u2019\u00e9cotourisme sous la loupe<\/a> appeared first on <a rel=\"nofollow\" href=\"http:\/\/www.mapmarrakech.ma\/fr\">MapMarrakech<\/a>.<\/p>\n<\/div>\n<p>Auteur: Meriem IGASS<br \/>\n<a href=\"http:\/\/www.mapmarrakech.ma\/fr\/les-propositions-de-projets-en-matiere-decotourisme-sous-la-loupe\/\">Cliquez ici pour lire l&rsquo;article depuis sa source.<\/a><\/p>\n","protected":false},"excerpt":{"rendered":"<p>Ouvrant les travaux de cette rencontre, le secr\u00e9taire g\u00e9n\u00e9ral de la pr\u00e9fecture de la province, Mohamed Rital, a indiqu\u00e9 que cette r\u00e9union s\u2019inscrit dans le cadre des nouveaut\u00e9s apport\u00e9es par la phase III de ce chantier Royal de grande envergure, notamment le programme 3 d\u00e9di\u00e9 \u00e0 l\u2019am\u00e9lioration du revenu et l\u2019inclusion \u00e9conomique des jeunes. Notant [&hellip;]<\/p>\n","protected":false},"author":1788,"featured_media":0,"comment_status":"closed","ping_status":"closed","sticky":false,"template":"","format":"standard","meta":{"fifu_image_url":"http:\/\/www.mapmarrakech.ma\/map\/uploads\/2021\/07\/essaouira-copier-1.jpg","fifu_image_alt":"Les propositions de projets en mati\u00e8re d\u2019\u00e9cotourisme sous la loupe","footnotes":""},"categories":[54,76],"tags":[],"class_list":["post-121565","post","type-post","status-publish","format-standard","hentry","category-maroc","category-regions"],"_links":{"self":[{"href":"https:\/\/linitiative.ca\/International\/wp-json\/wp\/v2\/posts\/121565","targetHints":{"allow":["GET"]}}],"collection":[{"href":"https:\/\/linitiative.ca\/International\/wp-json\/wp\/v2\/posts"}],"about":[{"href":"https:\/\/linitiative.ca\/International\/wp-json\/wp\/v2\/types\/post"}],"author":[{"embeddable":true,"href":"https:\/\/linitiative.ca\/International\/wp-json\/wp\/v2\/users\/1788"}],"replies":[{"embeddable":true,"href":"https:\/\/linitiative.ca\/International\/wp-json\/wp\/v2\/comments?post=121565"}],"version-history":[{"count":0,"href":"https:\/\/linitiative.ca\/International\/wp-json\/wp\/v2\/posts\/121565\/revisions"}],"wp:attachment":[{"href":"https:\/\/linitiative.ca\/International\/wp-json\/wp\/v2\/media?parent=121565"}],"wp:term":[{"taxonomy":"category","embeddable":true,"href":"https:\/\/linitiative.ca\/International\/wp-json\/wp\/v2\/categories?post=121565"},{"taxonomy":"post_tag","embeddable":true,"href":"https:\/\/linitiative.ca\/International\/wp-json\/wp\/v2\/tags?post=121565"}],"curies":[{"name":"wp","href":"https:\/\/api.w.org\/{rel}","templated":true}]}}