{"id":121569,"date":"2021-07-16T13:01:00","date_gmt":"2021-07-16T17:01:00","guid":{"rendered":"https:\/\/linitiative.ca\/International\/letat-sanitaire-du-cheptel-national-est-globalement-satisfaisant\/"},"modified":"2021-07-16T13:01:00","modified_gmt":"2021-07-16T17:01:00","slug":"letat-sanitaire-du-cheptel-national-est-globalement-satisfaisant","status":"publish","type":"post","link":"https:\/\/linitiative.ca\/International\/letat-sanitaire-du-cheptel-national-est-globalement-satisfaisant\/","title":{"rendered":"L\u2019\u00e9tat sanitaire du cheptel national est \u00ab\u00a0globalement satisfaisant\u00a0\u00bb"},"content":{"rendered":"<div>\n<div style=\"margin-bottom:20px;\"><img loading=\"lazy\" decoding=\"async\" width=\"750\" height=\"430\" src=\"https:\/\/linitiative.ca\/International\/wp-content\/uploads\/sites\/23\/2021\/07\/aid-al-adha-copier-1.jpg\" class=\"attachment-post-thumbnail size-post-thumbnail wp-post-image\" alt=\"\" srcset=\"https:\/\/linitiative.ca\/International\/wp-content\/uploads\/sites\/23\/2021\/07\/aid-al-adha-copier-1.jpg 750w, http:\/\/www.mapmarrakech.ma\/map\/uploads\/2021\/07\/aid-al-adha-copier-1-300x172.jpg 300w\" sizes=\"auto, (max-width: 750px) 100vw, 750px\"><\/div>\n<p>Selon un communiqu\u00e9 du minist\u00e8re, l\u2019\u00e9tat sanitaire du cheptel national est \u00ab\u00a0globalement satisfaisant\u00a0\u00bb gr\u00e2ce aux efforts continus d\u00e9ploy\u00e9s par l\u2019Office national de s\u00e9curit\u00e9 sanitaire des produits alimentaires (ONSSA).<\/p>\n<p>Ces efforts concernent la surveillance permanente de l\u2019\u00e9tat sanitaire du cheptel national et sa protection sanitaire contre les maladies animales contagieuses et ce, en \u00e9troite collaboration avec les v\u00e9t\u00e9rinaires sanitaires mandat\u00e9s, les professionnels de la fili\u00e8re des viandes rouges et les autorit\u00e9s locales, pr\u00e9cise le minist\u00e8re.<\/p>\n<p>L\u2019\u00e9levage ovin et caprin a b\u00e9n\u00e9fici\u00e9 pendant la campagne agricole 2020-2021 de plusieurs mesures et diff\u00e9rents programmes ont \u00e9t\u00e9 mis en place par le minist\u00e8re, fait savoir la m\u00eame source.<\/p>\n<p>Il s\u2019agit de l\u2019approvisionnement du march\u00e9 en aliments de b\u00e9tail en quantit\u00e9 suffisante et dans de bonnes conditions, ce qui a permis une am\u00e9lioration des performances zootechniques du cheptel, atteignant un taux d\u2019agnelage de 90% et un faible taux de mortalit\u00e9 de 5%, ainsi que du programme d\u2019identification d\u2019ovins et de caprins destin\u00e9s \u00e0 l\u2019abattage de l\u2019A\u00efd 1442 (2021) lanc\u00e9 le 15 avril dernier et qui est achev\u00e9.<\/p>\n<p>A cet \u00e9gard, le minist\u00e8re souligne que l\u2019ONSSA supervise l\u2019op\u00e9ration d\u2019identification, qui est assur\u00e9e par la F\u00e9d\u00e9ration interprofessionnelle des viandes rouges (FIVIAR) et l\u2019Association nationale ovine et caprine (ANOC), ajoutant que les services v\u00e9t\u00e9rinaires de l\u2019Office ont enregistr\u00e9 plus de 240.000 unit\u00e9s d\u2019engraissement d\u2019ovins et caprins et ont pr\u00e9lev\u00e9 1.100 \u00e9chantillons de viandes et 600 \u00e9chantillons d\u2019aliments pour animaux, en vue de leur analyse.<\/p>\n<p>Parmi les mesures mises en place par le minist\u00e8re, figure aussi l\u2019installation, en collaboration avec les autorit\u00e9s locales, de 30 souks temporaires dans les diff\u00e9rentes r\u00e9gions du Royaume pour la commercialisation des animaux destin\u00e9s \u00e0 l\u2019abattage de l\u2019Aid.<\/p>\n<p>A la veille de la f\u00eate de l\u2019A\u00efd Al Adha 1442, le minist\u00e8re proc\u00e8de \u00e0 l\u2019\u00e9valuation de la situation pr\u00e9visionnelle d\u2019approvisionnement du march\u00e9 en animaux destin\u00e9s \u00e0 l\u2019abattage pour le sacrifice de l\u2019A\u00efd ainsi que l\u2019\u00e9tat sanitaire du cheptel et ce, en concertation avec les professionnels de la fili\u00e8re des viandes rouges.<\/p>\n<p>The post <a rel=\"nofollow\" href=\"http:\/\/www.mapmarrakech.ma\/fr\/letat-sanitaire-du-cheptel-national-est-globalement-satisfaisant\/\">L\u2019\u00e9tat sanitaire du cheptel national est \u00ab\u00a0globalement satisfaisant\u00a0\u00bb<\/a> appeared first on <a rel=\"nofollow\" href=\"http:\/\/www.mapmarrakech.ma\/fr\">MapMarrakech<\/a>.<\/p>\n<\/div>\n<p>Auteur: Meriem IGASS<br \/>\n<a href=\"http:\/\/www.mapmarrakech.ma\/fr\/letat-sanitaire-du-cheptel-national-est-globalement-satisfaisant\/\">Cliquez ici pour lire l&rsquo;article depuis sa source.<\/a><\/p>\n","protected":false},"excerpt":{"rendered":"<p>Selon un communiqu\u00e9 du minist\u00e8re, l\u2019\u00e9tat sanitaire du cheptel national est \u00ab\u00a0globalement satisfaisant\u00a0\u00bb gr\u00e2ce aux efforts continus d\u00e9ploy\u00e9s par l\u2019Office national de s\u00e9curit\u00e9 sanitaire des produits alimentaires (ONSSA). Ces efforts concernent la surveillance permanente de l\u2019\u00e9tat sanitaire du cheptel national et sa protection sanitaire contre les maladies animales contagieuses et ce, en \u00e9troite collaboration avec [&hellip;]<\/p>\n","protected":false},"author":1788,"featured_media":0,"comment_status":"closed","ping_status":"closed","sticky":false,"template":"","format":"standard","meta":{"fifu_image_url":"http:\/\/www.mapmarrakech.ma\/map\/uploads\/2021\/07\/aid-al-adha-copier-1.jpg","fifu_image_alt":"L\u2019\u00e9tat sanitaire du cheptel national est \u00ab\u00a0globalement satisfaisant\u00a0\u00bb","footnotes":""},"categories":[54,76],"tags":[],"class_list":["post-121569","post","type-post","status-publish","format-standard","hentry","category-maroc","category-regions"],"_links":{"self":[{"href":"https:\/\/linitiative.ca\/International\/wp-json\/wp\/v2\/posts\/121569","targetHints":{"allow":["GET"]}}],"collection":[{"href":"https:\/\/linitiative.ca\/International\/wp-json\/wp\/v2\/posts"}],"about":[{"href":"https:\/\/linitiative.ca\/International\/wp-json\/wp\/v2\/types\/post"}],"author":[{"embeddable":true,"href":"https:\/\/linitiative.ca\/International\/wp-json\/wp\/v2\/users\/1788"}],"replies":[{"embeddable":true,"href":"https:\/\/linitiative.ca\/International\/wp-json\/wp\/v2\/comments?post=121569"}],"version-history":[{"count":0,"href":"https:\/\/linitiative.ca\/International\/wp-json\/wp\/v2\/posts\/121569\/revisions"}],"wp:attachment":[{"href":"https:\/\/linitiative.ca\/International\/wp-json\/wp\/v2\/media?parent=121569"}],"wp:term":[{"taxonomy":"category","embeddable":true,"href":"https:\/\/linitiative.ca\/International\/wp-json\/wp\/v2\/categories?post=121569"},{"taxonomy":"post_tag","embeddable":true,"href":"https:\/\/linitiative.ca\/International\/wp-json\/wp\/v2\/tags?post=121569"}],"curies":[{"name":"wp","href":"https:\/\/api.w.org\/{rel}","templated":true}]}}