{"id":121571,"date":"2021-07-15T17:50:50","date_gmt":"2021-07-15T21:50:50","guid":{"rendered":"https:\/\/linitiative.ca\/International\/lump-doujda-tient-sa-deuxieme-e-universite-dete\/"},"modified":"2021-07-15T17:50:50","modified_gmt":"2021-07-15T21:50:50","slug":"lump-doujda-tient-sa-deuxieme-e-universite-dete","status":"publish","type":"post","link":"https:\/\/linitiative.ca\/International\/lump-doujda-tient-sa-deuxieme-e-universite-dete\/","title":{"rendered":"L\u2019UMP d\u2019Oujda tient sa deuxi\u00e8me e-Universit\u00e9 d\u2019\u00e9t\u00e9"},"content":{"rendered":"<div>\n<div style=\"margin-bottom:20px;\"><img loading=\"lazy\" decoding=\"async\" width=\"750\" height=\"430\" src=\"https:\/\/linitiative.ca\/International\/wp-content\/uploads\/sites\/23\/2021\/07\/La-prC3A9sidence-de-lUMP-Oujda-M750C397430-MAP.jpg\" class=\"attachment-post-thumbnail size-post-thumbnail wp-post-image\" alt=\"\" srcset=\"https:\/\/linitiative.ca\/International\/wp-content\/uploads\/sites\/23\/2021\/07\/La-prC3A9sidence-de-lUMP-Oujda-M750C397430-MAP.jpg 750w, http:\/\/www.mapoujda.ma\/map\/uploads\/2019\/12\/La-pr\u00e9sidence-de-lUMP-Oujda-M750\u00d7430-MAP-300x172.jpg 300w\" sizes=\"auto, (max-width: 750px) 100vw, 750px\"><\/div>\n<div>\n<p style=\"text-align: justify;\">L\u2019Universit\u00e9 Mohammed Premier (UMP) d\u2019Oujda a tenu, mercredi et jeudi, la 2\u00e8me \u00e9dition de son e-Universit\u00e9 d\u2019\u00e9t\u00e9, plac\u00e9e sous le th\u00e8me \u00abEthique, morale et d\u00e9ontologie \u00e0 l\u2019universit\u00e9\u00bb.<\/p>\n<p style=\"text-align: justify;\">Organis\u00e9e dans un contexte marqu\u00e9 par la pand\u00e9mie de la Covid-19 avec un recours sans ant\u00e9c\u00e9dent au t\u00e9l\u00e9-enseignement et t\u00e9l\u00e9travail, cette \u00e9dition a r\u00e9uni plusieurs chercheurs et experts nationaux et internationaux qui ont d\u00e9battu des pratiques d\u00e9ontologiques \u00e0 l\u2019universit\u00e9.<\/p>\n<p style=\"text-align: justify;\">L\u2019\u00e9v\u00e8nement, organis\u00e9 enti\u00e8rement en visioconf\u00e9rences, a mis l\u2019accent sur les dispositifs de formation des \u00e9tudiants et des jeunes chercheurs aux bonnes pratiques socio-professionnelles et aux exigences d\u00e9ontologiques, avec pour axes de r\u00e9flexion notamment les rep\u00e8res \u00e9thiques et d\u00e9ontologiques \u00e0 l\u2019universit\u00e9, l\u2019enseignabilit\u00e9 des \u00e9thiques et les Soft Skills et leur rapport avec l\u2019\u00e9thique.<\/p>\n<p style=\"text-align: justify;\">Intervenant lors de cette rencontre, le pr\u00e9sident de l\u2019UMP, Yassine Zarhloule, a mis en exergue l\u2019importance de la question de l\u2019\u00e9thique, de la morale et de la d\u00e9ontologie \u00e0 l\u2019universit\u00e9, une question d\u2019actualit\u00e9 en raison de la globalisation massive et libre de l\u2019information et de la connaissance, et des mutations qui ont m\u00e9tamorphos\u00e9 la mani\u00e8re d\u2019\u00e9tudier, d\u2019enseigner et de faire de la recherche.<\/p>\n<p style=\"text-align: justify;\">Les valeurs \u00e9thiques et d\u00e9ontologiques sont alors le levier qui garantit la qualit\u00e9 et l\u2019\u00e9quit\u00e9 dans le monde universitaire, a-t-il soulign\u00e9, ajoutant que l\u2019universit\u00e9 marocaine se doit d\u2019accompagner ces mutations et m\u00eame de les anticiper, et dispose pour cela du cadre juridique ad\u00e9quat en vue d\u2019assurer des r\u00e8gles \u00e9thiques dans l\u2019enseignement et la recherche scientifique.<\/p>\n<p style=\"text-align: justify;\">Cette manifestation a port\u00e9 sur plusieurs tables rondes, conf\u00e9rences et ateliers, autour notamment de la \u00abd\u00e9ontologie universitaire\u00bb, \u00abl\u2019\u00e9thique et la priorit\u00e9 intellectuelle\u00bb et \u00abl\u2019\u00e9thique et d\u00e9ontologie : de la th\u00e9orie \u00e0 la pratique\u00bb.<\/p>\n<\/div>\n<p>L\u2019article <a rel=\"nofollow\" href=\"http:\/\/www.mapoujda.ma\/fr\/lump-doujda-tient-sa-deuxieme-e-universite-dete\/\">L\u2019UMP d\u2019Oujda tient sa deuxi\u00e8me e-Universit\u00e9 d\u2019\u00e9t\u00e9<\/a> est apparu en premier sur <a rel=\"nofollow\" href=\"http:\/\/www.mapoujda.ma\/fr\">MapOujda<\/a>.<\/p>\n<\/div>\n<p>Auteur: Soufiane ELAHMAR<br \/>\n<a href=\"http:\/\/www.mapoujda.ma\/fr\/lump-doujda-tient-sa-deuxieme-e-universite-dete\/\">Cliquez ici pour lire l&rsquo;article depuis sa source.<\/a><\/p>\n","protected":false},"excerpt":{"rendered":"<p>L\u2019Universit\u00e9 Mohammed Premier (UMP) d\u2019Oujda a tenu, mercredi et jeudi, la 2\u00e8me \u00e9dition de son e-Universit\u00e9 d\u2019\u00e9t\u00e9, plac\u00e9e sous le th\u00e8me \u00abEthique, morale et d\u00e9ontologie \u00e0 l\u2019universit\u00e9\u00bb. Organis\u00e9e dans un contexte marqu\u00e9 par la pand\u00e9mie de la Covid-19 avec un recours sans ant\u00e9c\u00e9dent au t\u00e9l\u00e9-enseignement et t\u00e9l\u00e9travail, cette \u00e9dition a r\u00e9uni plusieurs chercheurs et experts [&hellip;]<\/p>\n","protected":false},"author":1788,"featured_media":0,"comment_status":"closed","ping_status":"closed","sticky":false,"template":"","format":"standard","meta":{"fifu_image_url":"http:\/\/www.mapoujda.ma\/map\/uploads\/2019\/12\/La-pr\u00e9sidence-de-lUMP-Oujda-M750\u00d7430-MAP.jpg","fifu_image_alt":"L\u2019UMP d\u2019Oujda tient sa deuxi\u00e8me e-Universit\u00e9 d\u2019\u00e9t\u00e9","footnotes":""},"categories":[54,76],"tags":[],"class_list":["post-121571","post","type-post","status-publish","format-standard","hentry","category-maroc","category-regions"],"_links":{"self":[{"href":"https:\/\/linitiative.ca\/International\/wp-json\/wp\/v2\/posts\/121571","targetHints":{"allow":["GET"]}}],"collection":[{"href":"https:\/\/linitiative.ca\/International\/wp-json\/wp\/v2\/posts"}],"about":[{"href":"https:\/\/linitiative.ca\/International\/wp-json\/wp\/v2\/types\/post"}],"author":[{"embeddable":true,"href":"https:\/\/linitiative.ca\/International\/wp-json\/wp\/v2\/users\/1788"}],"replies":[{"embeddable":true,"href":"https:\/\/linitiative.ca\/International\/wp-json\/wp\/v2\/comments?post=121571"}],"version-history":[{"count":0,"href":"https:\/\/linitiative.ca\/International\/wp-json\/wp\/v2\/posts\/121571\/revisions"}],"wp:attachment":[{"href":"https:\/\/linitiative.ca\/International\/wp-json\/wp\/v2\/media?parent=121571"}],"wp:term":[{"taxonomy":"category","embeddable":true,"href":"https:\/\/linitiative.ca\/International\/wp-json\/wp\/v2\/categories?post=121571"},{"taxonomy":"post_tag","embeddable":true,"href":"https:\/\/linitiative.ca\/International\/wp-json\/wp\/v2\/tags?post=121571"}],"curies":[{"name":"wp","href":"https:\/\/api.w.org\/{rel}","templated":true}]}}