{"id":121578,"date":"2021-07-16T10:25:56","date_gmt":"2021-07-16T14:25:56","guid":{"rendered":"https:\/\/linitiative.ca\/International\/lacte-de-donation-de-la-famille-de-feu-abderrahmane-youssoufi-a-la-fnm-signe-lundi-prochain\/"},"modified":"2021-07-16T10:25:56","modified_gmt":"2021-07-16T14:25:56","slug":"lacte-de-donation-de-la-famille-de-feu-abderrahmane-youssoufi-a-la-fnm-signe-lundi-prochain","status":"publish","type":"post","link":"https:\/\/linitiative.ca\/International\/lacte-de-donation-de-la-famille-de-feu-abderrahmane-youssoufi-a-la-fnm-signe-lundi-prochain\/","title":{"rendered":"L&rsquo;acte de donation de la famille de Feu Abderrahmane Youssoufi \u00e0 la FNM sign\u00e9 lundi prochain"},"content":{"rendered":"<div>\n<div class=\"field field-name-body field-type-text-with-summary field-label-hidden\">\n<div class=\"field-items\">\n<div class=\"field-item even\" property=\"content:encoded\">\n<p class=\"rtejustify\">L&rsquo;acte de donation de la famille de Feu Abderrahmane Youssoufi \u00e0 la Fondation nationale des mus\u00e9es (FNM) sera sign\u00e9 lundi prochain au si\u00e8ge du Conseil national des droits de l\u2019Homme \u00e0 Rabat.<\/p>\n<\/div>\n<\/div>\n<\/div>\n<\/div>\n<p>Auteur: mbasraoui<br \/>\n<a href=\"https:\/\/www.leconomiste.com\/flash-infos\/l-acte-de-donation-de-la-famille-de-feu-abderrahmane-youssoufi-la-fnm-signe-lundi\">Cliquez ici pour lire l&rsquo;article depuis sa source.<\/a><\/p>\n","protected":false},"excerpt":{"rendered":"<p>L&rsquo;acte de donation de la famille de Feu Abderrahmane Youssoufi \u00e0 la Fondation nationale des mus\u00e9es (FNM) sera sign\u00e9 lundi prochain au si\u00e8ge du Conseil national des droits de l\u2019Homme \u00e0 Rabat. Auteur: mbasraoui Cliquez ici pour lire l&rsquo;article depuis sa source.<\/p>\n","protected":false},"author":1763,"featured_media":0,"comment_status":"closed","ping_status":"closed","sticky":false,"template":"","format":"standard","meta":{"fifu_image_url":"","fifu_image_alt":"","footnotes":""},"categories":[78,54],"tags":[],"class_list":["post-121578","post","type-post","status-publish","format-standard","hentry","category-economie","category-maroc"],"_links":{"self":[{"href":"https:\/\/linitiative.ca\/International\/wp-json\/wp\/v2\/posts\/121578","targetHints":{"allow":["GET"]}}],"collection":[{"href":"https:\/\/linitiative.ca\/International\/wp-json\/wp\/v2\/posts"}],"about":[{"href":"https:\/\/linitiative.ca\/International\/wp-json\/wp\/v2\/types\/post"}],"author":[{"embeddable":true,"href":"https:\/\/linitiative.ca\/International\/wp-json\/wp\/v2\/users\/1763"}],"replies":[{"embeddable":true,"href":"https:\/\/linitiative.ca\/International\/wp-json\/wp\/v2\/comments?post=121578"}],"version-history":[{"count":0,"href":"https:\/\/linitiative.ca\/International\/wp-json\/wp\/v2\/posts\/121578\/revisions"}],"wp:attachment":[{"href":"https:\/\/linitiative.ca\/International\/wp-json\/wp\/v2\/media?parent=121578"}],"wp:term":[{"taxonomy":"category","embeddable":true,"href":"https:\/\/linitiative.ca\/International\/wp-json\/wp\/v2\/categories?post=121578"},{"taxonomy":"post_tag","embeddable":true,"href":"https:\/\/linitiative.ca\/International\/wp-json\/wp\/v2\/tags?post=121578"}],"curies":[{"name":"wp","href":"https:\/\/api.w.org\/{rel}","templated":true}]}}