{"id":121580,"date":"2021-07-16T09:22:00","date_gmt":"2021-07-16T13:22:00","guid":{"rendered":"https:\/\/linitiative.ca\/International\/coupe-de-la-ligue-la-finale-js-kabylie-nc-magra-fixee-au-31-juillet\/"},"modified":"2021-07-16T09:22:00","modified_gmt":"2021-07-16T13:22:00","slug":"coupe-de-la-ligue-la-finale-js-kabylie-nc-magra-fixee-au-31-juillet","status":"publish","type":"post","link":"https:\/\/linitiative.ca\/International\/coupe-de-la-ligue-la-finale-js-kabylie-nc-magra-fixee-au-31-juillet\/","title":{"rendered":"Coupe de la Ligue: la finale JS Kabylie &#8211; NC Magra fix\u00e9e au 31 juillet"},"content":{"rendered":"<div>La finale est fix\u00e9e d\u00e9sormais au 31 juillet&#8230;<img loading=\"lazy\" decoding=\"async\" src=\"http:\/\/feeds.feedburner.com\/~r\/GalerieFArtciles\/~4\/AoBtzVkgeME\" height=\"1\" width=\"1\" alt=\"\"><\/div>\n<p>Auteur:<br \/>\n<a href=\"http:\/\/www.lebuteur.com\/article\/detail?titre=coupe-de-la-ligue-la-finale-js-kabylie-nc-magra-fixee-au-31-juillet&#038;id=100634&#038;utm_source=feedburner&#038;utm_medium=feed&#038;utm_campaign=Feed%3A+GalerieFArtciles+%28Les+derniers+articles++-+lebuteur.com%29\">Cliquez ici pour lire l&rsquo;article depuis sa source.<\/a><\/p>\n","protected":false},"excerpt":{"rendered":"<p>La finale est fix\u00e9e d\u00e9sormais au 31 juillet&#8230; Auteur: Cliquez ici pour lire l&rsquo;article depuis sa source.<\/p>\n","protected":false},"author":1738,"featured_media":0,"comment_status":"closed","ping_status":"closed","sticky":false,"template":"","format":"standard","meta":{"fifu_image_url":"http:\/\/feeds.feedburner.com\/~r\/GalerieFArtciles\/~4\/AoBtzVkgeME","fifu_image_alt":"Coupe de la Ligue: la finale JS Kabylie - NC Magra fix\u00e9e au 31 juillet","footnotes":""},"categories":[53,75],"tags":[],"class_list":["post-121580","post","type-post","status-publish","format-standard","hentry","category-algerie","category-sport"],"_links":{"self":[{"href":"https:\/\/linitiative.ca\/International\/wp-json\/wp\/v2\/posts\/121580","targetHints":{"allow":["GET"]}}],"collection":[{"href":"https:\/\/linitiative.ca\/International\/wp-json\/wp\/v2\/posts"}],"about":[{"href":"https:\/\/linitiative.ca\/International\/wp-json\/wp\/v2\/types\/post"}],"author":[{"embeddable":true,"href":"https:\/\/linitiative.ca\/International\/wp-json\/wp\/v2\/users\/1738"}],"replies":[{"embeddable":true,"href":"https:\/\/linitiative.ca\/International\/wp-json\/wp\/v2\/comments?post=121580"}],"version-history":[{"count":0,"href":"https:\/\/linitiative.ca\/International\/wp-json\/wp\/v2\/posts\/121580\/revisions"}],"wp:attachment":[{"href":"https:\/\/linitiative.ca\/International\/wp-json\/wp\/v2\/media?parent=121580"}],"wp:term":[{"taxonomy":"category","embeddable":true,"href":"https:\/\/linitiative.ca\/International\/wp-json\/wp\/v2\/categories?post=121580"},{"taxonomy":"post_tag","embeddable":true,"href":"https:\/\/linitiative.ca\/International\/wp-json\/wp\/v2\/tags?post=121580"}],"curies":[{"name":"wp","href":"https:\/\/api.w.org\/{rel}","templated":true}]}}