{"id":121583,"date":"2021-07-16T13:15:00","date_gmt":"2021-07-16T17:15:00","guid":{"rendered":"https:\/\/linitiative.ca\/International\/liverpool-un-gros-cheque-pour-un-international-senegalais\/"},"modified":"2021-07-16T13:15:00","modified_gmt":"2021-07-16T17:15:00","slug":"liverpool-un-gros-cheque-pour-un-international-senegalais","status":"publish","type":"post","link":"https:\/\/linitiative.ca\/International\/liverpool-un-gros-cheque-pour-un-international-senegalais\/","title":{"rendered":"Liverpool : Un gros ch\u00e8que pour un international s\u00e9n\u00e9galais ?"},"content":{"rendered":"<div>En vue de ce mercato d\u2019\u00e9t\u00e9, J\u00fcrgen Klopp aimerait s\u2019attacher les services d\u2019un joueur offensif de couloir.<img loading=\"lazy\" decoding=\"async\" src=\"http:\/\/feeds.feedburner.com\/~r\/GalerieFArtciles\/~4\/TL8kl2B5sVA\" height=\"1\" width=\"1\" alt=\"\"><\/div>\n<p>Auteur:<br \/>\n<a href=\"http:\/\/www.lebuteur.com\/article\/detail?titre=liverpool-un-gros-cheque-pour-un-international-senegalais&#038;id=100637&#038;utm_source=feedburner&#038;utm_medium=feed&#038;utm_campaign=Feed%3A+GalerieFArtciles+%28Les+derniers+articles++-+lebuteur.com%29\">Cliquez ici pour lire l&rsquo;article depuis sa source.<\/a><\/p>\n","protected":false},"excerpt":{"rendered":"<p>En vue de ce mercato d\u2019\u00e9t\u00e9, J\u00fcrgen Klopp aimerait s\u2019attacher les services d\u2019un joueur offensif de couloir. Auteur: Cliquez ici pour lire l&rsquo;article depuis sa source.<\/p>\n","protected":false},"author":1738,"featured_media":0,"comment_status":"closed","ping_status":"closed","sticky":false,"template":"","format":"standard","meta":{"fifu_image_url":"http:\/\/feeds.feedburner.com\/~r\/GalerieFArtciles\/~4\/TL8kl2B5sVA","fifu_image_alt":"Liverpool : Un gros ch\u00e8que pour un international s\u00e9n\u00e9galais ?","footnotes":""},"categories":[53,75],"tags":[],"class_list":["post-121583","post","type-post","status-publish","format-standard","hentry","category-algerie","category-sport"],"_links":{"self":[{"href":"https:\/\/linitiative.ca\/International\/wp-json\/wp\/v2\/posts\/121583","targetHints":{"allow":["GET"]}}],"collection":[{"href":"https:\/\/linitiative.ca\/International\/wp-json\/wp\/v2\/posts"}],"about":[{"href":"https:\/\/linitiative.ca\/International\/wp-json\/wp\/v2\/types\/post"}],"author":[{"embeddable":true,"href":"https:\/\/linitiative.ca\/International\/wp-json\/wp\/v2\/users\/1738"}],"replies":[{"embeddable":true,"href":"https:\/\/linitiative.ca\/International\/wp-json\/wp\/v2\/comments?post=121583"}],"version-history":[{"count":0,"href":"https:\/\/linitiative.ca\/International\/wp-json\/wp\/v2\/posts\/121583\/revisions"}],"wp:attachment":[{"href":"https:\/\/linitiative.ca\/International\/wp-json\/wp\/v2\/media?parent=121583"}],"wp:term":[{"taxonomy":"category","embeddable":true,"href":"https:\/\/linitiative.ca\/International\/wp-json\/wp\/v2\/categories?post=121583"},{"taxonomy":"post_tag","embeddable":true,"href":"https:\/\/linitiative.ca\/International\/wp-json\/wp\/v2\/tags?post=121583"}],"curies":[{"name":"wp","href":"https:\/\/api.w.org\/{rel}","templated":true}]}}