{"id":121585,"date":"2021-07-16T04:19:00","date_gmt":"2021-07-16T08:19:00","guid":{"rendered":"https:\/\/linitiative.ca\/International\/la-tunisie-maritime-1570-km-exposes-aux-risques-derosion-et-delevation-du-niveau-de-la-mer\/"},"modified":"2021-07-16T04:19:00","modified_gmt":"2021-07-16T08:19:00","slug":"la-tunisie-maritime-1570-km-exposes-aux-risques-derosion-et-delevation-du-niveau-de-la-mer","status":"publish","type":"post","link":"https:\/\/linitiative.ca\/International\/la-tunisie-maritime-1570-km-exposes-aux-risques-derosion-et-delevation-du-niveau-de-la-mer\/","title":{"rendered":"La Tunisie maritime : 1570 km expos\u00e9s aux risques d&rsquo;\u00e9rosion et d&rsquo;\u00e9l\u00e9vation du niveau de la mer"},"content":{"rendered":"<div><img decoding=\"async\" src=\"https:\/\/linitiative.ca\/International\/wp-content\/uploads\/sites\/23\/2021\/07\/1626421699_article.jpg\" alt=\"La Tunisie maritime\" align=\"left\">Sommaire<\/p>\n<p>\u2022 Face \u00e0 la mer<br \/>\n\u2022 Interview : Une vision nouvelle<br \/>\n\u2022 Portrait : Asma Sehiri Laabidi : L\u2019Amirale<br \/>\n\u2022 La Tunisie marine<br \/>\n\u2022 Une commission et un secr\u00e9tariat g\u00e9n\u00e9ral<br \/>\n\u2022 La saison bleue<br \/>\nDossier \u00e9tabli par Taoufik Habaieb<br \/>\nPhotos : Mohamed Hammi<\/p>\n<p>Le littoral tunisien s\u2019\u00e9tend sur pr\u00e8s de 1 570 km. Si l\u2019on y ajoute les \u00eeles, \u00eelots, ports, et autres, ce lin\u00e9aire avoisinerait les 2 300 km et plus 96 mille km2 d\u2019espaces maritimes.<br \/>\nEn outre, la Tunisie dispose d\u2019atouts inestimables en termes de patrimoine naturel marin et de ressources marines vivantes et non vivantes pouvant, en cas d\u2019exploitation efficace, permettre au pays de renforcer ses capacit\u00e9s &#8230;<\/p>\n<\/div>\n<p>Auteur:<br \/>\n<a href=\"https:\/\/www.leaders.com.tn\/article\/32155-la-tunisie-maritime\">Cliquez ici pour lire l&rsquo;article depuis sa source.<\/a><\/p>\n","protected":false},"excerpt":{"rendered":"<p>Sommaire \u2022 Face \u00e0 la mer \u2022 Interview : Une vision nouvelle \u2022 Portrait : Asma Sehiri Laabidi : L\u2019Amirale \u2022 La Tunisie marine \u2022 Une commission et un secr\u00e9tariat g\u00e9n\u00e9ral \u2022 La saison bleue Dossier \u00e9tabli par Taoufik Habaieb Photos : Mohamed Hammi Le littoral tunisien s\u2019\u00e9tend sur pr\u00e8s de 1 570 km. Si [&hellip;]<\/p>\n","protected":false},"author":1772,"featured_media":0,"comment_status":"closed","ping_status":"closed","sticky":false,"template":"","format":"standard","meta":{"fifu_image_url":"http:\/\/www.leaders.com.tn\/uploads\/content\/thumbnails_small\/1626421699_article.jpg","fifu_image_alt":"<div>La Tunisie maritime : 1570 km expos\u00e9s aux risques d'\u00e9rosion et d'\u00e9l\u00e9vation du niveau de la mer<\/div>","footnotes":""},"categories":[73,55],"tags":[],"class_list":["post-121585","post","type-post","status-publish","format-standard","hentry","category-actualite","category-tunisie"],"_links":{"self":[{"href":"https:\/\/linitiative.ca\/International\/wp-json\/wp\/v2\/posts\/121585","targetHints":{"allow":["GET"]}}],"collection":[{"href":"https:\/\/linitiative.ca\/International\/wp-json\/wp\/v2\/posts"}],"about":[{"href":"https:\/\/linitiative.ca\/International\/wp-json\/wp\/v2\/types\/post"}],"author":[{"embeddable":true,"href":"https:\/\/linitiative.ca\/International\/wp-json\/wp\/v2\/users\/1772"}],"replies":[{"embeddable":true,"href":"https:\/\/linitiative.ca\/International\/wp-json\/wp\/v2\/comments?post=121585"}],"version-history":[{"count":0,"href":"https:\/\/linitiative.ca\/International\/wp-json\/wp\/v2\/posts\/121585\/revisions"}],"wp:attachment":[{"href":"https:\/\/linitiative.ca\/International\/wp-json\/wp\/v2\/media?parent=121585"}],"wp:term":[{"taxonomy":"category","embeddable":true,"href":"https:\/\/linitiative.ca\/International\/wp-json\/wp\/v2\/categories?post=121585"},{"taxonomy":"post_tag","embeddable":true,"href":"https:\/\/linitiative.ca\/International\/wp-json\/wp\/v2\/tags?post=121585"}],"curies":[{"name":"wp","href":"https:\/\/api.w.org\/{rel}","templated":true}]}}