{"id":121587,"date":"2021-07-16T05:00:00","date_gmt":"2021-07-16T09:00:00","guid":{"rendered":"https:\/\/linitiative.ca\/International\/la-transition-ecologique-et-sociale-peut-et-doit-nous-faire-changer-de-voie-penser-et-agir-a-contre-courant-le-commencement-de-la-sagesse\/"},"modified":"2021-07-16T05:00:00","modified_gmt":"2021-07-16T09:00:00","slug":"la-transition-ecologique-et-sociale-peut-et-doit-nous-faire-changer-de-voie-penser-et-agir-a-contre-courant-le-commencement-de-la-sagesse","status":"publish","type":"post","link":"https:\/\/linitiative.ca\/International\/la-transition-ecologique-et-sociale-peut-et-doit-nous-faire-changer-de-voie-penser-et-agir-a-contre-courant-le-commencement-de-la-sagesse\/","title":{"rendered":"La transition \u00e9cologique et sociale peut et doit nous faire changer de voie: Penser et agir \u00e0 contre-courant, le commencement de la sagesse"},"content":{"rendered":"<div><img decoding=\"async\" src=\"https:\/\/linitiative.ca\/International\/wp-content\/uploads\/sites\/23\/2021\/07\/1626424939_article.jpg\" alt=\"La transition \u00e9cologique et sociale peut et doit nous faire changer de voie: Penser et agir \u00e0 contre-courant, le commencement de la sagesse\" align=\"left\">Rien n\u2019est permanent sauf le changement (H\u00e9raclite D\u2019\u00c9ph\u00e8se)<br \/>\nPar Pr Samir Allal &#8211; Contrairement \u00e0 ce que l\u2019on entend souvent, il existe des pistes concr\u00e8tes pour sortir de la situation calamiteuse en Tunisie et du son syst\u00e8me productif actuel. Tirant les le\u00e7ons des \u00e9checs du pass\u00e9, c\u2019est finalement plus cr\u00e9dible que le statu quo&#8230;<br \/>\nUne des postures politiques les plus courantes aujourd\u2019hui est d\u2019affirmer l\u2019absence d\u2019alternative au syst\u00e8me \u00e9conomique actuel. Cette absence permettrait de justifier la pusillanimit\u00e9 des partis \u00abmodernistes\u00bb et \u00abd\u00e9mocratiques\u00bb, contraints \u00e0 trouver des accommodements impossibles avec l\u2019islam politique, et le &#8230;<\/p>\n<\/div>\n<p>Auteur:<br \/>\n<a href=\"https:\/\/www.leaders.com.tn\/article\/32156-la-transition-ecologique-et-sociale-peut-et-doit-nous-faire-changer-de-voie-penser-et-agir-a-contre-courant-le-commencement-de-la-sagesse\">Cliquez ici pour lire l&rsquo;article depuis sa source.<\/a><\/p>\n","protected":false},"excerpt":{"rendered":"<p>Rien n\u2019est permanent sauf le changement (H\u00e9raclite D\u2019\u00c9ph\u00e8se) Par Pr Samir Allal &#8211; Contrairement \u00e0 ce que l\u2019on entend souvent, il existe des pistes concr\u00e8tes pour sortir de la situation calamiteuse en Tunisie et du son syst\u00e8me productif actuel. Tirant les le\u00e7ons des \u00e9checs du pass\u00e9, c\u2019est finalement plus cr\u00e9dible que le statu quo&#8230; Une [&hellip;]<\/p>\n","protected":false},"author":1772,"featured_media":0,"comment_status":"closed","ping_status":"closed","sticky":false,"template":"","format":"standard","meta":{"fifu_image_url":"http:\/\/www.leaders.com.tn\/uploads\/content\/thumbnails_small\/1626424939_article.jpg","fifu_image_alt":"La transition \u00e9cologique et sociale peut et doit nous faire changer de voie: Penser et agir \u00e0 contre-courant, le commencement de la sagesse","footnotes":""},"categories":[73,55],"tags":[],"class_list":["post-121587","post","type-post","status-publish","format-standard","hentry","category-actualite","category-tunisie"],"_links":{"self":[{"href":"https:\/\/linitiative.ca\/International\/wp-json\/wp\/v2\/posts\/121587","targetHints":{"allow":["GET"]}}],"collection":[{"href":"https:\/\/linitiative.ca\/International\/wp-json\/wp\/v2\/posts"}],"about":[{"href":"https:\/\/linitiative.ca\/International\/wp-json\/wp\/v2\/types\/post"}],"author":[{"embeddable":true,"href":"https:\/\/linitiative.ca\/International\/wp-json\/wp\/v2\/users\/1772"}],"replies":[{"embeddable":true,"href":"https:\/\/linitiative.ca\/International\/wp-json\/wp\/v2\/comments?post=121587"}],"version-history":[{"count":0,"href":"https:\/\/linitiative.ca\/International\/wp-json\/wp\/v2\/posts\/121587\/revisions"}],"wp:attachment":[{"href":"https:\/\/linitiative.ca\/International\/wp-json\/wp\/v2\/media?parent=121587"}],"wp:term":[{"taxonomy":"category","embeddable":true,"href":"https:\/\/linitiative.ca\/International\/wp-json\/wp\/v2\/categories?post=121587"},{"taxonomy":"post_tag","embeddable":true,"href":"https:\/\/linitiative.ca\/International\/wp-json\/wp\/v2\/tags?post=121587"}],"curies":[{"name":"wp","href":"https:\/\/api.w.org\/{rel}","templated":true}]}}