{"id":121589,"date":"2021-07-16T08:00:00","date_gmt":"2021-07-16T12:00:00","guid":{"rendered":"https:\/\/linitiative.ca\/International\/tunisie-quand-limprovisation-simmisce-dans-un-systeme-educatif-elle-le-detruit\/"},"modified":"2021-07-16T08:00:00","modified_gmt":"2021-07-16T12:00:00","slug":"tunisie-quand-limprovisation-simmisce-dans-un-systeme-educatif-elle-le-detruit","status":"publish","type":"post","link":"https:\/\/linitiative.ca\/International\/tunisie-quand-limprovisation-simmisce-dans-un-systeme-educatif-elle-le-detruit\/","title":{"rendered":"Tunisie: Quand l&rsquo;improvisation s&rsquo;immisce dans un syst\u00e8me \u00e9ducatif, elle le d\u00e9truit"},"content":{"rendered":"<div><img decoding=\"async\" src=\"https:\/\/linitiative.ca\/International\/wp-content\/uploads\/sites\/23\/2021\/07\/1626435550_article.jpg\" alt=\"Tunisie: Quand l\" improvisation s dans un syst elle le d align=\"left\">Par Monji Ben Raies &#8211; Quelques d\u00e9cennies de subversion id\u00e9ologique et de politiques d\u00e9sastreuses auront fait de l\u2019\u00e9cole publique l\u2019incarnation manifeste de la d\u00e9faillance de l\u2019Etat. Un si\u00e8cle et demi d\u2019\u00e9ducation a progressivement \u00e9t\u00e9 pouss\u00e9 \u00e0 sa perte. Depuis ce funeste 14 janvier 2011, la d\u00e9ch\u00e9ance de la Tunisie a entrain\u00e9 la d\u00e9cadence du syst\u00e8me \u00e9ducatif Tunisien, qui s\u2019est acc\u00e9l\u00e9r\u00e9e par un travail d\u2019usure m\u00e9thodique. \u2018\u2019Baccalaur\u00e9at moins le quart\u2019\u2019, Programmes all\u00e9g\u00e9s, gr\u00e8ves interminables des enseignants, d\u00e9t\u00e9rioration des infrastructures scolaires, revendications syndicales, \u00e9l\u00e8ves sous-qualifi\u00e9s et absence de r\u00e9forme cr\u00e9dible, autant &#8230;<\/p>\n<\/div>\n<p>Auteur:<br \/>\n<a href=\"https:\/\/www.leaders.com.tn\/article\/32157-tunisie-quand-l-improvisation-s-immisce-dans-un-systeme-educatif-elle-le-detruit\">Cliquez ici pour lire l&rsquo;article depuis sa source.<\/a><\/p>\n","protected":false},"excerpt":{"rendered":"<p>Par Monji Ben Raies &#8211; Quelques d\u00e9cennies de subversion id\u00e9ologique et de politiques d\u00e9sastreuses auront fait de l\u2019\u00e9cole publique l\u2019incarnation manifeste de la d\u00e9faillance de l\u2019Etat. Un si\u00e8cle et demi d\u2019\u00e9ducation a progressivement \u00e9t\u00e9 pouss\u00e9 \u00e0 sa perte. Depuis ce funeste 14 janvier 2011, la d\u00e9ch\u00e9ance de la Tunisie a entrain\u00e9 la d\u00e9cadence du syst\u00e8me [&hellip;]<\/p>\n","protected":false},"author":1772,"featured_media":0,"comment_status":"closed","ping_status":"closed","sticky":false,"template":"","format":"standard","meta":{"fifu_image_url":"http:\/\/www.leaders.com.tn\/uploads\/content\/thumbnails_small\/1626435550_article.jpg","fifu_image_alt":"<div>Tunisie: Quand l'improvisation s'immisce dans un syst\u00e8me \u00e9ducatif, elle le d\u00e9truit<\/div>","footnotes":""},"categories":[73,55],"tags":[],"class_list":["post-121589","post","type-post","status-publish","format-standard","hentry","category-actualite","category-tunisie"],"_links":{"self":[{"href":"https:\/\/linitiative.ca\/International\/wp-json\/wp\/v2\/posts\/121589","targetHints":{"allow":["GET"]}}],"collection":[{"href":"https:\/\/linitiative.ca\/International\/wp-json\/wp\/v2\/posts"}],"about":[{"href":"https:\/\/linitiative.ca\/International\/wp-json\/wp\/v2\/types\/post"}],"author":[{"embeddable":true,"href":"https:\/\/linitiative.ca\/International\/wp-json\/wp\/v2\/users\/1772"}],"replies":[{"embeddable":true,"href":"https:\/\/linitiative.ca\/International\/wp-json\/wp\/v2\/comments?post=121589"}],"version-history":[{"count":0,"href":"https:\/\/linitiative.ca\/International\/wp-json\/wp\/v2\/posts\/121589\/revisions"}],"wp:attachment":[{"href":"https:\/\/linitiative.ca\/International\/wp-json\/wp\/v2\/media?parent=121589"}],"wp:term":[{"taxonomy":"category","embeddable":true,"href":"https:\/\/linitiative.ca\/International\/wp-json\/wp\/v2\/categories?post=121589"},{"taxonomy":"post_tag","embeddable":true,"href":"https:\/\/linitiative.ca\/International\/wp-json\/wp\/v2\/tags?post=121589"}],"curies":[{"name":"wp","href":"https:\/\/api.w.org\/{rel}","templated":true}]}}