{"id":121603,"date":"2021-07-16T17:10:09","date_gmt":"2021-07-16T21:10:09","guid":{"rendered":"https:\/\/linitiative.ca\/International\/aid-al-adha-loncf-met-en-place-un-dispositif-special\/"},"modified":"2021-07-16T17:10:09","modified_gmt":"2021-07-16T21:10:09","slug":"aid-al-adha-loncf-met-en-place-un-dispositif-special","status":"publish","type":"post","link":"https:\/\/linitiative.ca\/International\/aid-al-adha-loncf-met-en-place-un-dispositif-special\/","title":{"rendered":"A\u00efd Al-Adha. L\u2019ONCF met en place un dispositif sp\u00e9cial"},"content":{"rendered":"<div><img decoding=\"async\" width=\"750\" height=\"375\" src=\"https:\/\/linitiative.ca\/International\/wp-content\/uploads\/sites\/23\/2021\/07\/ONCF-1-750x375-1.jpg\" class=\"attachment-post-thumbnail size-post-thumbnail wp-post-image\" alt=\"\" loading=\"lazy\" srcset=\"https:\/\/linitiative.ca\/International\/wp-content\/uploads\/sites\/23\/2021\/07\/ONCF-1-750x375-1.jpg 750w, https:\/\/www.challenge.ma\/wp-content\/uploads\/2020\/09\/ONCF-1-750x375-300x150.jpg 300w, https:\/\/www.challenge.ma\/wp-content\/uploads\/2020\/09\/ONCF-1-750x375-360x180.jpg 360w\" sizes=\"auto, (max-width: 750px) 100vw, 750px\" itemprop=\"image\">L\u2019Office National des Chemins de Fer (ONCF) a annonc\u00e9 le 16 juillet la mise en place d\u2019un dispositif \u00ab\u00a0Sp\u00e9cial A\u00efd Al-Adha\u00a0\u00bb, qui va s\u2019\u00e9taler sur la p\u00e9riode allant du vendredi 16 juillet au dimanche 1er ao\u00fbt.\u00ab\u00a0A l\u2019occasion de l\u2019av\u00e8nement d\u2019A\u00efd Al-Adha 1442, et en pr\u00e9vision de l\u2019affluence des voyageurs que<\/div>\n<p>Auteur: challenge<br \/>\n<a href=\"https:\/\/www.challenge.ma\/aid-al-adha-loncf-met-en-place-un-dispositif-special-192911\/\">Cliquez ici pour lire l&rsquo;article depuis sa source.<\/a><\/p>\n","protected":false},"excerpt":{"rendered":"<p>L\u2019Office National des Chemins de Fer (ONCF) a annonc\u00e9 le 16 juillet la mise en place d\u2019un dispositif \u00ab\u00a0Sp\u00e9cial A\u00efd Al-Adha\u00a0\u00bb, qui va s\u2019\u00e9taler sur la p\u00e9riode allant du vendredi 16 juillet au dimanche 1er ao\u00fbt.\u00ab\u00a0A l\u2019occasion de l\u2019av\u00e8nement d\u2019A\u00efd Al-Adha 1442, et en pr\u00e9vision de l\u2019affluence des voyageurs que Auteur: challenge Cliquez ici pour [&hellip;]<\/p>\n","protected":false},"author":1787,"featured_media":0,"comment_status":"closed","ping_status":"closed","sticky":false,"template":"","format":"standard","meta":{"fifu_image_url":"https:\/\/www.challenge.ma\/wp-content\/uploads\/2020\/09\/ONCF-1-750x375.jpg","fifu_image_alt":"A\u00efd Al-Adha. L\u2019ONCF met en place un dispositif sp\u00e9cial","footnotes":""},"categories":[78,54],"tags":[],"class_list":["post-121603","post","type-post","status-publish","format-standard","hentry","category-economie","category-maroc"],"_links":{"self":[{"href":"https:\/\/linitiative.ca\/International\/wp-json\/wp\/v2\/posts\/121603","targetHints":{"allow":["GET"]}}],"collection":[{"href":"https:\/\/linitiative.ca\/International\/wp-json\/wp\/v2\/posts"}],"about":[{"href":"https:\/\/linitiative.ca\/International\/wp-json\/wp\/v2\/types\/post"}],"author":[{"embeddable":true,"href":"https:\/\/linitiative.ca\/International\/wp-json\/wp\/v2\/users\/1787"}],"replies":[{"embeddable":true,"href":"https:\/\/linitiative.ca\/International\/wp-json\/wp\/v2\/comments?post=121603"}],"version-history":[{"count":0,"href":"https:\/\/linitiative.ca\/International\/wp-json\/wp\/v2\/posts\/121603\/revisions"}],"wp:attachment":[{"href":"https:\/\/linitiative.ca\/International\/wp-json\/wp\/v2\/media?parent=121603"}],"wp:term":[{"taxonomy":"category","embeddable":true,"href":"https:\/\/linitiative.ca\/International\/wp-json\/wp\/v2\/categories?post=121603"},{"taxonomy":"post_tag","embeddable":true,"href":"https:\/\/linitiative.ca\/International\/wp-json\/wp\/v2\/tags?post=121603"}],"curies":[{"name":"wp","href":"https:\/\/api.w.org\/{rel}","templated":true}]}}