{"id":121607,"date":"2021-07-16T17:03:20","date_gmt":"2021-07-16T21:03:20","guid":{"rendered":"https:\/\/linitiative.ca\/International\/blague-du-jour-une-deputee-nahdhaouie-affirme-que-son-mouvement-a-un-programme-pour-sauver-leconomie\/"},"modified":"2021-07-16T17:03:20","modified_gmt":"2021-07-16T21:03:20","slug":"blague-du-jour-une-deputee-nahdhaouie-affirme-que-son-mouvement-a-un-programme-pour-sauver-leconomie","status":"publish","type":"post","link":"https:\/\/linitiative.ca\/International\/blague-du-jour-une-deputee-nahdhaouie-affirme-que-son-mouvement-a-un-programme-pour-sauver-leconomie\/","title":{"rendered":"Blague du jour : Une d\u00e9put\u00e9e nahdhaouie affirme que son mouvement a un programme pour sauver l\u2019\u00e9conomie !"},"content":{"rendered":"<div>\n<p>La d\u00e9put\u00e9e nahdhaouie, Faiza Bouhlel, a affirm\u00e9 lors d\u2019une d\u00e9claration \u00e0 un m\u00e9dia local hier, jeudi 15 juillet 2021, qu\u2019il est du devoir du mouvement Ennahda de proposer une vraie r\u00e9forme pour rem\u00e9dier \u00e0 la situation \u00e9conomique de la Tunisie, en ces temps difficiles. Bouhlel a affirm\u00e9, en outre, que le mouvement Ennahda a des [\u2026]<\/p>\n<p>L\u2019article <a href=\"https:\/\/www.tunisienumerique.com\/blague-du-jour-une-deputee-nahdhaouie-affirme-que-son-mouvement-a-un-programme-pour-sauver-leconomie\/\">Blague du jour : Une d\u00e9put\u00e9e nahdhaouie affirme que son mouvement a un programme pour sauver l\u2019\u00e9conomie !<\/a> est apparu en premier sur <a href=\"https:\/\/www.tunisienumerique.com\/\">Tunisie<\/a>.<\/p>\n<\/div>\n<p>Auteur: Mohamed Ben Abderrazek<br \/>\n<a href=\"https:\/\/www.tunisienumerique.com\/blague-du-jour-une-deputee-nahdhaouie-affirme-que-son-mouvement-a-un-programme-pour-sauver-leconomie\/\">Cliquez ici pour lire l&rsquo;article depuis sa source.<\/a><\/p>\n","protected":false},"excerpt":{"rendered":"<p>La d\u00e9put\u00e9e nahdhaouie, Faiza Bouhlel, a affirm\u00e9 lors d\u2019une d\u00e9claration \u00e0 un m\u00e9dia local hier, jeudi 15 juillet 2021, qu\u2019il est du devoir du mouvement Ennahda de proposer une vraie r\u00e9forme pour rem\u00e9dier \u00e0 la situation \u00e9conomique de la Tunisie, en ces temps difficiles. Bouhlel a affirm\u00e9, en outre, que le mouvement Ennahda a des [&hellip;]<\/p>\n","protected":false},"author":1789,"featured_media":0,"comment_status":"closed","ping_status":"closed","sticky":false,"template":"","format":"standard","meta":{"fifu_image_url":"","fifu_image_alt":"","footnotes":""},"categories":[73,55],"tags":[],"class_list":["post-121607","post","type-post","status-publish","format-standard","hentry","category-actualite","category-tunisie"],"_links":{"self":[{"href":"https:\/\/linitiative.ca\/International\/wp-json\/wp\/v2\/posts\/121607","targetHints":{"allow":["GET"]}}],"collection":[{"href":"https:\/\/linitiative.ca\/International\/wp-json\/wp\/v2\/posts"}],"about":[{"href":"https:\/\/linitiative.ca\/International\/wp-json\/wp\/v2\/types\/post"}],"author":[{"embeddable":true,"href":"https:\/\/linitiative.ca\/International\/wp-json\/wp\/v2\/users\/1789"}],"replies":[{"embeddable":true,"href":"https:\/\/linitiative.ca\/International\/wp-json\/wp\/v2\/comments?post=121607"}],"version-history":[{"count":0,"href":"https:\/\/linitiative.ca\/International\/wp-json\/wp\/v2\/posts\/121607\/revisions"}],"wp:attachment":[{"href":"https:\/\/linitiative.ca\/International\/wp-json\/wp\/v2\/media?parent=121607"}],"wp:term":[{"taxonomy":"category","embeddable":true,"href":"https:\/\/linitiative.ca\/International\/wp-json\/wp\/v2\/categories?post=121607"},{"taxonomy":"post_tag","embeddable":true,"href":"https:\/\/linitiative.ca\/International\/wp-json\/wp\/v2\/tags?post=121607"}],"curies":[{"name":"wp","href":"https:\/\/api.w.org\/{rel}","templated":true}]}}