{"id":121608,"date":"2021-07-16T17:10:44","date_gmt":"2021-07-16T21:10:44","guid":{"rendered":"https:\/\/linitiative.ca\/International\/tunisie-ennahdha-va-t-elle-se-resigner-a-maintenir-mechichi\/"},"modified":"2021-07-16T17:10:44","modified_gmt":"2021-07-16T21:10:44","slug":"tunisie-ennahdha-va-t-elle-se-resigner-a-maintenir-mechichi","status":"publish","type":"post","link":"https:\/\/linitiative.ca\/International\/tunisie-ennahdha-va-t-elle-se-resigner-a-maintenir-mechichi\/","title":{"rendered":"Tunisie \u2013 Ennahdha va-t-elle se r\u00e9signer \u00e0 maintenir Mechichi\u00a0?"},"content":{"rendered":"<div>\n<p>Les dirigeants d\u2019Ennahdha, Ghannouchi \u00e0 leur t\u00eate, n\u2019en finissent pas de harceler le chef du gouvernement, en lui demandant de fa\u00e7on trop pressante d\u2019op\u00e9rer une sorte de remaniement dans son \u00e9quipe. Le but, \u00e9tant, en premier lieu, de replacer Anouar Ma\u00e2rouf, \u00e0 La Kasbah, et, ensuite, et surtout, obtenir le d\u00e9part, puis le remplacement par [\u2026]<\/p>\n<p>L\u2019article <a href=\"https:\/\/www.tunisienumerique.com\/tunisie-ennahdha-va-t-elle-se-resigner-a-maintenir-mechichi\/\">Tunisie \u2013 Ennahdha va-t-elle se r\u00e9signer \u00e0 maintenir Mechichi\u00a0?<\/a> est apparu en premier sur <a href=\"https:\/\/www.tunisienumerique.com\/\">Tunisie<\/a>.<\/p>\n<\/div>\n<p>Auteur: Ramsis<br \/>\n<a href=\"https:\/\/www.tunisienumerique.com\/tunisie-ennahdha-va-t-elle-se-resigner-a-maintenir-mechichi\/\">Cliquez ici pour lire l&rsquo;article depuis sa source.<\/a><\/p>\n","protected":false},"excerpt":{"rendered":"<p>Les dirigeants d\u2019Ennahdha, Ghannouchi \u00e0 leur t\u00eate, n\u2019en finissent pas de harceler le chef du gouvernement, en lui demandant de fa\u00e7on trop pressante d\u2019op\u00e9rer une sorte de remaniement dans son \u00e9quipe. Le but, \u00e9tant, en premier lieu, de replacer Anouar Ma\u00e2rouf, \u00e0 La Kasbah, et, ensuite, et surtout, obtenir le d\u00e9part, puis le remplacement par [&hellip;]<\/p>\n","protected":false},"author":1789,"featured_media":0,"comment_status":"closed","ping_status":"closed","sticky":false,"template":"","format":"standard","meta":{"fifu_image_url":"","fifu_image_alt":"","footnotes":""},"categories":[73,55],"tags":[],"class_list":["post-121608","post","type-post","status-publish","format-standard","hentry","category-actualite","category-tunisie"],"_links":{"self":[{"href":"https:\/\/linitiative.ca\/International\/wp-json\/wp\/v2\/posts\/121608","targetHints":{"allow":["GET"]}}],"collection":[{"href":"https:\/\/linitiative.ca\/International\/wp-json\/wp\/v2\/posts"}],"about":[{"href":"https:\/\/linitiative.ca\/International\/wp-json\/wp\/v2\/types\/post"}],"author":[{"embeddable":true,"href":"https:\/\/linitiative.ca\/International\/wp-json\/wp\/v2\/users\/1789"}],"replies":[{"embeddable":true,"href":"https:\/\/linitiative.ca\/International\/wp-json\/wp\/v2\/comments?post=121608"}],"version-history":[{"count":0,"href":"https:\/\/linitiative.ca\/International\/wp-json\/wp\/v2\/posts\/121608\/revisions"}],"wp:attachment":[{"href":"https:\/\/linitiative.ca\/International\/wp-json\/wp\/v2\/media?parent=121608"}],"wp:term":[{"taxonomy":"category","embeddable":true,"href":"https:\/\/linitiative.ca\/International\/wp-json\/wp\/v2\/categories?post=121608"},{"taxonomy":"post_tag","embeddable":true,"href":"https:\/\/linitiative.ca\/International\/wp-json\/wp\/v2\/tags?post=121608"}],"curies":[{"name":"wp","href":"https:\/\/api.w.org\/{rel}","templated":true}]}}