{"id":121609,"date":"2021-07-16T17:18:47","date_gmt":"2021-07-16T21:18:47","guid":{"rendered":"https:\/\/linitiative.ca\/International\/tunisie-les-pharmaciens-refusent-dappliquer-le-tarif-impose-par-le-ministere-de-la-sante-pour-les-tests-rapides\/"},"modified":"2021-07-16T17:18:47","modified_gmt":"2021-07-16T21:18:47","slug":"tunisie-les-pharmaciens-refusent-dappliquer-le-tarif-impose-par-le-ministere-de-la-sante-pour-les-tests-rapides","status":"publish","type":"post","link":"https:\/\/linitiative.ca\/International\/tunisie-les-pharmaciens-refusent-dappliquer-le-tarif-impose-par-le-ministere-de-la-sante-pour-les-tests-rapides\/","title":{"rendered":"Tunisie \u2013 Les pharmaciens refusent d\u2019appliquer le tarif impos\u00e9 par le minist\u00e8re de la sant\u00e9 pour les tests rapides"},"content":{"rendered":"<div>\n<p>Le syndicat des pharmaciens a fait savoir, ce vendredi, qu\u2019il \u00e9tait oppos\u00e9 \u00e0 la d\u00e9cision prise par le ministre de la sant\u00e9, de fixer le prix du test rapide du covid \u00e0 20 DT. Le syndicat a fait savoir \u00e0 ses adh\u00e9rents, \u00e0 travers un communiqu\u00e9 publi\u00e9 ce vendredi, que cette d\u00e9cision du ministre n\u2019a [\u2026]<\/p>\n<p>L\u2019article <a href=\"https:\/\/www.tunisienumerique.com\/tunisie-les-pharmaciens-refusent-dappliquer-le-tarif-impose-par-le-ministere-de-la-sante-pour-les-tests-rapides\/\">Tunisie \u2013 Les pharmaciens refusent d\u2019appliquer le tarif impos\u00e9 par le minist\u00e8re de la sant\u00e9 pour les tests rapides<\/a> est apparu en premier sur <a href=\"https:\/\/www.tunisienumerique.com\/\">Tunisie<\/a>.<\/p>\n<\/div>\n<p>Auteur: LM<br \/>\n<a href=\"https:\/\/www.tunisienumerique.com\/tunisie-les-pharmaciens-refusent-dappliquer-le-tarif-impose-par-le-ministere-de-la-sante-pour-les-tests-rapides\/\">Cliquez ici pour lire l&rsquo;article depuis sa source.<\/a><\/p>\n","protected":false},"excerpt":{"rendered":"<p>Le syndicat des pharmaciens a fait savoir, ce vendredi, qu\u2019il \u00e9tait oppos\u00e9 \u00e0 la d\u00e9cision prise par le ministre de la sant\u00e9, de fixer le prix du test rapide du covid \u00e0 20 DT. Le syndicat a fait savoir \u00e0 ses adh\u00e9rents, \u00e0 travers un communiqu\u00e9 publi\u00e9 ce vendredi, que cette d\u00e9cision du ministre n\u2019a [&hellip;]<\/p>\n","protected":false},"author":1789,"featured_media":0,"comment_status":"closed","ping_status":"closed","sticky":false,"template":"","format":"standard","meta":{"fifu_image_url":"","fifu_image_alt":"","footnotes":""},"categories":[73,55],"tags":[],"class_list":["post-121609","post","type-post","status-publish","format-standard","hentry","category-actualite","category-tunisie"],"_links":{"self":[{"href":"https:\/\/linitiative.ca\/International\/wp-json\/wp\/v2\/posts\/121609","targetHints":{"allow":["GET"]}}],"collection":[{"href":"https:\/\/linitiative.ca\/International\/wp-json\/wp\/v2\/posts"}],"about":[{"href":"https:\/\/linitiative.ca\/International\/wp-json\/wp\/v2\/types\/post"}],"author":[{"embeddable":true,"href":"https:\/\/linitiative.ca\/International\/wp-json\/wp\/v2\/users\/1789"}],"replies":[{"embeddable":true,"href":"https:\/\/linitiative.ca\/International\/wp-json\/wp\/v2\/comments?post=121609"}],"version-history":[{"count":0,"href":"https:\/\/linitiative.ca\/International\/wp-json\/wp\/v2\/posts\/121609\/revisions"}],"wp:attachment":[{"href":"https:\/\/linitiative.ca\/International\/wp-json\/wp\/v2\/media?parent=121609"}],"wp:term":[{"taxonomy":"category","embeddable":true,"href":"https:\/\/linitiative.ca\/International\/wp-json\/wp\/v2\/categories?post=121609"},{"taxonomy":"post_tag","embeddable":true,"href":"https:\/\/linitiative.ca\/International\/wp-json\/wp\/v2\/tags?post=121609"}],"curies":[{"name":"wp","href":"https:\/\/api.w.org\/{rel}","templated":true}]}}