{"id":121611,"date":"2021-07-15T19:52:20","date_gmt":"2021-07-15T23:52:20","guid":{"rendered":"https:\/\/linitiative.ca\/International\/22e-ag-epe-poursuivre-la-rationalisation-des-depenses\/"},"modified":"2021-07-15T19:52:20","modified_gmt":"2021-07-15T23:52:20","slug":"22e-ag-epe-poursuivre-la-rationalisation-des-depenses","status":"publish","type":"post","link":"https:\/\/linitiative.ca\/International\/22e-ag-epe-poursuivre-la-rationalisation-des-depenses\/","title":{"rendered":"22e AG EPE  : poursuivre la  rationalisation des d\u00e9penses"},"content":{"rendered":"<div>\n<p><strong>La gestion 2020 de 112 entreprises publiques a \u00e9t\u00e9 valid\u00e9e par l\u2019Assembl\u00e9e g\u00e9n\u00e9rale des \u00e9tablissements publics de l\u2019Etat tenu le 15 juillet 2021.<\/strong><\/p>\n<figure id=\"attachment_37648\" aria-describedby=\"caption-attachment-37648\" style=\"width: 300px\" class=\"wp-caption alignright\"><img decoding=\"async\" loading=\"lazy\" class=\"wp-image-37648 size-medium\" src=\"https:\/\/linitiative.ca\/International\/wp-content\/uploads\/sites\/23\/2021\/07\/2-16-300x199-1.jpg\" alt=\"\" width=\"300\" height=\"199\" srcset=\"https:\/\/linitiative.ca\/International\/wp-content\/uploads\/sites\/23\/2021\/07\/2-16-300x199-1.jpg 300w, https:\/\/www.sidwaya.info\/wp-content\/uploads\/2021\/07\/2-16-150x100.jpg 150w, https:\/\/www.sidwaya.info\/wp-content\/uploads\/2021\/07\/2-16.jpg 595w\" sizes=\"auto, (max-width: 300px) 100vw, 300px\"><figcaption id=\"caption-attachment-37648\" class=\"wp-caption-text\">Le SG MINEFID, Seglaro Abel Som\u00e9\u00a0: \u00ab\u00a0des efforts doivent \u00eatre poursuivis par les EPE afin d\u2019am\u00e9liorer la qualit\u00e9 du service public rendu aux populations\u00a0\u00bb.<\/figcaption><\/figure>\n<p>La 22e Assembl\u00e9e g\u00e9n\u00e9rale des \u00e9tablissements publics de l\u2019Etat (AG\/EPE) s\u2019est tenue \u00e0 Ouagadougou le 15 juillet 2021. 112 entreprises publiques dont 18 fonds nationaux ont pr\u00e9sent\u00e9 leurs r\u00e9sultats r\u00e9alis\u00e9s en 2020. \u00ab\u00a0L\u2019Assembl\u00e9e g\u00e9n\u00e9rale des \u00e9tablissements publics de l\u2019Etat a marqu\u00e9 sa satisfaction du bilan auquel sont parvenus les EPE au titre de l\u2019exercice 2020\u00a0\u00bb, a d\u00e9clar\u00e9 le rapporteur g\u00e9n\u00e9ral de l\u2019assembl\u00e9e, Seglaro Abel Som\u00e9, par ailleurs secr\u00e9taire g\u00e9n\u00e9ral du minist\u00e8re de l\u2019Economie, des Finances et du D\u00e9veloppement. En effet, l\u2019analyse des \u00e9tats financiers des EPE r\u00e9v\u00e8le une hausse globale de recettes de 15,40% entre 2019 et 2020.<\/p>\n<p>De m\u00eame, les responsables ont \u00e9t\u00e9 prudents dans l\u2019ex\u00e9cution des d\u00e9penses budg\u00e9taires, en t\u00e9moigne le ratio de la couverture des d\u00e9penses par les recettes qui se situe \u00e0 115, 51% en 2020 contre 114, ,42% en 2019. Ces performances ont \u00e9t\u00e9 salu\u00e9es par le Premier ministre, pr\u00e9sident par d\u00e9l\u00e9gation de l\u2019AG\/EPE, repr\u00e9sent\u00e9 par le ministre de l\u2019Education nationale, de l\u2019Alphab\u00e9tisation et de Promotion des langues nationales, Stanislas Ouaro. \u00ab\u00a0Au terme de cette session, je voudrais adresser mes f\u00e9licitations et encouragements aux dirigeants et l\u2019 ensemble des travailleurs des EPE ,qui font preuve de loyaut\u00e9, de patriotisme et de professionnalisme dans l\u2019accomplissement de leurs missions dans des conditions parfois difficiles.\u00a0\u00bb, a-t-il dit.Cependant des insuffisances ont \u00e9t\u00e9 relev\u00e9es. Il s\u2019agit de l\u2019accroissement des d\u00e9penses de fonctionnement pour la plupart des structures et du non-respect des r\u00e8gles de gestion pour quelques-unes.<\/p>\n<p><strong>D\u00e9velopper une d\u00e9marche qualit\u00e9<\/strong><\/p>\n<p>Un constat qui a conduit l\u2019assembl\u00e9e g\u00e9n\u00e9rale des EPE a formul\u00e9 trois recommandations. Ainsi les responsables charg\u00e9s du pilotage et de la gestion des entreprises doivent poursuivre les efforts de rationalisation des d\u00e9penses publiques et tenir des rencontres sectorielles par d\u00e9partement minist\u00e9riel au moins un mois avant l\u2019assembl\u00e9e g\u00e9n\u00e9rale. Les fonds nationaux de financement au nombre de 18 ont \u00e9t\u00e9 somm\u00e9s de mener des actions en vue de recouvrer le maximum de cr\u00e9dits aupr\u00e8s de leurs clients. L\u2019institut g\u00e9ographique du Burkina (IGB) doit produire \u00e0 l\u2019attention du gouvernement un rapport assorti de propositions de solutions sur les difficult\u00e9s d\u2019exploitation de l\u2019avion photographique.<br \/>\nL\u2019Ecole normale sup\u00e9rieure de Koudougou (ENSK), le Fonds national de la finance inclusive (FONAFI) et l\u2019Universit\u00e9 virtuelle du Burkina Faso (UV-BF) ont soumis des rapports d\u2019explication dont l\u2019assembl\u00e9e a pris acte.<\/p>\n<figure id=\"attachment_37649\" aria-describedby=\"caption-attachment-37649\" style=\"width: 300px\" class=\"wp-caption alignleft\"><img decoding=\"async\" loading=\"lazy\" class=\"wp-image-37649 size-medium\" src=\"https:\/\/linitiative.ca\/International\/wp-content\/uploads\/sites\/23\/2021\/07\/3-7-300x169-1.jpg\" alt=\"\" width=\"300\" height=\"169\" srcset=\"https:\/\/linitiative.ca\/International\/wp-content\/uploads\/sites\/23\/2021\/07\/3-7-300x169-1.jpg 300w, https:\/\/www.sidwaya.info\/wp-content\/uploads\/2021\/07\/3-7-150x84.jpg 150w, https:\/\/www.sidwaya.info\/wp-content\/uploads\/2021\/07\/3-7.jpg 595w\" sizes=\"auto, (max-width: 300px) 100vw, 300px\"><figcaption id=\"caption-attachment-37649\" class=\"wp-caption-text\">L\u2019Assembl\u00e9e g\u00e9n\u00e9rale des EPE a recommand\u00e9 au minist\u00e8re de la S\u00e9curit\u00e9 d\u2019engager des concertations en vue de rendre op\u00e9rationnel l\u2019Office national de s\u00e9curisation des sites miniers.<\/figcaption><\/figure>\n<p>Le Fonds sp\u00e9cial routier du Burkina (FSR-B) a \u00e9t\u00e9 enjoint de mettre \u00e0 jour sa comptabilit\u00e9 et pr\u00e9senter en bonne et due forme ses \u00e9tats financiers lors de la prochaine assisse pr\u00e9vue les 21 et 22 juillet 2022.\u00abLa qualit\u00e9 des services rendus aux usagers des Etablissements publics de l\u2019Etat (EPE) : enjeux, mesures et perspectives \u00bb, tel a \u00e9t\u00e9 le th\u00e8me de cette 22e AG\/EPE. Aussi, les participants ont \u00e9t\u00e9 exhort\u00e9s \u00e0 s\u2019inscrire dans l\u2019approche qualit\u00e9 en vue d\u2019am\u00e9liorer les services rendus aux utilisateurs. Ils ont \u00e9t\u00e9 aussi invit\u00e9s \u00e0 la mise en \u0153uvre des r\u00e9solutions et recommandations dans les d\u00e9lais pour am\u00e9liorer la rigueur dans la gestion des finances publiques et la qualit\u00e9 de service aux usagers.<\/p>\n<p style=\"text-align: right\">\n<p><strong>Nad\u00e8ge YE<\/strong><\/p>\n<p>L\u2019article <a rel=\"nofollow\" href=\"https:\/\/www.sidwaya.info\/blog\/2021\/07\/15\/22e-ag-epe-poursuivre-la-rationalisation-des-depenses\/\">22e AG EPE  : poursuivre la  rationalisation des d\u00e9penses<\/a> est apparu en premier sur <a rel=\"nofollow\" href=\"https:\/\/www.sidwaya.info\/\">Quotidien Sidwaya<\/a>.<\/p>\n<\/div>\n<p>Auteur: BM. Sidwaya<br \/>\n<a href=\"https:\/\/www.sidwaya.info\/blog\/2021\/07\/15\/22e-ag-epe-poursuivre-la-rationalisation-des-depenses\/\">Cliquez ici pour lire l&rsquo;article depuis sa source.<\/a><\/p>\n","protected":false},"excerpt":{"rendered":"<p>La gestion 2020 de 112 entreprises publiques a \u00e9t\u00e9 valid\u00e9e par l\u2019Assembl\u00e9e g\u00e9n\u00e9rale des \u00e9tablissements publics de l\u2019Etat tenu le 15 juillet 2021. Le SG MINEFID, Seglaro Abel Som\u00e9\u00a0: \u00ab\u00a0des efforts doivent \u00eatre poursuivis par les EPE afin d\u2019am\u00e9liorer la qualit\u00e9 du service public rendu aux populations\u00a0\u00bb. La 22e Assembl\u00e9e g\u00e9n\u00e9rale des \u00e9tablissements publics de [&hellip;]<\/p>\n","protected":false},"author":1816,"featured_media":0,"comment_status":"closed","ping_status":"closed","sticky":false,"template":"","format":"standard","meta":{"fifu_image_url":"https:\/\/www.sidwaya.info\/wp-content\/uploads\/2021\/07\/2-16-300x199.jpg","fifu_image_alt":"22e AG EPE  : poursuivre la  rationalisation des d\u00e9penses","footnotes":""},"categories":[73,81],"tags":[],"class_list":["post-121611","post","type-post","status-publish","format-standard","hentry","category-actualite","category-burkina-faso"],"_links":{"self":[{"href":"https:\/\/linitiative.ca\/International\/wp-json\/wp\/v2\/posts\/121611","targetHints":{"allow":["GET"]}}],"collection":[{"href":"https:\/\/linitiative.ca\/International\/wp-json\/wp\/v2\/posts"}],"about":[{"href":"https:\/\/linitiative.ca\/International\/wp-json\/wp\/v2\/types\/post"}],"author":[{"embeddable":true,"href":"https:\/\/linitiative.ca\/International\/wp-json\/wp\/v2\/users\/1816"}],"replies":[{"embeddable":true,"href":"https:\/\/linitiative.ca\/International\/wp-json\/wp\/v2\/comments?post=121611"}],"version-history":[{"count":0,"href":"https:\/\/linitiative.ca\/International\/wp-json\/wp\/v2\/posts\/121611\/revisions"}],"wp:attachment":[{"href":"https:\/\/linitiative.ca\/International\/wp-json\/wp\/v2\/media?parent=121611"}],"wp:term":[{"taxonomy":"category","embeddable":true,"href":"https:\/\/linitiative.ca\/International\/wp-json\/wp\/v2\/categories?post=121611"},{"taxonomy":"post_tag","embeddable":true,"href":"https:\/\/linitiative.ca\/International\/wp-json\/wp\/v2\/tags?post=121611"}],"curies":[{"name":"wp","href":"https:\/\/api.w.org\/{rel}","templated":true}]}}