{"id":121615,"date":"2021-07-15T22:55:05","date_gmt":"2021-07-16T02:55:05","guid":{"rendered":"https:\/\/linitiative.ca\/International\/concours-prix-galian-2021-pari-reussi-pour-la-24e-edition\/"},"modified":"2021-07-15T22:55:05","modified_gmt":"2021-07-16T02:55:05","slug":"concours-prix-galian-2021-pari-reussi-pour-la-24e-edition","status":"publish","type":"post","link":"https:\/\/linitiative.ca\/International\/concours-prix-galian-2021-pari-reussi-pour-la-24e-edition\/","title":{"rendered":"Concours prix Galian 2021 : pari r\u00e9ussi pour la 24e \u00e9dition"},"content":{"rendered":"<div>\n<p><strong>Le minist\u00e8re de la Communication et des Relations avec le Parlement a organis\u00e9, le jeudi 15 juillet 2021, \u00e0 Ouagadougou, la 24e nuit des Galian. Les meilleures \u0153uvres journalistiques ont \u00e9t\u00e9 r\u00e9compens\u00e9es.<\/strong><\/p>\n<figure id=\"attachment_37657\" aria-describedby=\"caption-attachment-37657\" style=\"width: 300px\" class=\"wp-caption alignleft\"><img decoding=\"async\" loading=\"lazy\" class=\"wp-image-37657 size-medium\" src=\"https:\/\/linitiative.ca\/International\/wp-content\/uploads\/sites\/23\/2021\/07\/2-17-300x200-1.jpg\" alt=\"\" width=\"300\" height=\"200\" srcset=\"https:\/\/linitiative.ca\/International\/wp-content\/uploads\/sites\/23\/2021\/07\/2-17-300x200-1.jpg 300w, https:\/\/www.sidwaya.info\/wp-content\/uploads\/2021\/07\/2-17-150x100.jpg 150w, https:\/\/www.sidwaya.info\/wp-content\/uploads\/2021\/07\/2-17.jpg 595w\" sizes=\"auto, (max-width: 300px) 100vw, 300px\"><figcaption id=\"caption-attachment-37657\" class=\"wp-caption-text\">Les laur\u00e9ats de la \u201cmaison commune\u201d.<\/figcaption><\/figure>\n<p>Apr\u00e8s le rendez manqu\u00e9 du 25 juin dernier, la 24e nuit des Galian s\u2019est tenue, le jeudi 15 juillet 2021, \u00e0 Ouagadougou. C\u2019est \u00e0 travers une c\u00e9r\u00e9monie \u00ab conviviale \u00bb que les meilleures \u0153uvres journalistiques de l\u2019ann\u00e9e 2020 ont \u00e9t\u00e9 r\u00e9compens\u00e9es. Discours, prestations musicales et r\u00e9compenses des \u0153uvres productions journalistiques ont ponctu\u00e9 cette \u00e9dition des Galian. Selon le pr\u00e9sident du comit\u00e9 d\u2019organisation, Rabankhi Abou-Bakr Zida, la 24e \u00e9dition du concours prix Galian a enregistr\u00e9 au total 129 candidatures, soit 258 \u0153uvres journalistiques. Chaque candidat doit pr\u00e9senter deux productions. Ainsi, 26 \u0153uvres pour la cat\u00e9gorie langue nationale, 24 dans la cat\u00e9gorie presse en ligne, 108 dans la cat\u00e9gorie radiodiffusion sonore et t\u00e9l\u00e9visuelle en langue fran\u00e7aise et 100 en presse \u00e9crite en langue fran\u00e7aise ont \u00e9t\u00e9 enregistr\u00e9es. \u00ab Ce sont les meilleures \u0153uvres parmi celles en comp\u00e9tition qui seront prim\u00e9es \u00bb, a-t-il indiqu\u00e9.<\/p>\n<p>A l\u2019en croire, le comit\u00e9 d\u2019organisation a pu relever beaucoup de d\u00e9fis gr\u00e2ce \u00e0 l\u2019appui et \u00e0 l\u2019accompagnement de plusieurs partenaires publics et priv\u00e9s. M. Zida a f\u00e9licit\u00e9 les membres des quatre jurys qui, en d\u00e9pit de leurs agendas charg\u00e9s, ont consenti des efforts pour s\u2019associer \u00e0 la r\u00e9alisation de cette manifestation majeure du monde de l\u2019information et de la communication. Il a traduit la gratitude du comit\u00e9 d\u2019organisation au ministre en charge de la communication pour la qualit\u00e9 de son coaching et pour la confiance plac\u00e9e en eux. Le ministre de la Communication, des Relations avec le Parlement (MCRP), Dr Ousseni Tamboura, a rendu un vibrant hommage aux professionnels des m\u00e9dias pour leur contribution au d\u00e9veloppement \u00e0 travers l\u2019information de la population, la formation des opinions et la promotion de la libert\u00e9 d\u2019opinion et d\u2019expression. Les journalistes, a-t-il dit, participent \u00ab efficacement \u00bb \u00e0 l\u2019ancrage de la d\u00e9mocratie au Burkina Faso et il convient de saluer leur m\u00e9rite quand cela est fait dans l\u2019excellence. \u00ab Cette excellence que nous c\u00e9l\u00e9brons ce soir \u00e0 travers la 24e \u00e9dition de la nuit des Galian qui sacre les meilleures \u0153uvres prim\u00e9es \u00e0 l\u2019issue de l\u2019\u00e9dition 2021 du concours prix Galian dans la presse \u00e9crite, la presse en ligne et la presse audiovisuelle \u00bb, a-t-il soutenu.<\/p>\n<p>Aux dires de M. Tamboura, le concours Galian contribue \u00e0 travers son \u00e9dition annuelle \u00e0 stimuler l\u2019excellence dans le journalisme. Pour inciter davantage, a-t-il laiss\u00e9 entendre, \u00e0 une bonne qualit\u00e9 des productions journalistiques et am\u00e9liorer le cap de la performance dans les m\u00e9dias publics et priv\u00e9s, son d\u00e9partement s\u2019est engag\u00e9 dans une dynamique de r\u00e9formes du concours Galian qui a aujourd\u2019hui 25 ans. Au regard des multiples mutations dans le secteur, a-t-il ajout\u00e9, le concours a besoin de se rajeunir pour continuer \u00e0 servir la professionnalisation du secteur de la communication. A \u00e9couter Ousseni Tamboura, cette \u00e9dition se pr\u00e9sente donc comme celle de la transition et constitue un tournant d\u00e9cisif au regard de la nouvelle vision qu\u2019il envisage imprimer \u00e0 ce concours.<\/p>\n<p><strong>Des r\u00e9formes annonc\u00e9es<\/strong><\/p>\n<p>\u00ab Apr\u00e8s 24 \u00e9ditions, il me parait judicieux d\u2019op\u00e9rer des r\u00e9formes en vue de donner une nouvelle dynamique \u00e0 l\u2019\u00e9v\u00e9nement et renforcer ses ambitions, c\u2019est-\u00e0-dire, stimuler la qualit\u00e9 et la capacit\u00e9 des acteurs \u00bb, a-t-il pr\u00e9cis\u00e9. Pour ce faire, a-t-il expliqu\u00e9, un atelier qui a regroup\u00e9 les professionnels des m\u00e9dias a \u00e9t\u00e9 organis\u00e9 du 10 au 11 juin dernier \u00e0 Kaya afin de jeter les bases d\u2019un nouveau format aussi bien sur la forme que sur le fonds. Ces r\u00e9formes, a annonc\u00e9 le porte-parole du gouvernement, concernent, entre autres, la mise en place d\u2019un syst\u00e8me d\u2019observation et de suivi continu des \u0153uvres journalistiques plut\u00f4t que les candidatures spontan\u00e9es telles que pratiqu\u00e9es jusqu\u2019\u00e0 cette \u00e9dition, la r\u00e9duction des genres r\u00e9dactionnelles en comp\u00e9tition pour diminuer les risques de confusion des genres constat\u00e9e au cours des derni\u00e8res \u00e9ditions. De l\u2019avis de Dr Tamboura, la r\u00e9duction des genres permettra en plus la revalorisation des prix d\u00e9cern\u00e9s et enfin, la r\u00e9duction des membres des jurys. \u00ab Une large concertation sera men\u00e9e avec les doyens du secteur, les universitaires et les faiti\u00e8res des m\u00e9dias sur ces diff\u00e9rents points afin de trouver ensemble les meilleurs moyens de porter toujours haut le concours Galian, cette heureuse initiative port\u00e9e par des pionniers depuis 1997 \u00bb, a-t-il laiss\u00e9 entendre. Le patron de la c\u00e9r\u00e9monie, le pr\u00e9sident de l\u2019Assembl\u00e9e nationale, Alassane Bala Sakand\u00e9, a f\u00e9licit\u00e9 le ministre de la communication et son personnel pour avoir tenu le pari de l\u2019organisation de cette \u00e9dition. Pour lui, la nuit des Galian se bonifie et il y a une am\u00e9lioration tant au niveau de l\u2019organisation qu\u2019aux prix. Il a invit\u00e9 tous ceux qui ont \u00e9t\u00e9 candidat\u00e9s \u00e0 ce rendez-vous de 2021 \u00e0 plus d\u2019ardeur au travail et de responsabilit\u00e9.<\/p>\n<p>\u00ab\u00a0Pour nous, ce n\u2019est pas un rendez-vous manqu\u00e9. L\u2019ann\u00e9e prochaine, lors de la 25e \u00e9dition, l\u2019Assembl\u00e9e nationale associera son image \u00e0 l\u2019activit\u00e9. C\u2019est une fa\u00e7on pour nous d\u2019apporter notre soutien aux m\u00e9dias et \u00e0 notre partenaire, le minist\u00e8re de la Communication et des Relations avec le Parlement\u00a0\u00bb, a-t-il annonc\u00e9. Une minute de silence a \u00e9t\u00e9 observ\u00e9e \u00e0 la m\u00e9moire des journalistes et des \u00e9l\u00e9ments des Forces de d\u00e9fense et de s\u00e9curit\u00e9 d\u00e9c\u00e9d\u00e9s.<\/p>\n<p style=\"text-align: right\"><strong>Timoth\u00e9e SOME<\/strong><br \/>\n<strong>timothesom@yahoo.fr<\/strong><br \/>\n<strong>Aly Sawadogo<\/strong><\/p>\n<p>\u00a0<\/p>\n<p>L\u2019article <a rel=\"nofollow\" href=\"https:\/\/www.sidwaya.info\/blog\/2021\/07\/16\/concours-prix-galian-2021-pari-reussi-pour-la-24e-edition\/\">Concours prix Galian 2021 : pari r\u00e9ussi pour la 24e \u00e9dition<\/a> est apparu en premier sur <a rel=\"nofollow\" href=\"https:\/\/www.sidwaya.info\/\">Quotidien Sidwaya<\/a>.<\/p>\n<\/div>\n<p>Auteur: BM. Sidwaya<br \/>\n<a href=\"https:\/\/www.sidwaya.info\/blog\/2021\/07\/16\/concours-prix-galian-2021-pari-reussi-pour-la-24e-edition\/\">Cliquez ici pour lire l&rsquo;article depuis sa source.<\/a><\/p>\n","protected":false},"excerpt":{"rendered":"<p>Le minist\u00e8re de la Communication et des Relations avec le Parlement a organis\u00e9, le jeudi 15 juillet 2021, \u00e0 Ouagadougou, la 24e nuit des Galian. Les meilleures \u0153uvres journalistiques ont \u00e9t\u00e9 r\u00e9compens\u00e9es. Les laur\u00e9ats de la \u201cmaison commune\u201d. Apr\u00e8s le rendez manqu\u00e9 du 25 juin dernier, la 24e nuit des Galian s\u2019est tenue, le jeudi [&hellip;]<\/p>\n","protected":false},"author":1816,"featured_media":0,"comment_status":"closed","ping_status":"closed","sticky":false,"template":"","format":"standard","meta":{"fifu_image_url":"https:\/\/www.sidwaya.info\/wp-content\/uploads\/2021\/07\/2-17-300x200.jpg","fifu_image_alt":"Concours prix Galian 2021 : pari r\u00e9ussi pour la 24e \u00e9dition","footnotes":""},"categories":[73,81],"tags":[],"class_list":["post-121615","post","type-post","status-publish","format-standard","hentry","category-actualite","category-burkina-faso"],"_links":{"self":[{"href":"https:\/\/linitiative.ca\/International\/wp-json\/wp\/v2\/posts\/121615","targetHints":{"allow":["GET"]}}],"collection":[{"href":"https:\/\/linitiative.ca\/International\/wp-json\/wp\/v2\/posts"}],"about":[{"href":"https:\/\/linitiative.ca\/International\/wp-json\/wp\/v2\/types\/post"}],"author":[{"embeddable":true,"href":"https:\/\/linitiative.ca\/International\/wp-json\/wp\/v2\/users\/1816"}],"replies":[{"embeddable":true,"href":"https:\/\/linitiative.ca\/International\/wp-json\/wp\/v2\/comments?post=121615"}],"version-history":[{"count":0,"href":"https:\/\/linitiative.ca\/International\/wp-json\/wp\/v2\/posts\/121615\/revisions"}],"wp:attachment":[{"href":"https:\/\/linitiative.ca\/International\/wp-json\/wp\/v2\/media?parent=121615"}],"wp:term":[{"taxonomy":"category","embeddable":true,"href":"https:\/\/linitiative.ca\/International\/wp-json\/wp\/v2\/categories?post=121615"},{"taxonomy":"post_tag","embeddable":true,"href":"https:\/\/linitiative.ca\/International\/wp-json\/wp\/v2\/tags?post=121615"}],"curies":[{"name":"wp","href":"https:\/\/api.w.org\/{rel}","templated":true}]}}