{"id":121618,"date":"2021-07-16T15:18:02","date_gmt":"2021-07-16T19:18:02","guid":{"rendered":"https:\/\/linitiative.ca\/International\/cote-divoire-sidonie-amoakon-quitte-lanp-pour-les-nations-unies\/"},"modified":"2021-07-16T15:18:02","modified_gmt":"2021-07-16T19:18:02","slug":"cote-divoire-sidonie-amoakon-quitte-lanp-pour-les-nations-unies","status":"publish","type":"post","link":"https:\/\/linitiative.ca\/International\/cote-divoire-sidonie-amoakon-quitte-lanp-pour-les-nations-unies\/","title":{"rendered":"C\u00f4te d\u2019Ivoire: Sidonie Amoakon quitte l\u2019ANP pour les Nations-Unies"},"content":{"rendered":"<div>\n<p><img loading=\"lazy\" decoding=\"async\" width=\"900\" height=\"600\" src=\"https:\/\/linitiative.ca\/International\/wp-content\/uploads\/sites\/23\/2021\/07\/16264630827612.jpg\" class=\"attachment-post-thumbnail size-post-thumbnail wp-post-image\" alt=\"\" srcset=\"https:\/\/linitiative.ca\/International\/wp-content\/uploads\/sites\/23\/2021\/07\/16264630827612.jpg 900w, https:\/\/www.journalducameroun.com\/wp-content\/uploads\/2021\/07\/16264630827612-300x200.jpg 300w, https:\/\/www.journalducameroun.com\/wp-content\/uploads\/2021\/07\/16264630827612-768x512.jpg 768w, https:\/\/www.journalducameroun.com\/wp-content\/uploads\/2021\/07\/16264630827612-660x440.jpg 660w, https:\/\/www.journalducameroun.com\/wp-content\/uploads\/2021\/07\/16264630827612-600x400.jpg 600w\" sizes=\"auto, (max-width: 900px) 100vw, 900px\"><\/p>\n<p>L&rsquo;Ivoirienne Armelle Sidonie Amoakon, secr\u00e9taire g\u00e9n\u00e9rale de l&rsquo;Autorit\u00e9 nationale de la presse (ANP), quitte cet organe de r\u00e9gulation de la presse imprim\u00e9e et num\u00e9rique pour int\u00e9grer une mission de l&rsquo;Organisation des Nations Unies.<\/p>\n<p>Mme Armelle Sidonie Amoakon quitte l&rsquo;ANP, l&rsquo;ex-Conseil national de la presse (CNP), apr\u00e8s 15 ans de service pour entamer une carri\u00e8re internationale au sein des Nations-Unies. Une c\u00e9r\u00e9monie d&rsquo;au revoir a \u00e9t\u00e9 organis\u00e9e, vendredi apr\u00e8s-midi, \u00e0 son honneur au si\u00e8ge de l&rsquo;organe de r\u00e9gulation.<\/p>\n<p>Au cours de cette c\u00e9r\u00e9monie empreinte d&rsquo;\u00e9motion, les diff\u00e9rentes entit\u00e9s de l&rsquo;ANP ont salu\u00e9 \u00e0 l&rsquo;unanimit\u00e9 \u00ab l&rsquo;abn\u00e9gation, la rigueur \u00bb avec laquelle elle a conduit l&rsquo;administration de cette instance de r\u00e9gulation de la presse.<\/p>\n<p>Pr\u00e9sent \u00e0 cette c\u00e9r\u00e9monie, le pr\u00e9sident de l&rsquo;Autorit\u00e9 nationale de la presse, Samba Kon\u00e9, a f\u00e9licit\u00e9 Mme Sidonie Amoakon, lui souhaitant le succ\u00e8s dans sa nouvelle fonction. M. Kon\u00e9 \u00e9tait \u00e0 la fois content et triste de voir partir cette derni\u00e8re qui a assur\u00e9 avec dext\u00e9rit\u00e9 ce poste.<\/p>\n<p>Cet article <a rel=\"nofollow\" href=\"https:\/\/www.journalducameroun.com\/cote-divoire-sidonie-amoakon-quitte-lanp-pour-les-nations-unies\/\">C\u00f4te d\u2019Ivoire: Sidonie Amoakon quitte l\u2019ANP pour les Nations-Unies<\/a> est apparu en premier sur <a rel=\"nofollow\" href=\"https:\/\/www.journalducameroun.com\/\">Journal du Cameroun<\/a>.<\/p>\n<\/div>\n<p>Auteur: APA News<br \/>\n<a href=\"https:\/\/www.journalducameroun.com\/cote-divoire-sidonie-amoakon-quitte-lanp-pour-les-nations-unies\/\">Cliquez ici pour lire l&rsquo;article depuis sa source.<\/a><\/p>\n","protected":false},"excerpt":{"rendered":"<p>L&rsquo;Ivoirienne Armelle Sidonie Amoakon, secr\u00e9taire g\u00e9n\u00e9rale de l&rsquo;Autorit\u00e9 nationale de la presse (ANP), quitte cet organe de r\u00e9gulation de la presse imprim\u00e9e et num\u00e9rique pour int\u00e9grer une mission de l&rsquo;Organisation des Nations Unies. Mme Armelle Sidonie Amoakon quitte l&rsquo;ANP, l&rsquo;ex-Conseil national de la presse (CNP), apr\u00e8s 15 ans de service pour entamer une carri\u00e8re internationale [&hellip;]<\/p>\n","protected":false},"author":1965,"featured_media":0,"comment_status":"closed","ping_status":"closed","sticky":false,"template":"","format":"standard","meta":{"fifu_image_url":"https:\/\/www.journalducameroun.com\/wp-content\/uploads\/2021\/07\/16264630827612.jpg","fifu_image_alt":"C\u00f4te d\u2019Ivoire: Sidonie Amoakon quitte l\u2019ANP pour les Nations-Unies","footnotes":""},"categories":[73,82],"tags":[],"class_list":["post-121618","post","type-post","status-publish","format-standard","hentry","category-actualite","category-cameroun"],"_links":{"self":[{"href":"https:\/\/linitiative.ca\/International\/wp-json\/wp\/v2\/posts\/121618","targetHints":{"allow":["GET"]}}],"collection":[{"href":"https:\/\/linitiative.ca\/International\/wp-json\/wp\/v2\/posts"}],"about":[{"href":"https:\/\/linitiative.ca\/International\/wp-json\/wp\/v2\/types\/post"}],"author":[{"embeddable":true,"href":"https:\/\/linitiative.ca\/International\/wp-json\/wp\/v2\/users\/1965"}],"replies":[{"embeddable":true,"href":"https:\/\/linitiative.ca\/International\/wp-json\/wp\/v2\/comments?post=121618"}],"version-history":[{"count":0,"href":"https:\/\/linitiative.ca\/International\/wp-json\/wp\/v2\/posts\/121618\/revisions"}],"wp:attachment":[{"href":"https:\/\/linitiative.ca\/International\/wp-json\/wp\/v2\/media?parent=121618"}],"wp:term":[{"taxonomy":"category","embeddable":true,"href":"https:\/\/linitiative.ca\/International\/wp-json\/wp\/v2\/categories?post=121618"},{"taxonomy":"post_tag","embeddable":true,"href":"https:\/\/linitiative.ca\/International\/wp-json\/wp\/v2\/tags?post=121618"}],"curies":[{"name":"wp","href":"https:\/\/api.w.org\/{rel}","templated":true}]}}