{"id":121620,"date":"2021-07-16T15:18:02","date_gmt":"2021-07-16T19:18:02","guid":{"rendered":"https:\/\/linitiative.ca\/International\/cote-divoire-la-sfi-lance-un-programme-pour-lacces-aux-equipements-medicaux\/"},"modified":"2021-07-16T15:18:02","modified_gmt":"2021-07-16T19:18:02","slug":"cote-divoire-la-sfi-lance-un-programme-pour-lacces-aux-equipements-medicaux","status":"publish","type":"post","link":"https:\/\/linitiative.ca\/International\/cote-divoire-la-sfi-lance-un-programme-pour-lacces-aux-equipements-medicaux\/","title":{"rendered":"C\u00f4te d\u2019Ivoire: la SFI lance un Programme pour l\u2019acc\u00e8s aux \u00e9quipements m\u00e9dicaux"},"content":{"rendered":"<div>\n<p><img loading=\"lazy\" decoding=\"async\" width=\"1280\" height=\"853\" src=\"https:\/\/linitiative.ca\/International\/wp-content\/uploads\/sites\/23\/2021\/07\/16264630828504.jpg\" class=\"attachment-post-thumbnail size-post-thumbnail wp-post-image\" alt=\"\" srcset=\"https:\/\/linitiative.ca\/International\/wp-content\/uploads\/sites\/23\/2021\/07\/16264630828504.jpg 1280w, https:\/\/www.journalducameroun.com\/wp-content\/uploads\/2021\/07\/16264630828504-300x200.jpg 300w, https:\/\/www.journalducameroun.com\/wp-content\/uploads\/2021\/07\/16264630828504-768x512.jpg 768w, https:\/\/www.journalducameroun.com\/wp-content\/uploads\/2021\/07\/16264630828504-1024x682.jpg 1024w, https:\/\/www.journalducameroun.com\/wp-content\/uploads\/2021\/07\/16264630828504-660x440.jpg 660w, https:\/\/www.journalducameroun.com\/wp-content\/uploads\/2021\/07\/16264630828504-600x400.jpg 600w\" sizes=\"auto, (max-width: 1280px) 100vw, 1280px\"><\/p>\n<p>Le directeur g\u00e9n\u00e9ral de la Soci\u00e9t\u00e9 financi\u00e8re internationale (SFI), Makhtar Diop, a lanc\u00e9 vendredi \u00e0 Abidjan le Programme pour faciliter l&rsquo;acc\u00e8s aux \u00e9quipements m\u00e9dicaux pour la C\u00f4te d&rsquo;Ivoire, en pr\u00e9sence du Premier ministre ivoirien Patrick Achi.<\/p>\n<p>Le Programme pour l&rsquo;acc\u00e8s aux \u00e9quipements m\u00e9dicaux en Afrique (AMEF) pour la C\u00f4te d&rsquo;Ivoire vise \u00e0 r\u00e9pondre \u00e0 aider les h\u00f4pitaux, les cliniques, les laboratoires et les centres d&rsquo;imagerie m\u00e9dicale \u00e0 acqu\u00e9rir du mat\u00e9riel de pointe.\u00a0<\/p>\n<p>La SFI partage le risque avec l&rsquo;\u00e9tablissement bancaire. Un m\u00e9canisme qui vient soutenir le portefeuille de la banque afin d&rsquo;octroyer du cr\u00e9dit aux PME du secteur de la sant\u00e9 qui peinent \u00e0 obtenir des pr\u00eats bancaires pour acheter ou louer des \u00e9quipements m\u00e9dicaux essentiels.\u00a0<\/p>\n<p>M. Makthar Diop a fait savoir que \u00ab\u00a0les investisseurs veulent utiliser le secteur de la sant\u00e9 comme \u00e9tant un secteur qui permettra de cr\u00e9er les emplois, de la richesse mais \u00e9galement de satisfaire \u00e0 la demande sociale\u00a0\u00bb.<\/p>\n<p>Les besoins en mati\u00e8re de sant\u00e9 deviennent de plus en plus importants avec l&rsquo;allongement du cycle de vie active et l&rsquo;esp\u00e9rance de vie qui s&rsquo;accro\u00eet dans les pays. De ce fait, la SFI veut accompagner le secteur de la sant\u00e9 pour s&rsquo;\u00e9quiper en mat\u00e9riels de pointe.<\/p>\n<p>Le directeur g\u00e9n\u00e9ral de la SFI, la branche de la Banque mondiale en charge du secteur priv\u00e9, a fait observer que \u00ab\u00a0le secteur bancaire n&rsquo;est pas familier avec l&rsquo;appr\u00e9ciation du risque dans le secteur de la sant\u00e9\u00a0\u00bb.<\/p>\n<p>Ce programme \u00ab\u00a0permettra au secteur bancaire en g\u00e9n\u00e9ral de se familiariser \u00e0 l&rsquo;appr\u00e9ciation du risque dans le secteur des services qui \u00e0 mon avis augmente de fa\u00e7on exponentielle dans les pays africains\u00a0\u00bb, a-t-il ajout\u00e9.<\/p>\n<p>Ensuite, dira-t-il, \u00ab\u00a0on se rend compte que quand on va dans les services de sant\u00e9 (en Afrique) on constate qu&rsquo;il y a un \u00e9quipement de qualit\u00e9 qui a \u00e9t\u00e9 utilis\u00e9 pour une ann\u00e9e ou deux et qui est maintenant dans une arri\u00e8re cour, qui n&rsquo;est pas maintenue et qui ne sert plus \u00e0 rien\u00a0\u00bb.<\/p>\n<p>Le Premier ministre Patrick Achi a soulign\u00e9 l&rsquo;importance pour les acteurs du secteur de la sant\u00e9 de traiter directement avec les \u00e9quipementiers m\u00e9dicaux pour assurer une maintenance continue de leurs appareils, voire installer une succursale dans le pays.\u00a0<\/p>\n<p>M. Patrick Achi a relev\u00e9 que les difficult\u00e9s pour les PME pour cro\u00eetre sont \u00ab\u00a0r\u00e9els\u00a0\u00bb, assurant que l&rsquo;Etat est dispos\u00e9 \u00e0 apporter \u00ab\u00a0des solutions rapides\u00a0\u00bb, entre autre, un fonds de garantie pour accompagner ce programme. Toute chose qui permettra de cr\u00e9er des champions nationaux.<\/p>\n<p>Le directeur g\u00e9n\u00e9ral de Nsia Banque C\u00f4te d&rsquo;Ivoire, L\u00e9once Yac\u00e9, a admis que les banques ont des difficult\u00e9s \u00e0 accompagner les PME quand il y a un probl\u00e8me de gouvernance ou une asym\u00e9trie de l&rsquo;information financi\u00e8re. C&rsquo;est pourquoi les banques exigent le visa comptable.\u00a0<\/p>\n<p>\u00ab\u00a0Le Premier ministre \u00e0 tenu des propos qui nous rassurent\u00a0\u00bb, a d\u00e9clar\u00e9 le pr\u00e9sident de la F\u00e9d\u00e9ration des PME ivoiriennes (FIPME), Dr Joseph Boguifo, \u00e9galement pr\u00e9sident de l&rsquo;Association des cliniques priv\u00e9es en C\u00f4te d&rsquo;Ivoire.\u00a0<\/p>\n<p>L&rsquo;AMEF est une plateforme con\u00e7ue par la SFI pour mettre en relation des entreprises du secteur de la sant\u00e9 qui ont besoin d&rsquo;\u00e9quipements m\u00e9dicaux avec des fabricants d&rsquo;\u00e9quipements et des institutions financi\u00e8res.\u00a0<\/p>\n<p>L&rsquo;objectif est d&rsquo;am\u00e9liorer la qualit\u00e9 des soins dans le secteur m\u00e9dical priv\u00e9 et d&rsquo;aider les petits acteurs du secteur \u00e0 renforcer leur capacit\u00e9 d&rsquo;action face \u00e0 la pand\u00e9mie de Covid-19 et aux autres d\u00e9fis sanitaires majeurs.\u00a0<\/p>\n<p>Cet article <a rel=\"nofollow\" href=\"https:\/\/www.journalducameroun.com\/cote-divoire-la-sfi-lance-un-programme-pour-lacces-aux-equipements-medicaux\/\">C\u00f4te d\u2019Ivoire: la SFI lance un Programme pour l\u2019acc\u00e8s aux \u00e9quipements m\u00e9dicaux<\/a> est apparu en premier sur <a rel=\"nofollow\" href=\"https:\/\/www.journalducameroun.com\/\">Journal du Cameroun<\/a>.<\/p>\n<\/div>\n<p>Auteur: APA News<br \/>\n<a href=\"https:\/\/www.journalducameroun.com\/cote-divoire-la-sfi-lance-un-programme-pour-lacces-aux-equipements-medicaux\/\">Cliquez ici pour lire l&rsquo;article depuis sa source.<\/a><\/p>\n","protected":false},"excerpt":{"rendered":"<p>Le directeur g\u00e9n\u00e9ral de la Soci\u00e9t\u00e9 financi\u00e8re internationale (SFI), Makhtar Diop, a lanc\u00e9 vendredi \u00e0 Abidjan le Programme pour faciliter l&rsquo;acc\u00e8s aux \u00e9quipements m\u00e9dicaux pour la C\u00f4te d&rsquo;Ivoire, en pr\u00e9sence du Premier ministre ivoirien Patrick Achi. Le Programme pour l&rsquo;acc\u00e8s aux \u00e9quipements m\u00e9dicaux en Afrique (AMEF) pour la C\u00f4te d&rsquo;Ivoire vise \u00e0 r\u00e9pondre \u00e0 aider [&hellip;]<\/p>\n","protected":false},"author":1965,"featured_media":0,"comment_status":"closed","ping_status":"closed","sticky":false,"template":"","format":"standard","meta":{"fifu_image_url":"https:\/\/www.journalducameroun.com\/wp-content\/uploads\/2021\/07\/16264630828504.jpg","fifu_image_alt":"C\u00f4te d\u2019Ivoire: la SFI lance un Programme pour l\u2019acc\u00e8s aux \u00e9quipements m\u00e9dicaux","footnotes":""},"categories":[73,82],"tags":[],"class_list":["post-121620","post","type-post","status-publish","format-standard","hentry","category-actualite","category-cameroun"],"_links":{"self":[{"href":"https:\/\/linitiative.ca\/International\/wp-json\/wp\/v2\/posts\/121620","targetHints":{"allow":["GET"]}}],"collection":[{"href":"https:\/\/linitiative.ca\/International\/wp-json\/wp\/v2\/posts"}],"about":[{"href":"https:\/\/linitiative.ca\/International\/wp-json\/wp\/v2\/types\/post"}],"author":[{"embeddable":true,"href":"https:\/\/linitiative.ca\/International\/wp-json\/wp\/v2\/users\/1965"}],"replies":[{"embeddable":true,"href":"https:\/\/linitiative.ca\/International\/wp-json\/wp\/v2\/comments?post=121620"}],"version-history":[{"count":0,"href":"https:\/\/linitiative.ca\/International\/wp-json\/wp\/v2\/posts\/121620\/revisions"}],"wp:attachment":[{"href":"https:\/\/linitiative.ca\/International\/wp-json\/wp\/v2\/media?parent=121620"}],"wp:term":[{"taxonomy":"category","embeddable":true,"href":"https:\/\/linitiative.ca\/International\/wp-json\/wp\/v2\/categories?post=121620"},{"taxonomy":"post_tag","embeddable":true,"href":"https:\/\/linitiative.ca\/International\/wp-json\/wp\/v2\/tags?post=121620"}],"curies":[{"name":"wp","href":"https:\/\/api.w.org\/{rel}","templated":true}]}}