{"id":121622,"date":"2021-07-16T16:18:02","date_gmt":"2021-07-16T20:18:02","guid":{"rendered":"https:\/\/linitiative.ca\/International\/cote-divoire-lancement-des-journees-economiques-des-pme-de-bouake\/"},"modified":"2021-07-16T16:18:02","modified_gmt":"2021-07-16T20:18:02","slug":"cote-divoire-lancement-des-journees-economiques-des-pme-de-bouake","status":"publish","type":"post","link":"https:\/\/linitiative.ca\/International\/cote-divoire-lancement-des-journees-economiques-des-pme-de-bouake\/","title":{"rendered":"C\u00f4te d\u2019Ivoire: lancement des Journ\u00e9es \u00e9conomiques des PME de Bouak\u00e9"},"content":{"rendered":"<div>\n<p><img loading=\"lazy\" decoding=\"async\" width=\"1080\" height=\"486\" src=\"https:\/\/linitiative.ca\/International\/wp-content\/uploads\/sites\/23\/2021\/07\/16264666825284.jpg\" class=\"attachment-post-thumbnail size-post-thumbnail wp-post-image\" alt=\"\" srcset=\"https:\/\/linitiative.ca\/International\/wp-content\/uploads\/sites\/23\/2021\/07\/16264666825284.jpg 1080w, https:\/\/www.journalducameroun.com\/wp-content\/uploads\/2021\/07\/16264666825284-300x135.jpg 300w, https:\/\/www.journalducameroun.com\/wp-content\/uploads\/2021\/07\/16264666825284-768x346.jpg 768w, https:\/\/www.journalducameroun.com\/wp-content\/uploads\/2021\/07\/16264666825284-1024x461.jpg 1024w, https:\/\/www.journalducameroun.com\/wp-content\/uploads\/2021\/07\/16264666825284-978x440.jpg 978w, https:\/\/www.journalducameroun.com\/wp-content\/uploads\/2021\/07\/16264666825284-600x270.jpg 600w\" sizes=\"auto, (max-width: 1080px) 100vw, 1080px\"><\/p>\n<p>Les Journ\u00e9es \u00e9conomiques des Petites et moyennes entreprises (PME) de la R\u00e9gion du Gb\u00eak\u00e8 (Bouak\u00e9), pr\u00e9vues du 26 au 27 juillet 2021, ont \u00e9t\u00e9 lanc\u00e9es jeudi \u00e0 Bouak\u00e9, la m\u00e9tropole du centre ivoirien.<\/p>\n<p>Plus de 243 entreprises \u00e9taient pr\u00e9sentes au lancement des Journ\u00e9es \u00e9conomiques des PME de la R\u00e9gion du Gb\u00eak\u00ea autour du th\u00e8me \u00ab\u00a0potentialit\u00e9 et atouts de la R\u00e9gion du Gb\u00eak\u00ea pour le d\u00e9veloppement des PME\u00a0\u00bb.<\/p>\n<p>Selon les organisateurs, ces assises tenues sous ce th\u00e8me propos\u00e9 par la F\u00e9d\u00e9ration ivoirienne des PME (FIPME) pour la R\u00e9gion du Gb\u00eak\u00ea, visent \u00e0 renforcer le dynamisme des entreprises locales pour accro\u00eetre leurs productions.<\/p>\n<p>Fort du constat de la faible participation des PME locales \u00e0 l&rsquo;essor \u00e9conomique de la C\u00f4te d&rsquo;Ivoire, la FIPME entend au travers de ces journ\u00e9es \u00e9conomiques, renforcer les capacit\u00e9s techniques et manag\u00e9riales des PME de la R\u00e9gion du Gb\u00eak\u00ea.<\/p>\n<p>Cette plateforme vise \u00e9galement \u00e0 doter les PME de la R\u00e9gion d&rsquo;instruments de r\u00e9f\u00e9rence en mati\u00e8re de gouvernance et apporter les informations sur les fonds de soutien aux PME.<\/p>\n<p>La FIPME s&rsquo;est impos\u00e9e comme le chef de file des PME en C\u00f4te d&rsquo;Ivoire avec \u00e0 son actif 40 fa\u00eeti\u00e8res et associations professionnelles regroupant plus de 90% des principales grandes organisations du secteur des PME.<\/p>\n<p>Ces journ\u00e9es \u00e9conomiques r\u00e9gionales tournantes sont pr\u00e9vues \u00eatre organis\u00e9es dans chacun des huit P\u00f4les \u00e9conomiques nationaux, le but \u00e9tant d&rsquo;impliquer davantage les PME dans les d\u00e9fis de la qualit\u00e9 et de la comp\u00e9titivit\u00e9.<\/p>\n<p>\u00a0Le lancement officiel des Journ\u00e9es \u00e9conomiques des PME de la R\u00e9gion du Gb\u00eak\u00ea \u00a0eu lieu \u00e0 la pr\u00e9fecture de la r\u00e9gion. Le Pr\u00e9fet de r\u00e9gion Tuo Fozi\u00e9 \u00e9tait repr\u00e9sent\u00e9 par le pr\u00e9fet de B\u00e9oumi.<\/p>\n<p>Cet article <a rel=\"nofollow\" href=\"https:\/\/www.journalducameroun.com\/cote-divoire-lancement-des-journees-economiques-des-pme-de-bouake\/\">C\u00f4te d\u2019Ivoire: lancement des Journ\u00e9es \u00e9conomiques des PME de Bouak\u00e9<\/a> est apparu en premier sur <a rel=\"nofollow\" href=\"https:\/\/www.journalducameroun.com\/\">Journal du Cameroun<\/a>.<\/p>\n<\/div>\n<p>Auteur: APA News<br \/>\n<a href=\"https:\/\/www.journalducameroun.com\/cote-divoire-lancement-des-journees-economiques-des-pme-de-bouake\/\">Cliquez ici pour lire l&rsquo;article depuis sa source.<\/a><\/p>\n","protected":false},"excerpt":{"rendered":"<p>Les Journ\u00e9es \u00e9conomiques des Petites et moyennes entreprises (PME) de la R\u00e9gion du Gb\u00eak\u00e8 (Bouak\u00e9), pr\u00e9vues du 26 au 27 juillet 2021, ont \u00e9t\u00e9 lanc\u00e9es jeudi \u00e0 Bouak\u00e9, la m\u00e9tropole du centre ivoirien. Plus de 243 entreprises \u00e9taient pr\u00e9sentes au lancement des Journ\u00e9es \u00e9conomiques des PME de la R\u00e9gion du Gb\u00eak\u00ea autour du th\u00e8me \u00ab\u00a0potentialit\u00e9 [&hellip;]<\/p>\n","protected":false},"author":1965,"featured_media":0,"comment_status":"closed","ping_status":"closed","sticky":false,"template":"","format":"standard","meta":{"fifu_image_url":"https:\/\/www.journalducameroun.com\/wp-content\/uploads\/2021\/07\/16264666825284.jpg","fifu_image_alt":"C\u00f4te d\u2019Ivoire: lancement des Journ\u00e9es \u00e9conomiques des PME de Bouak\u00e9","footnotes":""},"categories":[73,82],"tags":[],"class_list":["post-121622","post","type-post","status-publish","format-standard","hentry","category-actualite","category-cameroun"],"_links":{"self":[{"href":"https:\/\/linitiative.ca\/International\/wp-json\/wp\/v2\/posts\/121622","targetHints":{"allow":["GET"]}}],"collection":[{"href":"https:\/\/linitiative.ca\/International\/wp-json\/wp\/v2\/posts"}],"about":[{"href":"https:\/\/linitiative.ca\/International\/wp-json\/wp\/v2\/types\/post"}],"author":[{"embeddable":true,"href":"https:\/\/linitiative.ca\/International\/wp-json\/wp\/v2\/users\/1965"}],"replies":[{"embeddable":true,"href":"https:\/\/linitiative.ca\/International\/wp-json\/wp\/v2\/comments?post=121622"}],"version-history":[{"count":0,"href":"https:\/\/linitiative.ca\/International\/wp-json\/wp\/v2\/posts\/121622\/revisions"}],"wp:attachment":[{"href":"https:\/\/linitiative.ca\/International\/wp-json\/wp\/v2\/media?parent=121622"}],"wp:term":[{"taxonomy":"category","embeddable":true,"href":"https:\/\/linitiative.ca\/International\/wp-json\/wp\/v2\/categories?post=121622"},{"taxonomy":"post_tag","embeddable":true,"href":"https:\/\/linitiative.ca\/International\/wp-json\/wp\/v2\/tags?post=121622"}],"curies":[{"name":"wp","href":"https:\/\/api.w.org\/{rel}","templated":true}]}}