{"id":121624,"date":"2021-07-16T16:18:02","date_gmt":"2021-07-16T20:18:02","guid":{"rendered":"https:\/\/linitiative.ca\/International\/deces-a-paris-du-vice-president-du-senat-ivoirien\/"},"modified":"2021-07-16T16:18:02","modified_gmt":"2021-07-16T20:18:02","slug":"deces-a-paris-du-vice-president-du-senat-ivoirien","status":"publish","type":"post","link":"https:\/\/linitiative.ca\/International\/deces-a-paris-du-vice-president-du-senat-ivoirien\/","title":{"rendered":"D\u00e9c\u00e8s \u00e0 Paris du vice-pr\u00e9sident du S\u00e9nat ivoirien"},"content":{"rendered":"<div>\n<p><img loading=\"lazy\" decoding=\"async\" width=\"1080\" height=\"715\" src=\"https:\/\/linitiative.ca\/International\/wp-content\/uploads\/sites\/23\/2021\/07\/16264666822456.jpg\" class=\"attachment-post-thumbnail size-post-thumbnail wp-post-image\" alt=\"\" srcset=\"https:\/\/linitiative.ca\/International\/wp-content\/uploads\/sites\/23\/2021\/07\/16264666822456.jpg 1080w, https:\/\/www.journalducameroun.com\/wp-content\/uploads\/2021\/07\/16264666822456-300x199.jpg 300w, https:\/\/www.journalducameroun.com\/wp-content\/uploads\/2021\/07\/16264666822456-768x508.jpg 768w, https:\/\/www.journalducameroun.com\/wp-content\/uploads\/2021\/07\/16264666822456-1024x678.jpg 1024w, https:\/\/www.journalducameroun.com\/wp-content\/uploads\/2021\/07\/16264666822456-665x440.jpg 665w, https:\/\/www.journalducameroun.com\/wp-content\/uploads\/2021\/07\/16264666822456-600x397.jpg 600w\" sizes=\"auto, (max-width: 1080px) 100vw, 1080px\"><\/p>\n<p>Le vice-pr\u00e9sident du S\u00e9nat ivoirien charg\u00e9 de la diaspora et de la coop\u00e9ration internationale Providence Charles Gomis est d\u00e9c\u00e9d\u00e9, vendredi, \u00e0 Paris \u00e0 l&rsquo;\u00e2ge de 81 ans.<\/p>\n<p>L&rsquo;information a \u00e9t\u00e9 donn\u00e9e dans un communiqu\u00e9 par le pr\u00e9sident du S\u00e9nat, Jeannot Ahoussou-Kouadio, pr\u00e9sentant ses \u00ab condol\u00e9ances les plus \u00e9mues, \u00e0 son \u00e9pouses, \u00e0 ses enfants ainsi qu&rsquo;\u00e0 l&rsquo;ensemble des s\u00e9nateurs \u00bb. \u00a0<\/p>\n<p>Le diplomate chevronn\u00e9 Providence Charles Gomis fut ambassadeur de la C\u00f4te d&rsquo;Ivoire en France de 2013 \u00e0 2020.<\/p>\n<p>Cet article <a rel=\"nofollow\" href=\"https:\/\/www.journalducameroun.com\/deces-a-paris-du-vice-president-du-senat-ivoirien\/\">D\u00e9c\u00e8s \u00e0 Paris du vice-pr\u00e9sident du S\u00e9nat ivoirien<\/a> est apparu en premier sur <a rel=\"nofollow\" href=\"https:\/\/www.journalducameroun.com\/\">Journal du Cameroun<\/a>.<\/p>\n<\/div>\n<p>Auteur: APA News<br \/>\n<a href=\"https:\/\/www.journalducameroun.com\/deces-a-paris-du-vice-president-du-senat-ivoirien\/\">Cliquez ici pour lire l&rsquo;article depuis sa source.<\/a><\/p>\n","protected":false},"excerpt":{"rendered":"<p>Le vice-pr\u00e9sident du S\u00e9nat ivoirien charg\u00e9 de la diaspora et de la coop\u00e9ration internationale Providence Charles Gomis est d\u00e9c\u00e9d\u00e9, vendredi, \u00e0 Paris \u00e0 l&rsquo;\u00e2ge de 81 ans. L&rsquo;information a \u00e9t\u00e9 donn\u00e9e dans un communiqu\u00e9 par le pr\u00e9sident du S\u00e9nat, Jeannot Ahoussou-Kouadio, pr\u00e9sentant ses \u00ab condol\u00e9ances les plus \u00e9mues, \u00e0 son \u00e9pouses, \u00e0 ses enfants ainsi [&hellip;]<\/p>\n","protected":false},"author":1965,"featured_media":0,"comment_status":"closed","ping_status":"closed","sticky":false,"template":"","format":"standard","meta":{"fifu_image_url":"https:\/\/www.journalducameroun.com\/wp-content\/uploads\/2021\/07\/16264666822456.jpg","fifu_image_alt":"D\u00e9c\u00e8s \u00e0 Paris du vice-pr\u00e9sident du S\u00e9nat ivoirien","footnotes":""},"categories":[73,82],"tags":[],"class_list":["post-121624","post","type-post","status-publish","format-standard","hentry","category-actualite","category-cameroun"],"_links":{"self":[{"href":"https:\/\/linitiative.ca\/International\/wp-json\/wp\/v2\/posts\/121624","targetHints":{"allow":["GET"]}}],"collection":[{"href":"https:\/\/linitiative.ca\/International\/wp-json\/wp\/v2\/posts"}],"about":[{"href":"https:\/\/linitiative.ca\/International\/wp-json\/wp\/v2\/types\/post"}],"author":[{"embeddable":true,"href":"https:\/\/linitiative.ca\/International\/wp-json\/wp\/v2\/users\/1965"}],"replies":[{"embeddable":true,"href":"https:\/\/linitiative.ca\/International\/wp-json\/wp\/v2\/comments?post=121624"}],"version-history":[{"count":0,"href":"https:\/\/linitiative.ca\/International\/wp-json\/wp\/v2\/posts\/121624\/revisions"}],"wp:attachment":[{"href":"https:\/\/linitiative.ca\/International\/wp-json\/wp\/v2\/media?parent=121624"}],"wp:term":[{"taxonomy":"category","embeddable":true,"href":"https:\/\/linitiative.ca\/International\/wp-json\/wp\/v2\/categories?post=121624"},{"taxonomy":"post_tag","embeddable":true,"href":"https:\/\/linitiative.ca\/International\/wp-json\/wp\/v2\/tags?post=121624"}],"curies":[{"name":"wp","href":"https:\/\/api.w.org\/{rel}","templated":true}]}}