{"id":121626,"date":"2021-07-16T16:18:03","date_gmt":"2021-07-16T20:18:03","guid":{"rendered":"https:\/\/linitiative.ca\/International\/senegal-la-premiere-etape-de-structuration-du-hub-minier-regional-bouclee\/"},"modified":"2021-07-16T16:18:03","modified_gmt":"2021-07-16T20:18:03","slug":"senegal-la-premiere-etape-de-structuration-du-hub-minier-regional-bouclee","status":"publish","type":"post","link":"https:\/\/linitiative.ca\/International\/senegal-la-premiere-etape-de-structuration-du-hub-minier-regional-bouclee\/","title":{"rendered":"S\u00e9n\u00e9gal : la premi\u00e8re \u00e9tape de structuration du Hub Minier R\u00e9gional boucl\u00e9e"},"content":{"rendered":"<div>\n<p><img loading=\"lazy\" decoding=\"async\" width=\"1478\" height=\"1108\" src=\"https:\/\/linitiative.ca\/International\/wp-content\/uploads\/sites\/23\/2021\/07\/16264666831094.jpg\" class=\"attachment-post-thumbnail size-post-thumbnail wp-post-image\" alt=\"\" srcset=\"https:\/\/linitiative.ca\/International\/wp-content\/uploads\/sites\/23\/2021\/07\/16264666831094.jpg 1478w, https:\/\/www.journalducameroun.com\/wp-content\/uploads\/2021\/07\/16264666831094-300x225.jpg 300w, https:\/\/www.journalducameroun.com\/wp-content\/uploads\/2021\/07\/16264666831094-768x576.jpg 768w, https:\/\/www.journalducameroun.com\/wp-content\/uploads\/2021\/07\/16264666831094-1024x768.jpg 1024w, https:\/\/www.journalducameroun.com\/wp-content\/uploads\/2021\/07\/16264666831094-587x440.jpg 587w, https:\/\/www.journalducameroun.com\/wp-content\/uploads\/2021\/07\/16264666831094-600x450.jpg 600w\" sizes=\"auto, (max-width: 1478px) 100vw, 1478px\"><\/p>\n<p>Dans la deuxi\u00e8me phase d&rsquo;ex\u00e9cution du projet, l&rsquo;accent sera essentiellement mis sur les \u00e9tudes de faisabilit\u00e9 des quatre d\u00e9cisions majeures act\u00e9es, vendredi \u00e0 Dakar, \u00e0 l&rsquo;issue d&rsquo;un atelier d&rsquo;orientation strat\u00e9gique.C&rsquo;est un pas de plus vers la concr\u00e9tisation du Hub Minier R\u00e9gional (HMR) du S\u00e9n\u00e9gal. \u00ab Un tournant d\u00e9cisif \u00bb selon le Directeur G\u00e9n\u00e9ral du Bureau Op\u00e9rationnel de Suivi Du Plan S\u00e9n\u00e9gal Emergent (BOS\/PSE), El Ousseyni Kane.<\/p>\n<p>En effet, apr\u00e8s plusieurs mois de travail intense ayant impliqu\u00e9 l&rsquo;administration, les acteurs priv\u00e9s des secteurs des mines et des hydrocarbures, \u00a0l&rsquo;op\u00e9rationnalisation \u00a0de ce programme phare du PSE entre dans sa deuxi\u00e8me phase.<\/p>\n<p>Durant les deux mois \u00e0 venir, les acteurs autour du projet \u00ab se sont engag\u00e9s, selon El Ousseyni Kane, \u00e0 poursuivre les \u00e9tudes de faisabilit\u00e9\u00a0 \u00bb des quatre d\u00e9cisions majeures arr\u00eat\u00e9es au sortir de la rencontre de ce jour.<\/p>\n<p>Celles-ci portent entre autres sur l&rsquo;int\u00e9gration partielle du volet hydrocarbure et gazier dans le hub, son caract\u00e8re multidimensionnel int\u00e9grant la partie logistique, les services et la composante acad\u00e9mique, l&rsquo;implantation du hub central \u00e0 K\u00e9dougou (Sud-Est) ou Tambacounda (Est) et la mise en place de mini-satellites de hub dans les r\u00e9gions de Thi\u00e8s (Ouest), Dakar (Ouest) et Matam (Nord). La finalit\u00e9 \u00e9tant de pouvoir travailler en synergie avec l&rsquo;ensemble des acteurs.<\/p>\n<p>\u00ab Toutes ces d\u00e9cisions ont \u00e9t\u00e9 valid\u00e9es avec l&rsquo;ensemble des acteurs par un syst\u00e8me de vote d\u00e9mocratique \u00bb, a assur\u00e9 M. Kane, ajoutant que les acteurs vont se \u00ab retrouver dans trois mois pour faire le Lab (atelier intensif) durant cinq semaines pendant lesquelles l&rsquo;ensemble des acteurs vont r\u00e9fl\u00e9chir pour sortir la feuille globale pour op\u00e9rationnaliser le Hub Minier R\u00e9gional \u00bb.<\/p>\n<p>Le HMR a pour objectif de faire du S\u00e9n\u00e9gal un centre de ressources pour les mines en Afrique de l&rsquo;Ouest. Il se veut aussi le point de rayonnement et d&rsquo;expansion de l&rsquo;industrie mini\u00e8re s\u00e9n\u00e9galaise.<\/p>\n<p>Il s&rsquo;agit de la mise en place d&rsquo;une plateforme assurant la disponibilit\u00e9 des \u00e9quipements, des services et des ressources humaines qualifi\u00e9es pour les exploitations mini\u00e8res de la sous-r\u00e9gion.<\/p>\n<p>Pour ce faire, a indiqu\u00e9 le ministre en charge du suivi du Plan S\u00e9n\u00e9gal Emergent (PSE), Abdou Karim Fofana, il importe que le minist\u00e8re des Mines et de la G\u00e9ologie mette en place un \u00e9cosyst\u00e8me favorable, comp\u00e9titif pour les Petites et Moyennes Entreprises (PME) et attractif pour les fournisseurs de r\u00e9f\u00e9rence de services miniers.<\/p>\n<p>Cette d\u00e9marche va s&rsquo;articuler, selon lui, autour de trois composantes essentielles. C&rsquo;est d&rsquo;abord la cr\u00e9ation d&rsquo;un \u00ab hub de services \u00bb. Il permettra de r\u00e9aliser les actions de sous-traitance op\u00e9rationnelle y compris le service traiteur, mat\u00e9riaux de base et gestion des installations et de l&rsquo;analyse des \u00e9chantillons.<\/p>\n<p>Abdou Karim Fofana pr\u00e9conise ensuite \u00ab l&rsquo;implantation du hub logistique \u00bb qui va disposer de centres de distributions stockant et offrant des consommables, pi\u00e8ces de rechanges et \u00e9quipements.<\/p>\n<p>Enfin, le ministre en charge du suivi du PSE sugg\u00e8re la construction d&rsquo;\u00ab un hub acad\u00e9mique \u00bb pour mettre \u00e0 la disposition des op\u00e9rateurs de la sous-r\u00e9gion un personnel qualifi\u00e9 r\u00e9pondant aux besoins des m\u00e9tiers miniers.<\/p>\n<p>Pour mener \u00e0 bien ce projet, le Secr\u00e9taire G\u00e9n\u00e9ral du minist\u00e8re des Mines et de la G\u00e9ologie, Ibrahima Gu\u00e8ye, a invit\u00e9 le BOS et ses partenaires \u00e0 davantage travailler sur l&rsquo;identification des facteurs de performance, les choix pertinents de sites et les partenaires \u00e0 impliquer. Car \u00ab c&rsquo;est \u00e0 ce prix que nous atteindrons nos objectifs \u00bb, a-t-il dit.<\/p>\n<p>A en croire M. Gu\u00e8ye, la structuration du projet devra \u00e9galement prendre en compte des r\u00e9formes en cours sur l&rsquo;environnement et port\u00e9es par d&rsquo;autres d\u00e9partements.<\/p>\n<p>Il s&rsquo;agit, souligne-t-il, de l&rsquo;acc\u00e8s au foncier, l&rsquo;alignement de la formation sur les besoins de l&rsquo;\u00e9conomie, la r\u00e9vision du Code des investisseurs et la mise en place d&rsquo;un Fonds d&rsquo;amor\u00e7age des projets de 60 milliards F CFA.<\/p>\n<p>Cet article <a rel=\"nofollow\" href=\"https:\/\/www.journalducameroun.com\/senegal-la-premiere-etape-de-structuration-du-hub-minier-regional-bouclee\/\">S\u00e9n\u00e9gal : la premi\u00e8re \u00e9tape de structuration du Hub Minier R\u00e9gional boucl\u00e9e<\/a> est apparu en premier sur <a rel=\"nofollow\" href=\"https:\/\/www.journalducameroun.com\/\">Journal du Cameroun<\/a>.<\/p>\n<\/div>\n<p>Auteur: APA News<br \/>\n<a href=\"https:\/\/www.journalducameroun.com\/senegal-la-premiere-etape-de-structuration-du-hub-minier-regional-bouclee\/\">Cliquez ici pour lire l&rsquo;article depuis sa source.<\/a><\/p>\n","protected":false},"excerpt":{"rendered":"<p>Dans la deuxi\u00e8me phase d&rsquo;ex\u00e9cution du projet, l&rsquo;accent sera essentiellement mis sur les \u00e9tudes de faisabilit\u00e9 des quatre d\u00e9cisions majeures act\u00e9es, vendredi \u00e0 Dakar, \u00e0 l&rsquo;issue d&rsquo;un atelier d&rsquo;orientation strat\u00e9gique.C&rsquo;est un pas de plus vers la concr\u00e9tisation du Hub Minier R\u00e9gional (HMR) du S\u00e9n\u00e9gal. \u00ab Un tournant d\u00e9cisif \u00bb selon le Directeur G\u00e9n\u00e9ral du Bureau [&hellip;]<\/p>\n","protected":false},"author":1965,"featured_media":0,"comment_status":"closed","ping_status":"closed","sticky":false,"template":"","format":"standard","meta":{"fifu_image_url":"https:\/\/www.journalducameroun.com\/wp-content\/uploads\/2021\/07\/16264666831094.jpg","fifu_image_alt":"S\u00e9n\u00e9gal : la premi\u00e8re \u00e9tape de structuration du Hub Minier R\u00e9gional boucl\u00e9e","footnotes":""},"categories":[73,82],"tags":[],"class_list":["post-121626","post","type-post","status-publish","format-standard","hentry","category-actualite","category-cameroun"],"_links":{"self":[{"href":"https:\/\/linitiative.ca\/International\/wp-json\/wp\/v2\/posts\/121626","targetHints":{"allow":["GET"]}}],"collection":[{"href":"https:\/\/linitiative.ca\/International\/wp-json\/wp\/v2\/posts"}],"about":[{"href":"https:\/\/linitiative.ca\/International\/wp-json\/wp\/v2\/types\/post"}],"author":[{"embeddable":true,"href":"https:\/\/linitiative.ca\/International\/wp-json\/wp\/v2\/users\/1965"}],"replies":[{"embeddable":true,"href":"https:\/\/linitiative.ca\/International\/wp-json\/wp\/v2\/comments?post=121626"}],"version-history":[{"count":0,"href":"https:\/\/linitiative.ca\/International\/wp-json\/wp\/v2\/posts\/121626\/revisions"}],"wp:attachment":[{"href":"https:\/\/linitiative.ca\/International\/wp-json\/wp\/v2\/media?parent=121626"}],"wp:term":[{"taxonomy":"category","embeddable":true,"href":"https:\/\/linitiative.ca\/International\/wp-json\/wp\/v2\/categories?post=121626"},{"taxonomy":"post_tag","embeddable":true,"href":"https:\/\/linitiative.ca\/International\/wp-json\/wp\/v2\/tags?post=121626"}],"curies":[{"name":"wp","href":"https:\/\/api.w.org\/{rel}","templated":true}]}}