{"id":121629,"date":"2021-07-16T08:37:44","date_gmt":"2021-07-16T12:37:44","guid":{"rendered":"https:\/\/linitiative.ca\/International\/camtel-sollicite-lexpertise-de-mtn-pour-commercialiser-la-fibre-optique-au-cameroun-et-dans-la-cemac\/"},"modified":"2021-07-16T08:37:44","modified_gmt":"2021-07-16T12:37:44","slug":"camtel-sollicite-lexpertise-de-mtn-pour-commercialiser-la-fibre-optique-au-cameroun-et-dans-la-cemac","status":"publish","type":"post","link":"https:\/\/linitiative.ca\/International\/camtel-sollicite-lexpertise-de-mtn-pour-commercialiser-la-fibre-optique-au-cameroun-et-dans-la-cemac\/","title":{"rendered":"Camtel sollicite l\u2019expertise de MTN pour commercialiser la fibre optique au Cameroun et dans la Cemac"},"content":{"rendered":"<div>\n<p>La Cameroon Telecommunications(Camtel) a sign\u00e9 le 14 juillet dernier avec MTN Global Connect,\u00a0soci\u00e9t\u00e9 d\u2019exploitation d\u2019infrastructures\u00a0du\u00a0groupe MTN, un protocole d\u2019accord pour la commercialisation de ses quatre c\u00e2bles sous-marins au Cameroun et dans la sous-r\u00e9gion.\u00a0Il s\u2019agit de South Atlantic Telecommunications cable N\u00b03 south Africa East(SAT3), Nigeria-Cameroon Submarine Cable System(NCSCS), West Africa Cable System(WACS) et South Atlantic Inter Link (SAIL) qui\u00a0relie\u00a0le Cameroun au Br\u00e9sil.\u00a0L\u2019op\u00e9rateur historique des t\u00e9l\u00e9coms au Cameroun d\u00e9tient le monopole de l\u2019exploitation sur ces 4 c\u00e2bles sous-marins.<\/p>\n<p>A travers cet accord, la filiale de la compagnie sud-africaine entend d\u00e9ployer sa force de vente internationale pour permettre \u00e0 Camtel de r\u00e9pondre \u00e0 la demande croissante des capacit\u00e9s internet.\u00a0 La signature de l\u2019accord s\u2019est tenue \u00e0 Duba\u00ef aux Emirats Arabe Unis par Judith Yah Sunday, Directeur G\u00e9n\u00e9ral de Camtel et Frederic Schepens, Directeur G\u00e9n\u00e9ral de MTN GlobalConnect, en pr\u00e9sence de Phil\u00e9mon Zo\u2019o Zame Directeur G\u00e9n\u00e9ral de l\u2019Agence de R\u00e9gulation des T\u00e9l\u00e9communications et Stephen Blewett, Directeur G\u00e9n\u00e9ral de MTN Cameroon.<\/p>\n<p>\u00ab\u00a0Le partenariat conclu par les deux entreprises acc\u00e9l\u00e9rera le processus\u00a0de transformation digitale du Cameroun\u00a0; et permettra au pays de se positionner comme un hub num\u00e9rique pour la r\u00e9gion\u00a0\u00bb a expliqu\u00e9 MTN Cameroon dans un communiqu\u00e9.<\/p>\n<p>Cet accord intervient quelques mois apr\u00e8s que MTN Cameroon ait r\u00e9troc\u00e9d\u00e9 \u00e0 Camtel son portefeuille de clients wholesale\u2009(vente en gros) d\u2019internet pour s\u2019aligner \u00e0 la r\u00e9glementation en vigueur. En 2014 l\u2019op\u00e9rateur sud-africain c\u00e9dait \u00e0 l\u2019Etat du Cameroun, pour 2,1 milliards de FCFA sa station d\u2019atterrissement de Limbe en vue de se conformer \u00e0 la loi camerounaise qui consacre un monopole public sur l\u2019exploitation des points d\u2019atterrissement des c\u00e2bles sous-marins.<\/p>\n<p>\u00ab\u00a0En attendant qu\u2019il s\u2019\u00e9tende \u00e0 d\u2019autres aspects de l\u2019activit\u00e9 des deux entreprises, ce partenariat consolide davantage la coop\u00e9ration qui existe entre MTN et CAMTEL et renforce MTN dans sa position de partenaire cl\u00e9 du Cameroun pour la transformation digitale du pays et le d\u00e9veloppement de son \u00e9conomie num\u00e9rique\u00a0\u00bb souligne l\u2019op\u00e9rateur.<\/p>\n<p>L\u2019article <a rel=\"nofollow\" href=\"https:\/\/ecomatin.net\/camtel-sollicite-lexpertise-de-mtn-pour-commercialiser-la-fibre-optique-au-cameroun-et-dans-la-cemac\/\">Camtel sollicite l\u2019expertise de MTN pour commercialiser la fibre optique au Cameroun et dans la Cemac<\/a> est apparu en premier sur <a rel=\"nofollow\" href=\"https:\/\/ecomatin.net\/\">EcoMatin<\/a>.<\/p>\n<\/div>\n<p>Auteur: Cedrick JIONGO<br \/>\n<a href=\"https:\/\/ecomatin.net\/camtel-sollicite-lexpertise-de-mtn-pour-commercialiser-la-fibre-optique-au-cameroun-et-dans-la-cemac\/\">Cliquez ici pour lire l&rsquo;article depuis sa source.<\/a><\/p>\n","protected":false},"excerpt":{"rendered":"<p>La Cameroon Telecommunications(Camtel) a sign\u00e9 le 14 juillet dernier avec MTN Global Connect,\u00a0soci\u00e9t\u00e9 d\u2019exploitation d\u2019infrastructures\u00a0du\u00a0groupe MTN, un protocole d\u2019accord pour la commercialisation de ses quatre c\u00e2bles sous-marins au Cameroun et dans la sous-r\u00e9gion.\u00a0Il s\u2019agit de South Atlantic Telecommunications cable N\u00b03 south Africa East(SAT3), Nigeria-Cameroon Submarine Cable System(NCSCS), West Africa Cable System(WACS) et South Atlantic Inter [&hellip;]<\/p>\n","protected":false},"author":1969,"featured_media":0,"comment_status":"closed","ping_status":"closed","sticky":false,"template":"","format":"standard","meta":{"fifu_image_url":"","fifu_image_alt":"","footnotes":""},"categories":[82,78],"tags":[],"class_list":["post-121629","post","type-post","status-publish","format-standard","hentry","category-cameroun","category-economie"],"_links":{"self":[{"href":"https:\/\/linitiative.ca\/International\/wp-json\/wp\/v2\/posts\/121629","targetHints":{"allow":["GET"]}}],"collection":[{"href":"https:\/\/linitiative.ca\/International\/wp-json\/wp\/v2\/posts"}],"about":[{"href":"https:\/\/linitiative.ca\/International\/wp-json\/wp\/v2\/types\/post"}],"author":[{"embeddable":true,"href":"https:\/\/linitiative.ca\/International\/wp-json\/wp\/v2\/users\/1969"}],"replies":[{"embeddable":true,"href":"https:\/\/linitiative.ca\/International\/wp-json\/wp\/v2\/comments?post=121629"}],"version-history":[{"count":0,"href":"https:\/\/linitiative.ca\/International\/wp-json\/wp\/v2\/posts\/121629\/revisions"}],"wp:attachment":[{"href":"https:\/\/linitiative.ca\/International\/wp-json\/wp\/v2\/media?parent=121629"}],"wp:term":[{"taxonomy":"category","embeddable":true,"href":"https:\/\/linitiative.ca\/International\/wp-json\/wp\/v2\/categories?post=121629"},{"taxonomy":"post_tag","embeddable":true,"href":"https:\/\/linitiative.ca\/International\/wp-json\/wp\/v2\/tags?post=121629"}],"curies":[{"name":"wp","href":"https:\/\/api.w.org\/{rel}","templated":true}]}}