{"id":121630,"date":"2021-07-16T11:06:32","date_gmt":"2021-07-16T15:06:32","guid":{"rendered":"https:\/\/linitiative.ca\/International\/relance-post-covid-les-etats-africains-veulent-mobiliser-100-milliards-usd-dans-le-cadre-de-lida-20\/"},"modified":"2021-07-16T11:06:32","modified_gmt":"2021-07-16T15:06:32","slug":"relance-post-covid-les-etats-africains-veulent-mobiliser-100-milliards-usd-dans-le-cadre-de-lida-20","status":"publish","type":"post","link":"https:\/\/linitiative.ca\/International\/relance-post-covid-les-etats-africains-veulent-mobiliser-100-milliards-usd-dans-le-cadre-de-lida-20\/","title":{"rendered":"Relance post-covid : les Etats africains veulent mobiliser 100 milliards USD dans le cadre de l\u2019IDA-20"},"content":{"rendered":"<div>\n<p>La question de la relance \u00e9conomique avec la survenue de la pand\u00e9mie de Covid-19, reste parmi\u00a0 les priorit\u00e9s les plus urgentes des gouvernements africains. C\u2019est sur cette lanc\u00e9e que le 15 juillet 2021, la C\u00f4te d\u2019Ivoire en collaboration avec la Banque mondiale ont organis\u00e9 la 20<sup>\u00e8me<\/sup> reconstitution des fonds de l\u2019Association Internationale de D\u00e9veloppement (IDA) en abr\u00e9g\u00e9 IDA-20. La rencontre qui intervient apr\u00e8s le sommet sur la relance des \u00e9conomies africaines tenue \u00e0 Paris le 18 mai dernier, avait pour objectif de soutenir une reprise verte et r\u00e9siliente des \u00e9conomies du continent face aux principaux d\u00e9fis accentu\u00e9s par la pand\u00e9mie du Covid-19.<\/p>\n<p><strong>Lire aussi<\/strong> : <strong><a href=\"https:\/\/ecomatin.net\/developpement-agricole-le-cameroun-partenaire-de-choix-du-fida\/\">D\u00e9veloppement Agricole : le Cameroun partenaire de choix du Fida<\/a><\/strong><\/p>\n<p>Le chef de l\u2019Etat camerounais \u00e9tait repr\u00e9sent\u00e9 \u00e0 ces travaux par le ministre de l\u2019Economie, de la planification et de l\u2019am\u00e9nagement du territoire (Minepat), Alamine Ousmane Mey. Les Chefs d\u2019\u00c9tat et Chefs de d\u00e9l\u00e9gation pr\u00e9sents ont \u00e9chang\u00e9 sur les priorit\u00e9s de d\u00e9veloppement, l\u2019impact de la COVID-19, le plan de relance \u00e9conomique, les besoins de financement des \u00c9tats, le r\u00f4le de l\u2019IDA20 et le partage d\u2019exp\u00e9riences, au cours d\u2019une session \u00e0 huis clos.<\/p>\n<p>Au cours de ces travaux, les chefs d\u2019Etats ont plaid\u00e9 pour une mobilisation\u00a0d\u2019au moins 100 milliards de dollars US\u00a0pour la p\u00e9riode 2023-2025, en guise d\u2019IDA-20. Selon le Minepat, l\u2019IDA-20 est per\u00e7ue comme \u00abun vaccin financier, \u00e9conomique et social\u00a0\u00bb, apr\u00e8s les 50 milliards de dollars, re\u00e7u dans le cadre de IDA-19. Et de poursuivre en disant qu\u2019 \u00ab\u00a0il est donc question pour des pays, les n\u00f4tres, qui n\u2019ont pas les m\u00eames moyens, instruments comme les Etats d\u00e9velopp\u00e9s, d\u2019inviter la communaut\u00e9 internationale, d\u2019aller plus loin en mati\u00e8re de mobilisation de ressources qui permettent \u00e0 nos \u00e9conomies de s\u2019adresser aux probl\u00e8mes du capital humain, au probl\u00e8me de relance \u00e9conomique \u00e0 travers des transformations structurelles beaucoup plus approfondies. C\u2019est \u00e0 dire l\u2019industrialisation, l\u2019augmentation de la valeur ajout\u00e9e, l\u2019int\u00e9gration sous r\u00e9gionale pour plus de march\u00e9 au niveau continental, enfin, l\u2019emploi\u00a0\u00bb, ajoute Alamine Ousmane Mey.<\/p>\n<p><strong>Lire aussi<\/strong> : <strong><a href=\"https:\/\/ecomatin.net\/appui-budgetaire-la-banque-mondiale-accorde-un-pret-de-54182-milliards-au-cameroun\/\">Appui budg\u00e9taire : la Banque mondiale accorde un pr\u00eat de 54,182 milliards au Cameroun<\/a><\/strong><\/p>\n<p>Selon la d\u00e9claration d\u2019Abidjan qui a sanctionn\u00e9 les travaux, les Etats ont estim\u00e9 le besoin de financement additionnel pour l\u2019Afrique subsaharienne \u00e0 \u00ab\u00a0285 milliards\u00a0$\u00a0pour les 5 prochaines ann\u00e9es pour lutter contre la Covid-19, le d\u00e9r\u00e8glement climatique et acc\u00e9l\u00e9rer la reprise \u00e9conomique\u00a0\u00bb<em>.<\/em> Ceci apr\u00e8s les 34 milliards\u00a0$\u00a0de droits de\u00a0tirages\u00a0sp\u00e9ciaux, conc\u00e9d\u00e9s par le FMI.Pour atteindre ces objectifs, la D\u00e9claration d\u2019Abidjan a cibl\u00e9 trois\u00a0axes majeurs \u00e0 savoir\u00a0:\u00a0l\u2019am\u00e9lioration du capital humain, la cr\u00e9ation d\u2019emplois par des politiques de d\u00e9veloppement du secteur priv\u00e9, et la relance \u00e9conomique.<\/p>\n<p>Pour rappel, l\u2019Association Internationale de D\u00e9veloppement (IDA), est une institution de la Banque\u00a0 Mondiale qui aide les pays \u00e0 faibles revenus \u00e0 r\u00e9duire la pauvret\u00e9 en accordant des pr\u00eats et des dons destin\u00e9s \u00e0 des programmes qui peuvent stimuler la croissance \u00e9conomique et am\u00e9liorer la vie des plus d\u00e9munis.\u00a0<\/p>\n<p><strong>Lire aussi <\/strong>: <strong><a href=\"https:\/\/ecomatin.net\/programme-economique-financier-la-banque-mondiale-accorde-54-milliardss-de-f-au-cameroun\/\">Programme \u00e9conomique financier: la Banque mondiale accorde 54 milliards de F au Cameroun<\/a><\/strong><\/p>\n<p>L\u2019article <a rel=\"nofollow\" href=\"https:\/\/ecomatin.net\/relance-post-covid-les-etats-africains-veulent-mobiliser-100-milliards-usd-dans-le-cadre-de-lida-20\/\">Relance post-covid : les Etats africains veulent mobiliser 100 milliards USD dans le cadre de l\u2019IDA-20<\/a> est apparu en premier sur <a rel=\"nofollow\" href=\"https:\/\/ecomatin.net\/\">EcoMatin<\/a>.<\/p>\n<\/div>\n<p>Auteur: Cindy MBALA<br \/>\n<a href=\"https:\/\/ecomatin.net\/relance-post-covid-les-etats-africains-veulent-mobiliser-100-milliards-usd-dans-le-cadre-de-lida-20\/\">Cliquez ici pour lire l&rsquo;article depuis sa source.<\/a><\/p>\n","protected":false},"excerpt":{"rendered":"<p>La question de la relance \u00e9conomique avec la survenue de la pand\u00e9mie de Covid-19, reste parmi\u00a0 les priorit\u00e9s les plus urgentes des gouvernements africains. C\u2019est sur cette lanc\u00e9e que le 15 juillet 2021, la C\u00f4te d\u2019Ivoire en collaboration avec la Banque mondiale ont organis\u00e9 la 20\u00e8me reconstitution des fonds de l\u2019Association Internationale de D\u00e9veloppement (IDA) [&hellip;]<\/p>\n","protected":false},"author":1969,"featured_media":0,"comment_status":"closed","ping_status":"closed","sticky":false,"template":"","format":"standard","meta":{"fifu_image_url":"","fifu_image_alt":"","footnotes":""},"categories":[82,78],"tags":[],"class_list":["post-121630","post","type-post","status-publish","format-standard","hentry","category-cameroun","category-economie"],"_links":{"self":[{"href":"https:\/\/linitiative.ca\/International\/wp-json\/wp\/v2\/posts\/121630","targetHints":{"allow":["GET"]}}],"collection":[{"href":"https:\/\/linitiative.ca\/International\/wp-json\/wp\/v2\/posts"}],"about":[{"href":"https:\/\/linitiative.ca\/International\/wp-json\/wp\/v2\/types\/post"}],"author":[{"embeddable":true,"href":"https:\/\/linitiative.ca\/International\/wp-json\/wp\/v2\/users\/1969"}],"replies":[{"embeddable":true,"href":"https:\/\/linitiative.ca\/International\/wp-json\/wp\/v2\/comments?post=121630"}],"version-history":[{"count":0,"href":"https:\/\/linitiative.ca\/International\/wp-json\/wp\/v2\/posts\/121630\/revisions"}],"wp:attachment":[{"href":"https:\/\/linitiative.ca\/International\/wp-json\/wp\/v2\/media?parent=121630"}],"wp:term":[{"taxonomy":"category","embeddable":true,"href":"https:\/\/linitiative.ca\/International\/wp-json\/wp\/v2\/categories?post=121630"},{"taxonomy":"post_tag","embeddable":true,"href":"https:\/\/linitiative.ca\/International\/wp-json\/wp\/v2\/tags?post=121630"}],"curies":[{"name":"wp","href":"https:\/\/api.w.org\/{rel}","templated":true}]}}