{"id":121631,"date":"2021-07-16T11:22:15","date_gmt":"2021-07-16T15:22:15","guid":{"rendered":"https:\/\/linitiative.ca\/International\/cemac-les-enjeux-economiques-du-sommet-extraordinaire-de-la-conference-des-chefs-detat\/"},"modified":"2021-07-16T11:22:15","modified_gmt":"2021-07-16T15:22:15","slug":"cemac-les-enjeux-economiques-du-sommet-extraordinaire-de-la-conference-des-chefs-detat","status":"publish","type":"post","link":"https:\/\/linitiative.ca\/International\/cemac-les-enjeux-economiques-du-sommet-extraordinaire-de-la-conference-des-chefs-detat\/","title":{"rendered":"Cemac : les enjeux \u00e9conomiques du sommet extraordinaire de la Conf\u00e9rence des chefs d\u2019Etat"},"content":{"rendered":"<div>\n<p>C\u2019est \u00e0 Malabo, la capitale politique de la Guin\u00e9e \u00c9quatoriale que s\u2019est d\u00e9roul\u00e9e la concertation. Le cabinet de la Commission de la Communaut\u00e9 \u00e9conomique des \u00c9tats de l\u2019Afrique centrale (Cemac), s\u2019est r\u00e9uni sous la pr\u00e9sidence du Pr. Daniel Ona Ondo, le Pr\u00e9sident de ladite Commission. L\u2019ordre du jour portait exclusivement sur l\u2019\u00e9tat d\u2019avancement des grands dossiers pr\u00e9paratoires au sommet extraordinaire de la Conf\u00e9rence des Chefs d\u2019Etat de la Cemac annonc\u00e9 avant la fin de l\u2019ann\u00e9e 2021. \u00abJ\u2019ai \u00e9t\u00e9 saisi officiellement. Le principe de la tenue d\u2019un sommet extraordinaire de la Conf\u00e9rence des Chefs d\u2019Etat de la Cemac est act\u00e9. En attendant d\u2019avoir les \u00e9l\u00e9ments compl\u00e9mentaires et la date, nous devons pr\u00e9parer l\u2019ensemble des dossiers\u00bb, a indiqu\u00e9 le Pr. Daniel Ona Ondo dans sa communication. Le pr\u00e9sident de la Commission de la Cemac n\u2019aura donn\u00e9 aucune date sur ces assises regroupant les 6 Chefs d\u2019Etat de la sous-r\u00e9gion Afrique centrale. Ni apporter les pr\u00e9cisions sur les grands dossiers sous-r\u00e9gionaux attendus.<\/p>\n<p><strong>Lire aussi<\/strong> : <strong><a href=\"https:\/\/ecomatin.net\/libre-circulation-la-cemac-adopte-une-politique-commune-demi-immigration-et-de-protection-des-frontieres\/\">Libre circulation: la Cemac adopte une politique commune d\u2019\u00e9mi-immigration et de protection des fronti\u00e8res<\/a><\/strong><\/p>\n<p>\u00abEn toile de fond de cette importante rencontre, le Pr. Daniel Ona Ondo a situ\u00e9 l\u2019assistance sur l\u2019imp\u00e9rieuse n\u00e9cessit\u00e9 de se mobiliser \u00e0 l\u2019effet d\u2019appr\u00eater les dossiers qui sont pressentis \u00e0 l\u2019ordre du jour de cette r\u00e9union de haut-niveau\u00bb, indique une source au sein de la Commission de la Cemac. Par contre, on en sait davantage sur les contours du th\u00e8me sur lequel sera plac\u00e9 la Conf\u00e9rence des Chefs d\u2019Etat. Il s\u2019agit de \u00abl\u2019\u00e9valuation de la situation macro-\u00e9conomique de la Cemac en contexte de pand\u00e9mie du Covid-19 et analyse des mesures de redressement\u00bb. D\u2019apr\u00e8s la Commission de la Cemac, la quintessence du sommet des Chefs d\u2019Etat devrait reposer essentiellement sur les questions \u00e9conomiques et mon\u00e9taires. L\u2019objectif \u00e9tant, de d\u00e9finir de mani\u00e8re concert\u00e9, une nouvelle strat\u00e9gie r\u00e9gionale pour une sortie de crise des \u00c9tats, maintenir les \u00e9conomies sous-r\u00e9gionales sur la voie du d\u00e9veloppement durable et inclusif. Le Pr. Daniel Ona Ondo a par cons\u00e9quent instruit ses \u00e9quipes de mettre en place une coordination technique en collaboration avec le Pref-Cemac (Programme de r\u00e9formes econ, la Banque des \u00c9tats de l\u2019Afrique centrale (Beac) et l\u2019Organisation de coordination et de coop\u00e9ration pour la lutte contre les grandes end\u00e9mies en Afrique centrale (Oceac), en vue d\u2019une bonne pr\u00e9paration des dossiers.<\/p>\n<p><strong>Lire aussi<\/strong> : <strong><a href=\"https:\/\/ecomatin.net\/cemac-2-projets-integrateurs-sur-12-lances\/\">Cemac : 2 projets int\u00e9grateurs sur 12 lanc\u00e9s<\/a><\/strong><\/p>\n<p>\u00abJe vous demande de mettre les responsables sur les diff\u00e9rents dossiers car nous devons \u00eatre pr\u00eats avant la fin du mois. Je peux vous informer que ce sommet aura une forte connotation \u00e9conomique et des mesures fortes sont annonc\u00e9es\u00bb, ajout\u00e9 le Pr. Daniel Ona Ondo. Les indications portant sur le Pref-Cemac, la Beac et l\u2019Oceac constituent une importante trame relative aux dossiers \u00e0 soumettre aux Chefs d\u2019\u00c9tat de la Cemac: le r\u00f4le des banques dans le financement de l\u2019\u00e9conomie sous-r\u00e9gionale en p\u00e9riode de covid-19, l\u2019harmonisation des conditions fiscales et douani\u00e8res, les r\u00e9serves de changes, l\u2019avenir du franc CFA, l\u2019acc\u00e9l\u00e9ration de la mise en oeuvre des projets int\u00e9grateurs, le parach\u00e8vement de la fusion des deux march\u00e9s financiers de la sous-r\u00e9gion, la revue des programmes \u00e9conomiques et financiers soutenus par le Fonds mon\u00e9taire international (Fmi) etc\u2026.Les questions s\u00e9curitaires seront \u00e9galement abord\u00e9es, renseigne notre source.<\/p>\n<p><strong>Lire aussi<\/strong> : <strong><a href=\"https:\/\/ecomatin.net\/titres-publicss-les-ota-boostent-les-financements-des-etats-de-la-cemac\/\">Titres publics : les OTA boostent les financements des Etats de la Cemac<\/a><\/strong><\/p>\n<p>L\u2019article <a rel=\"nofollow\" href=\"https:\/\/ecomatin.net\/cemac-les-enjeux-economiques-du-sommet-extraordinaire-de-la-conference-des-chefs-detat\/\">Cemac : les enjeux \u00e9conomiques du sommet extraordinaire de la Conf\u00e9rence des chefs d\u2019Etat<\/a> est apparu en premier sur <a rel=\"nofollow\" href=\"https:\/\/ecomatin.net\/\">EcoMatin<\/a>.<\/p>\n<\/div>\n<p>Auteur: Georges Semey<br \/>\n<a href=\"https:\/\/ecomatin.net\/cemac-les-enjeux-economiques-du-sommet-extraordinaire-de-la-conference-des-chefs-detat\/\">Cliquez ici pour lire l&rsquo;article depuis sa source.<\/a><\/p>\n","protected":false},"excerpt":{"rendered":"<p>C\u2019est \u00e0 Malabo, la capitale politique de la Guin\u00e9e \u00c9quatoriale que s\u2019est d\u00e9roul\u00e9e la concertation. Le cabinet de la Commission de la Communaut\u00e9 \u00e9conomique des \u00c9tats de l\u2019Afrique centrale (Cemac), s\u2019est r\u00e9uni sous la pr\u00e9sidence du Pr. Daniel Ona Ondo, le Pr\u00e9sident de ladite Commission. L\u2019ordre du jour portait exclusivement sur l\u2019\u00e9tat d\u2019avancement des grands [&hellip;]<\/p>\n","protected":false},"author":1969,"featured_media":0,"comment_status":"closed","ping_status":"closed","sticky":false,"template":"","format":"standard","meta":{"fifu_image_url":"","fifu_image_alt":"","footnotes":""},"categories":[82,78],"tags":[],"class_list":["post-121631","post","type-post","status-publish","format-standard","hentry","category-cameroun","category-economie"],"_links":{"self":[{"href":"https:\/\/linitiative.ca\/International\/wp-json\/wp\/v2\/posts\/121631","targetHints":{"allow":["GET"]}}],"collection":[{"href":"https:\/\/linitiative.ca\/International\/wp-json\/wp\/v2\/posts"}],"about":[{"href":"https:\/\/linitiative.ca\/International\/wp-json\/wp\/v2\/types\/post"}],"author":[{"embeddable":true,"href":"https:\/\/linitiative.ca\/International\/wp-json\/wp\/v2\/users\/1969"}],"replies":[{"embeddable":true,"href":"https:\/\/linitiative.ca\/International\/wp-json\/wp\/v2\/comments?post=121631"}],"version-history":[{"count":0,"href":"https:\/\/linitiative.ca\/International\/wp-json\/wp\/v2\/posts\/121631\/revisions"}],"wp:attachment":[{"href":"https:\/\/linitiative.ca\/International\/wp-json\/wp\/v2\/media?parent=121631"}],"wp:term":[{"taxonomy":"category","embeddable":true,"href":"https:\/\/linitiative.ca\/International\/wp-json\/wp\/v2\/categories?post=121631"},{"taxonomy":"post_tag","embeddable":true,"href":"https:\/\/linitiative.ca\/International\/wp-json\/wp\/v2\/tags?post=121631"}],"curies":[{"name":"wp","href":"https:\/\/api.w.org\/{rel}","templated":true}]}}