{"id":121637,"date":"2021-07-17T08:00:28","date_gmt":"2021-07-17T12:00:28","guid":{"rendered":"https:\/\/linitiative.ca\/International\/palm-cabo-une-adresse-luxueuse-signee-palmeraie-immobilier\/"},"modified":"2021-07-17T08:00:28","modified_gmt":"2021-07-17T12:00:28","slug":"palm-cabo-une-adresse-luxueuse-signee-palmeraie-immobilier","status":"publish","type":"post","link":"https:\/\/linitiative.ca\/International\/palm-cabo-une-adresse-luxueuse-signee-palmeraie-immobilier\/","title":{"rendered":"Palm Cabo, une adresse luxueuse  sign\u00e9e Palmeraie Immobilier"},"content":{"rendered":"<div>\n<p><img decoding=\"async\" width=\"300\" height=\"153\" src=\"https:\/\/linitiative.ca\/International\/wp-content\/uploads\/sites\/23\/2021\/07\/Palm-Cabo-une-adresse-luxueuse-300x153-1.jpg\" class=\"attachment-medium size-medium wp-post-image\" alt=\"\" loading=\"lazy\" srcset=\"\/\/aujourdhui.ma\/wp-content\/uploads\/2021\/07\/Palm-Cabo-une-adresse-luxueuse-300x153.jpg 300w, \/\/aujourdhui.ma\/wp-content\/uploads\/2021\/07\/Palm-Cabo-une-adresse-luxueuse-274x140.jpg 274w, \/\/aujourdhui.ma\/wp-content\/uploads\/2021\/07\/Palm-Cabo-une-adresse-luxueuse.jpg 746w, \/\/aujourdhui.ma\/wp-content\/uploads\/2021\/07\/Palm-Cabo-une-adresse-luxueuse-165x84.jpg 165w, \/\/aujourdhui.ma\/wp-content\/uploads\/2021\/07\/Palm-Cabo-une-adresse-luxueuse-702x358.jpg 702w\" sizes=\"auto, (max-width: 300px) 100vw, 300px\"><\/p>\n<p><span style=\"color: #800000;\"><strong>Le projet est actuellement en cours de commercialisation<\/strong><\/span><span id=\"more-381881\"><\/span><\/p>\n<p>La commercialisation du projet Palm Cabo est officiellement lanc\u00e9e. Ce projet relevant du groupe Palmeraie Immobilier b\u00e9n\u00e9ficie d\u2019une situation id\u00e9ale et d\u2019un acc\u00e8s facile avec tous les avantages d\u2019une r\u00e9sidence d\u2019\u00e9t\u00e9 dont la pr\u00e9sence de nombreux commerces, restaurants et enseignes de renom. Il se situe en effet \u00e0 quelques minutes de la plage et \u00e0 proximit\u00e9 imm\u00e9diate du Cabo Negro Golf Beach, un parcours 18 trous dessin\u00e9 par le l\u00e9gendaire Cabell B. Robinson. \u00abCon\u00e7u dans un cadre naturel o\u00f9 dominent le calme et la s\u00e9r\u00e9nit\u00e9, Palm Cabo est un must de l\u2019architecture d\u2019inspiration locale et hispanique. Le projet r\u00e9unit un large \u00e9ventail de typologies pour r\u00e9pondre aux attentes et besoins de chaque r\u00e9sident\u00bb, apprend-on du promoteur ayant organis\u00e9 r\u00e9cemment des ventes priv\u00e9es exceptionnelles de ce projet r\u00e9sidentiel.<\/p>\n<div class=\"mom_images_grid mom_images_3_cols\">\n<ul class=\"galleryslider\">\n<li class=\"first\"><a href=\"https:\/\/aujourdhui.ma\/wp-content\/uploads\/2021\/07\/Palm-Cabo-s.jpg\" data-title=\"\" title=\"Palm Cabo s\"><img decoding=\"async\" alt=\"Palm Cabo s\" src=\"https:\/\/linitiative.ca\/International\/wp-content\/uploads\/sites\/23\/2021\/07\/Palm-Cabo-s-746x380-1.jpg\"><\/a><\/li>\n<li class=\"\"><a href=\"https:\/\/aujourdhui.ma\/wp-content\/uploads\/2021\/07\/Palm-Cabo.jpg\" data-title=\"\" title=\"Palm Cabo\"><img decoding=\"async\" alt=\"Palm Cabo\" src=\"https:\/\/linitiative.ca\/International\/wp-content\/uploads\/sites\/23\/2021\/07\/Palm-Cabo-746x380-1.jpg\"><\/a><\/li>\n<\/ul>\n<\/div>\n<p>Le Groupe a, en cette occasion, invit\u00e9 les propri\u00e9taires les plus exigeants \u00e0 d\u00e9couvrir les offres attractives de sa r\u00e9sidence priv\u00e9e situ\u00e9e dans l\u2019une des stations baln\u00e9aires les plus prestigieuses du Royaume. L\u2019offre porte sur des appartements F2 \u00e0 partir de 630.000 dirhams, des appartements F3 \u00e0 partir de 910.000 dirhams et des duplex \u00e0 partir de 1,1 million de dirhams. \u00abLa superficie des biens varie de 50 \u00e0 92 m\u00e8tres carr\u00e9s, chacun offrant une double fa\u00e7ade avec des ouvertures lumineuses et des vues sur les jardins int\u00e9rieurs, les piscines et les promenades\u00bb, pr\u00e9cise le Groupe immobilier. Et de pr\u00e9ciser que \u00abla r\u00e9sidence a \u00e9t\u00e9 r\u00e9alis\u00e9e conform\u00e9ment aux engagements de Palmeraie Immobilier. Elle garantit \u00e0 ses futurs habitants une qualit\u00e9 de vie sup\u00e9rieure avec des finitions soign\u00e9es et une s\u00e9lection de mat\u00e9riaux de premier choix en harmonie avec l\u2019environnement et les particularit\u00e9s de la r\u00e9gion\u00bb. Notons que la r\u00e9sidence est \u00e9quip\u00e9e d\u2019ascenseurs et de places de parking pour l\u2019ensemble des r\u00e9sidents. Un centre de loisirs est \u00e9galement accessible pour les adultes et les enfants, ainsi que deux piscines et des am\u00e9nagements ext\u00e9rieurs qui comprennent des espaces verts et des passages pi\u00e9tons.<\/p>\n<\/div>\n<p>Auteur: ALM<br \/>\n<a href=\"https:\/\/aujourdhui.ma\/economie\/immobilier\/palm-cabo-une-adresse-luxueuse-signee-palmeraie-immobilier\">Cliquez ici pour lire l&rsquo;article depuis sa source.<\/a><\/p>\n","protected":false},"excerpt":{"rendered":"<p>Le projet est actuellement en cours de commercialisation La commercialisation du projet Palm Cabo est officiellement lanc\u00e9e. Ce projet relevant du groupe Palmeraie Immobilier b\u00e9n\u00e9ficie d\u2019une situation id\u00e9ale et d\u2019un acc\u00e8s facile avec tous les avantages d\u2019une r\u00e9sidence d\u2019\u00e9t\u00e9 dont la pr\u00e9sence de nombreux commerces, restaurants et enseignes de renom. Il se situe en effet [&hellip;]<\/p>\n","protected":false},"author":1759,"featured_media":0,"comment_status":"closed","ping_status":"closed","sticky":false,"template":"","format":"standard","meta":{"fifu_image_url":"https:\/\/aujourdhui.ma\/wp-content\/uploads\/2021\/07\/Palm-Cabo-une-adresse-luxueuse-300x153.jpg","fifu_image_alt":"Palm Cabo, une adresse luxueuse  sign\u00e9e Palmeraie Immobilier","footnotes":""},"categories":[73,54],"tags":[],"class_list":["post-121637","post","type-post","status-publish","format-standard","hentry","category-actualite","category-maroc"],"_links":{"self":[{"href":"https:\/\/linitiative.ca\/International\/wp-json\/wp\/v2\/posts\/121637","targetHints":{"allow":["GET"]}}],"collection":[{"href":"https:\/\/linitiative.ca\/International\/wp-json\/wp\/v2\/posts"}],"about":[{"href":"https:\/\/linitiative.ca\/International\/wp-json\/wp\/v2\/types\/post"}],"author":[{"embeddable":true,"href":"https:\/\/linitiative.ca\/International\/wp-json\/wp\/v2\/users\/1759"}],"replies":[{"embeddable":true,"href":"https:\/\/linitiative.ca\/International\/wp-json\/wp\/v2\/comments?post=121637"}],"version-history":[{"count":0,"href":"https:\/\/linitiative.ca\/International\/wp-json\/wp\/v2\/posts\/121637\/revisions"}],"wp:attachment":[{"href":"https:\/\/linitiative.ca\/International\/wp-json\/wp\/v2\/media?parent=121637"}],"wp:term":[{"taxonomy":"category","embeddable":true,"href":"https:\/\/linitiative.ca\/International\/wp-json\/wp\/v2\/categories?post=121637"},{"taxonomy":"post_tag","embeddable":true,"href":"https:\/\/linitiative.ca\/International\/wp-json\/wp\/v2\/tags?post=121637"}],"curies":[{"name":"wp","href":"https:\/\/api.w.org\/{rel}","templated":true}]}}