{"id":121653,"date":"2021-07-17T07:55:21","date_gmt":"2021-07-17T11:55:21","guid":{"rendered":"https:\/\/linitiative.ca\/International\/la-fmej-se-dote-dune-nouvelle-representation-dans-la-region\/"},"modified":"2021-07-17T07:55:21","modified_gmt":"2021-07-17T11:55:21","slug":"la-fmej-se-dote-dune-nouvelle-representation-dans-la-region","status":"publish","type":"post","link":"https:\/\/linitiative.ca\/International\/la-fmej-se-dote-dune-nouvelle-representation-dans-la-region\/","title":{"rendered":"La FMEJ se dote d\u2019une nouvelle repr\u00e9sentation dans la r\u00e9gion"},"content":{"rendered":"<div>\n<div style=\"margin-bottom:20px;\"><img loading=\"lazy\" decoding=\"async\" width=\"750\" height=\"430\" src=\"https:\/\/linitiative.ca\/International\/wp-content\/uploads\/sites\/23\/2021\/07\/fmej-copier.jpg\" class=\"attachment-post-thumbnail size-post-thumbnail wp-post-image\" alt=\"\" srcset=\"https:\/\/linitiative.ca\/International\/wp-content\/uploads\/sites\/23\/2021\/07\/fmej-copier.jpg 750w, http:\/\/www.mapmarrakech.ma\/map\/uploads\/2021\/07\/fmej-copier-300x172.jpg 300w\" sizes=\"auto, (max-width: 750px) 100vw, 750px\"><\/div>\n<p>Dans ce cadre, une assembl\u00e9e g\u00e9n\u00e9rale constitutive de la section de la FMEJ dans la r\u00e9gion Marrakech-Safi a \u00e9t\u00e9 tenue, vendredi dans la cit\u00e9 ocre, en pr\u00e9sence du pr\u00e9sident de ladite F\u00e9d\u00e9ration, M. Noureddine Miftah, des membres du bureau ex\u00e9cutif, de pr\u00e9sidents de sections r\u00e9gionales, ainsi que des \u00e9diteurs accr\u00e9dit\u00e9s dans toutes les villes de la r\u00e9gion.<\/p>\n<p>A cette occasion, il a \u00e9t\u00e9 proc\u00e9d\u00e9 \u00e0 l\u2019\u00e9lection de M. Brahim Sroute, directeur du Journal \u00ab\u00a0Al Intifada Min Ajl Al Hadata\u00a0\u00bb en tant que pr\u00e9sident de cette nouvelle repr\u00e9sentation r\u00e9gionale de la FMEJ, la sixi\u00e8me du genre cr\u00e9\u00e9e apr\u00e8s celles de La\u00e2youne-Sakia El Hamra, Dakhla-Oued Ed-Dahab, Guelmim-Oued Noun, de la r\u00e9gion de l\u2019Oriental et de Tanger-T\u00e9touan-Al Hoceima.<\/p>\n<p>Cette initiative s\u2019ins\u00e8re dans le sillage des engagements arr\u00eat\u00e9s par la FMEJ, il y a un an, lors de l\u2019Assembl\u00e9e g\u00e9n\u00e9rale extraordinaire, relatifs au renforcement des m\u00e9dias de proximit\u00e9 r\u00e9gionale.<\/p>\n<p>La cr\u00e9ation de repr\u00e9sentations r\u00e9gionales de la FMEJ s\u2019inscrit de m\u00eame, dans un vaste processus de restructuration que la F\u00e9d\u00e9ration m\u00e8ne, et illustre sa prise de conscience que l\u2019avenir du journalisme au Maroc est intimement li\u00e9 \u00e0 l\u2019int\u00e9gration des m\u00e9dias r\u00e9gionaux dans le d\u00e9veloppement local.<\/p>\n<p>En marge de cette assembl\u00e9e g\u00e9n\u00e9rale constitutive de l\u2019antenne r\u00e9gionale de Marrakech-Safi une c\u00e9r\u00e9monie a \u00e9t\u00e9 organis\u00e9e \u00e0 l\u2019initiative de la FMEJ, le temps de rendre un vibrant hommage \u00e0 deux personnalit\u00e9s ayant marqu\u00e9e de leur empreinte, le secteur des m\u00e9dias et de la culture, par leurs \u00e9crits et contributions litt\u00e9raires et journalistiques riches et enrichissantes \u00e0 savoir : Mme Malika Assimi, et M. Abderrafie Jouahri.<\/p>\n<p>A noter que la FMEJ organisera, samedi, un colloque national sur le th\u00e8me \u00ab\u00a0Quelles politiques publiques pour l\u2019avenir de la presse au Maroc\u00a0\u00bb.<\/p>\n<p>Selon les organisateurs, un parterre d\u2019anciens ministres de la communication et des chefs de partis politiques participeront \u00e0 ce Colloque, en pr\u00e9sence de 45 \u00e9diteurs de journaux de la r\u00e9gion et des membres du Conseil f\u00e9d\u00e9ral national, afin de contribuer \u00e0 la r\u00e9flexion en cours sur le d\u00e9veloppement d\u2019un nouveau syst\u00e8me visant \u00e0 accompagner la presse nationale dans son action contre la crise structurelle et \u00e0 l\u2019aune des r\u00e9percussions de la pand\u00e9mie du coronavirus afin qu\u2019elle s\u2019acquitte de sa mission sociale.<\/p>\n<p>La FMEJ continue, depuis sa cr\u00e9ation il y a 20 ans, en tant que force de proposition et d\u2019encadrement, \u00e0 \u0153uvrer avec tous les partenaires afin de faire avancer la presse marocaine dans le cadre des principes d\u2019ind\u00e9pendance, de solidarit\u00e9, de pluralisme, de professionnalisme et d\u2019\u00e9thique et de soutenir la r\u00e9gionalisation m\u00e9diatique, de fa\u00e7on \u00e0 ce qu\u2019elle ach\u00e8ve, d\u2019ici la fin de l\u2019ann\u00e9e, la cr\u00e9ation d\u2019antennes dans toutes les r\u00e9gions du Royaume en tant qu\u2019instruments d\u2019organisation au service de la r\u00e9habilitation et du d\u00e9veloppement, pr\u00e9cise-t-on.<\/p>\n<p>\u00a0<\/p>\n<p>The post <a rel=\"nofollow\" href=\"http:\/\/www.mapmarrakech.ma\/fr\/la-fmej-se-dote-dune-nouvelle-representation-dans-la-region\/\">La FMEJ se dote d\u2019une nouvelle repr\u00e9sentation dans la r\u00e9gion<\/a> appeared first on <a rel=\"nofollow\" href=\"http:\/\/www.mapmarrakech.ma\/fr\">MapMarrakech<\/a>.<\/p>\n<\/div>\n<p>Auteur: Meriem IGASS<br \/>\n<a href=\"http:\/\/www.mapmarrakech.ma\/fr\/la-fmej-se-dote-dune-nouvelle-representation-dans-la-region\/\">Cliquez ici pour lire l&rsquo;article depuis sa source.<\/a><\/p>\n","protected":false},"excerpt":{"rendered":"<p>Dans ce cadre, une assembl\u00e9e g\u00e9n\u00e9rale constitutive de la section de la FMEJ dans la r\u00e9gion Marrakech-Safi a \u00e9t\u00e9 tenue, vendredi dans la cit\u00e9 ocre, en pr\u00e9sence du pr\u00e9sident de ladite F\u00e9d\u00e9ration, M. Noureddine Miftah, des membres du bureau ex\u00e9cutif, de pr\u00e9sidents de sections r\u00e9gionales, ainsi que des \u00e9diteurs accr\u00e9dit\u00e9s dans toutes les villes de [&hellip;]<\/p>\n","protected":false},"author":1788,"featured_media":0,"comment_status":"closed","ping_status":"closed","sticky":false,"template":"","format":"standard","meta":{"fifu_image_url":"http:\/\/www.mapmarrakech.ma\/map\/uploads\/2021\/07\/fmej-copier.jpg","fifu_image_alt":"La FMEJ se dote d\u2019une nouvelle repr\u00e9sentation dans la r\u00e9gion","footnotes":""},"categories":[54,76],"tags":[],"class_list":["post-121653","post","type-post","status-publish","format-standard","hentry","category-maroc","category-regions"],"_links":{"self":[{"href":"https:\/\/linitiative.ca\/International\/wp-json\/wp\/v2\/posts\/121653","targetHints":{"allow":["GET"]}}],"collection":[{"href":"https:\/\/linitiative.ca\/International\/wp-json\/wp\/v2\/posts"}],"about":[{"href":"https:\/\/linitiative.ca\/International\/wp-json\/wp\/v2\/types\/post"}],"author":[{"embeddable":true,"href":"https:\/\/linitiative.ca\/International\/wp-json\/wp\/v2\/users\/1788"}],"replies":[{"embeddable":true,"href":"https:\/\/linitiative.ca\/International\/wp-json\/wp\/v2\/comments?post=121653"}],"version-history":[{"count":0,"href":"https:\/\/linitiative.ca\/International\/wp-json\/wp\/v2\/posts\/121653\/revisions"}],"wp:attachment":[{"href":"https:\/\/linitiative.ca\/International\/wp-json\/wp\/v2\/media?parent=121653"}],"wp:term":[{"taxonomy":"category","embeddable":true,"href":"https:\/\/linitiative.ca\/International\/wp-json\/wp\/v2\/categories?post=121653"},{"taxonomy":"post_tag","embeddable":true,"href":"https:\/\/linitiative.ca\/International\/wp-json\/wp\/v2\/tags?post=121653"}],"curies":[{"name":"wp","href":"https:\/\/api.w.org\/{rel}","templated":true}]}}