{"id":121655,"date":"2021-07-17T07:59:33","date_gmt":"2021-07-17T11:59:33","guid":{"rendered":"https:\/\/linitiative.ca\/International\/la-fmej-ambitionne-de-renforcer-les-medias-de-proximite-regionale\/"},"modified":"2021-07-17T07:59:33","modified_gmt":"2021-07-17T11:59:33","slug":"la-fmej-ambitionne-de-renforcer-les-medias-de-proximite-regionale","status":"publish","type":"post","link":"https:\/\/linitiative.ca\/International\/la-fmej-ambitionne-de-renforcer-les-medias-de-proximite-regionale\/","title":{"rendered":"La FMEJ ambitionne de renforcer les m\u00e9dias de proximit\u00e9 r\u00e9gionale"},"content":{"rendered":"<div>\n<div style=\"margin-bottom:20px;\"><img loading=\"lazy\" decoding=\"async\" width=\"750\" height=\"430\" src=\"https:\/\/linitiative.ca\/International\/wp-content\/uploads\/sites\/23\/2021\/07\/Noureddine-Miftah-copier.jpg\" class=\"attachment-post-thumbnail size-post-thumbnail wp-post-image\" alt=\"\" srcset=\"https:\/\/linitiative.ca\/International\/wp-content\/uploads\/sites\/23\/2021\/07\/Noureddine-Miftah-copier.jpg 750w, http:\/\/www.mapmarrakech.ma\/map\/uploads\/2021\/07\/Noureddine-Miftah-copier-300x172.jpg 300w\" sizes=\"auto, (max-width: 750px) 100vw, 750px\"><\/div>\n<p>S\u2019exprimant lors de l\u2019assembl\u00e9e g\u00e9n\u00e9rale constitutive de la section de la FMEJ dans la r\u00e9gion Marrakech- Safi, M. Miftah, a ajout\u00e9 que cette d\u00e9marche s\u2019ins\u00e8re dans le sillage des engagements arr\u00eat\u00e9s par la F\u00e9d\u00e9ration, il y a un an, lors de l\u2019Assembl\u00e9e g\u00e9n\u00e9rale extraordinaire.<\/p>\n<p>\u00ab\u00a0La cr\u00e9ation de repr\u00e9sentations r\u00e9gionales de la FMEJ s\u2019inscrit dans un vaste processus de restructuration que la F\u00e9d\u00e9ration m\u00e8ne, et illustre sa prise de conscience que l\u2019avenir du journalisme au Maroc est intimement li\u00e9 \u00e0 l\u2019int\u00e9gration des m\u00e9dias r\u00e9gionaux dans le d\u00e9veloppement local\u00a0\u00bb, a-t-il expliqu\u00e9.<\/p>\n<p>L\u2019\u00e9tape de Marrakech- Safi est la sixi\u00e8me du genre dans le cadre de la nouvelle strat\u00e9gie de la FMEJ pour appuyer les m\u00e9dias r\u00e9gionaux, a fait savoir M. Miftah, notant que les probl\u00e8mes li\u00e9s aux m\u00e9dias r\u00e9gionaux sont similaires, bien que chaque r\u00e9gion dispose de sp\u00e9cificit\u00e9s qui lui sont intrins\u00e8ques.<\/p>\n<p>\u00ab\u00a0Ce n\u2019est pas normal que dans la r\u00e9gion Marrakech-Safi, et avec Marrakech comme ville internationale, les m\u00e9dias soient \u00e0 la marge\u00a0\u00bb, a-t-il dit, se f\u00e9licitant de la qualit\u00e9 de l\u2019organisation de cette assembl\u00e9e g\u00e9n\u00e9rale constitutive qui a \u00e9t\u00e9 un franc succ\u00e8s.<\/p>\n<p>Selon le pr\u00e9sident de la FMEJ, l\u2019ambition est aussi de r\u00e9ussir la mise \u00e0 niveau de l\u2019entreprise de presse et de convaincre les op\u00e9rateurs qu\u2019il ne peut y avoir de r\u00e9gionalisation avanc\u00e9e sans m\u00e9dias r\u00e9gionaux forts.<\/p>\n<p>Dans ce sens, il a appel\u00e9 les acteurs et les \u00e9lites au niveau de la r\u00e9gion, ainsi que les pouvoirs publics au niveau central, \u00e0 agir en vue d\u2019ins\u00e9rer les m\u00e9dias r\u00e9gionaux dans le cadre d\u2019une large r\u00e9flexion afin de promouvoir ce secteur.<\/p>\n<p>\u00ab\u00a0Je pense qu\u2019aujourd\u2019hui, nous avons franchi un grand pas dans le cadre de cette structuration des m\u00e9dias r\u00e9gionaux, que nous souhaitons qu\u2019elle puisse avoir des r\u00e9percussions positives sur l\u2019entreprise de presse et sur la presse r\u00e9gionale\u00a0\u00bb, a-t-il conclu.<\/p>\n<p>Le directeur r\u00e9gional du D\u00e9partement de la Communication, r\u00e9gion Marrakech- Safi, M. Abdel Majid Abada, a exprim\u00e9 ses vifs remerciements \u00e0 la FMEJ pour ses multiples initiatives au service des m\u00e9dias, notant que la F\u00e9d\u00e9ration est un partenaire r\u00e9el qui a \u00e9t\u00e9 toujours \u00e0 la hauteur des attentes du D\u00e9partement de la Communication.<\/p>\n<p>Tout en qualifiant la FMEJ de \u00ab\u00a0grande force de propositions et de plaidoiries\u00a0\u00bb au service du secteur des m\u00e9dias et du journalisme, il a estim\u00e9 que le chemin \u00e0 parcourir reste encore long et que les d\u00e9fis \u00e0 relever sont \u00e9normes, ce qui requiert davantage de coordination et d\u2019action conjointe.<\/p>\n<p>D\u2019autre part, il a mis en avant les efforts inlassables d\u00e9ploy\u00e9s par les m\u00e9dias r\u00e9gionaux au niveau de Marrakech-Safi en vue de promouvoir ce secteur, notant que la cr\u00e9ation d\u2019une section r\u00e9gionale de la FMEJ ne pourrait \u00eatre qu\u2019une initiative salutaire sur la voie de la promotion et du d\u00e9veloppement d\u2019un journalisme r\u00e9gional de proximit\u00e9 de qualit\u00e9.<\/p>\n<p>De son c\u00f4t\u00e9, M. Mohamed Abderrahmane Berrada, membre du Conseil f\u00e9d\u00e9ral de la FMEJ, a mis l\u2019accent sur les grandes \u00e9volutions, les d\u00e9veloppements ainsi que sur la \u00ab\u00a0r\u00e9volution r\u00e9elle\u00a0\u00bb qu\u2019a connus le secteur de la presse et des m\u00e9dias au Maroc, estimant que ces changements n\u00e9cessitent qu&rsquo;\u00a0\u00bbon soit bien organis\u00e9, qu\u2019on d\u00e9ploie davantage d\u2019efforts et qu\u2019on oeuvre la main dans la main, en vue d\u2019\u00eatre en mesure de relever tous les d\u00e9fis qui s\u2019imposent\u00a0\u00bb.<\/p>\n<p>Il a insist\u00e9 sur l\u2019importance du travail collectif et de la f\u00e9d\u00e9ration des efforts en vue de consolider davantage la FMEJ, passant en revue une s\u00e9rie d\u2019initiatives et d\u2019actions men\u00e9es par ladite F\u00e9d\u00e9ration, et qui ont \u00e9t\u00e9 couronn\u00e9es de succ\u00e8s au service de l\u2019int\u00e9r\u00eat non seulement, de l\u2019entreprise journalistique, mais aussi de l\u2019\u00e9diteur et du journaliste.<\/p>\n<p>Fraichement \u00e9lu, le pr\u00e9sident de la section de la FMEJ dans la r\u00e9gion Marrakech- Safi, M. Brahim Sroute s\u2019est dit, quant \u00e0 lui, tr\u00e8s honor\u00e9 de cette \u00e9lection, r\u00e9it\u00e9rant son engagement \u00e0 ne m\u00e9nager aucun effort en vue de promouvoir la profession et de rassembler le corps journalistique au niveau r\u00e9gional, de mani\u00e8re \u00e0 permettre aux m\u00e9dias r\u00e9gionaux d\u2019\u00eatre des acteurs agissants au service du d\u00e9veloppement escompt\u00e9.<\/p>\n<p>A noter que la nouvelle repr\u00e9sentation de la FMEJ dans la r\u00e9gion Marrakech- Safi est la sixi\u00e8me du genre cr\u00e9\u00e9e apr\u00e8s celles de La\u00e2youne-Sakia El Hamra, Dakhla-Oued Ed-Dahab, Guelmim-Oued Noun, de la r\u00e9gion de l\u2019Oriental et de Tanger-T\u00e9touan-Al Hoceima\u00a0\u00bb.<\/p>\n<p>The post <a rel=\"nofollow\" href=\"http:\/\/www.mapmarrakech.ma\/fr\/la-fmej-ambitionne-de-renforcer-les-medias-de-proximite-regionale\/\">La FMEJ ambitionne de renforcer les m\u00e9dias de proximit\u00e9 r\u00e9gionale<\/a> appeared first on <a rel=\"nofollow\" href=\"http:\/\/www.mapmarrakech.ma\/fr\">MapMarrakech<\/a>.<\/p>\n<\/div>\n<p>Auteur: Meriem IGASS<br \/>\n<a href=\"http:\/\/www.mapmarrakech.ma\/fr\/la-fmej-ambitionne-de-renforcer-les-medias-de-proximite-regionale\/\">Cliquez ici pour lire l&rsquo;article depuis sa source.<\/a><\/p>\n","protected":false},"excerpt":{"rendered":"<p>S\u2019exprimant lors de l\u2019assembl\u00e9e g\u00e9n\u00e9rale constitutive de la section de la FMEJ dans la r\u00e9gion Marrakech- Safi, M. Miftah, a ajout\u00e9 que cette d\u00e9marche s\u2019ins\u00e8re dans le sillage des engagements arr\u00eat\u00e9s par la F\u00e9d\u00e9ration, il y a un an, lors de l\u2019Assembl\u00e9e g\u00e9n\u00e9rale extraordinaire. \u00ab\u00a0La cr\u00e9ation de repr\u00e9sentations r\u00e9gionales de la FMEJ s\u2019inscrit dans un [&hellip;]<\/p>\n","protected":false},"author":1788,"featured_media":0,"comment_status":"closed","ping_status":"closed","sticky":false,"template":"","format":"standard","meta":{"fifu_image_url":"http:\/\/www.mapmarrakech.ma\/map\/uploads\/2021\/07\/Noureddine-Miftah-copier.jpg","fifu_image_alt":"La FMEJ ambitionne de renforcer les m\u00e9dias de proximit\u00e9 r\u00e9gionale","footnotes":""},"categories":[54,76],"tags":[],"class_list":["post-121655","post","type-post","status-publish","format-standard","hentry","category-maroc","category-regions"],"_links":{"self":[{"href":"https:\/\/linitiative.ca\/International\/wp-json\/wp\/v2\/posts\/121655","targetHints":{"allow":["GET"]}}],"collection":[{"href":"https:\/\/linitiative.ca\/International\/wp-json\/wp\/v2\/posts"}],"about":[{"href":"https:\/\/linitiative.ca\/International\/wp-json\/wp\/v2\/types\/post"}],"author":[{"embeddable":true,"href":"https:\/\/linitiative.ca\/International\/wp-json\/wp\/v2\/users\/1788"}],"replies":[{"embeddable":true,"href":"https:\/\/linitiative.ca\/International\/wp-json\/wp\/v2\/comments?post=121655"}],"version-history":[{"count":0,"href":"https:\/\/linitiative.ca\/International\/wp-json\/wp\/v2\/posts\/121655\/revisions"}],"wp:attachment":[{"href":"https:\/\/linitiative.ca\/International\/wp-json\/wp\/v2\/media?parent=121655"}],"wp:term":[{"taxonomy":"category","embeddable":true,"href":"https:\/\/linitiative.ca\/International\/wp-json\/wp\/v2\/categories?post=121655"},{"taxonomy":"post_tag","embeddable":true,"href":"https:\/\/linitiative.ca\/International\/wp-json\/wp\/v2\/tags?post=121655"}],"curies":[{"name":"wp","href":"https:\/\/api.w.org\/{rel}","templated":true}]}}