{"id":121657,"date":"2021-07-17T08:09:30","date_gmt":"2021-07-17T12:09:30","guid":{"rendered":"https:\/\/linitiative.ca\/International\/convention-pour-la-promotion-de-lentrepreneuriat-dans-la-region\/"},"modified":"2021-07-17T08:09:30","modified_gmt":"2021-07-17T12:09:30","slug":"convention-pour-la-promotion-de-lentrepreneuriat-dans-la-region","status":"publish","type":"post","link":"https:\/\/linitiative.ca\/International\/convention-pour-la-promotion-de-lentrepreneuriat-dans-la-region\/","title":{"rendered":"Convention pour la promotion de l\u2019entrepreneuriat dans la r\u00e9gion"},"content":{"rendered":"<div>\n<div style=\"margin-bottom:20px;\"><img loading=\"lazy\" decoding=\"async\" width=\"750\" height=\"430\" src=\"https:\/\/linitiative.ca\/International\/wp-content\/uploads\/sites\/23\/2021\/07\/signature-copier.jpg\" class=\"attachment-post-thumbnail size-post-thumbnail wp-post-image\" alt=\"\" srcset=\"https:\/\/linitiative.ca\/International\/wp-content\/uploads\/sites\/23\/2021\/07\/signature-copier.jpg 750w, http:\/\/www.mapmarrakech.ma\/map\/uploads\/2021\/07\/signature-copier-300x172.jpg 300w\" sizes=\"auto, (max-width: 750px) 100vw, 750px\"><\/div>\n<p>S\u2019inscrivant dans la continuit\u00e9 des Hautes Directives Royales visant \u00e0 accompagner les initiatives entrepreneuriales, cette Convention de partenariat a pour objectif la mise en place du programme int\u00e9gr\u00e9 d\u2019accompagnement d\u00e9nomm\u00e9 \u00ab\u00a0Khotwa\u00a0\u00bb, indique un communiqu\u00e9 du CRI Marrakech- Safi.<\/p>\n<p>Ciblant les porteurs de projets pouvant b\u00e9n\u00e9ficier d\u2019un financement dans le cadre du Programme Int\u00e9gr\u00e9 d\u2019Appui et de Financement des Entreprises (PIAFE), \u00ab\u00a0Khotwa\u00a0\u00bb se propose de promouvoir l\u2019esprit entrepreneurial dans la r\u00e9gion, \u00e0 travers l\u2019accompagnement et la formation des porteurs de projets durant l\u2019ensemble des phases de leurs projets (cadrage de l\u2019id\u00e9e de d\u00e9part, aide au montage du dossier de financement, formations autour de l\u2019entrepreneuriat, aide au montage du business plan et l\u2019assistance dans les d\u00e9marches de cr\u00e9ation d\u2019entreprises), ajoute la m\u00eame source.<\/p>\n<p>L\u2019accompagnement de 500 porteurs de projets, le financement de 70% des projets accompagn\u00e9s \u00e0 travers une d\u00e9clinaison pr\u00e9fectorale et provinciale et l\u2019organisation des \u00e9v\u00e8nements autour de l\u2019entrepreneuriat au niveau de la r\u00e9gion sont les objectifs fix\u00e9s \u00e0 l\u2019horizon 2021, lit-on dans le communiqu\u00e9.<\/p>\n<p>Et de poursuivre que le programme adopte une d\u00e9marche proactive o\u00f9, les acteurs d\u2019accompagnement vont \u00e0 la rencontre des porteurs de projets au niveau des diff\u00e9rentes pr\u00e9fectures et provinces de la r\u00e9gion et ce, \u00e0 travers la mise en place d\u2019actions promotionnelles communes, ainsi que l\u2019animation du milieu entrepreneurial.<\/p>\n<p>Les parties signataires de la Convention s\u2019engagent \u00e0 unir leurs expertises, en parfaite synergie, au profit des porteurs d\u2019id\u00e9es afin de leur apporter un accompagnement personnalis\u00e9 et \u00e0 grande valeur ajout\u00e9e, en permettant notamment, une meilleure inclusion financi\u00e8re des jeunes dans le cadre du financement PIAFE, en plus de la promotion et la vulgarisation de l\u2019entrepreneuriat au niveau r\u00e9gional afin de stimuler et encourager les jeunes porteurs de projets, explique le CRI Marrakech- Safi.<\/p>\n<p>Il convient de rappeler que le PIAFE a \u00e9t\u00e9 initi\u00e9 suite aux Hautes Instructions de Sa Majest\u00e9 le Roi Mohammed VI, pour accompagner les porteurs de projets, notamment dans le volet de l\u2019appui et de l\u2019accompagnement, \u00e0 travers une coordination d\u2019actions au niveau r\u00e9gional.<\/p>\n<p>Dans ce cadre, le comit\u00e9 de suivi du projet \u00ab\u00a0Khotwa\u00a0\u00bb veillera \u00e0 l\u2019application des actions de ce programme en concordance avec le PIAFE, au profit des jeunes porteurs de projets et des TPME, qui constituent la grande majorit\u00e9 du tissu \u00e9conomique de la r\u00e9gion.<\/p>\n<p>The post <a rel=\"nofollow\" href=\"http:\/\/www.mapmarrakech.ma\/fr\/convention-pour-la-promotion-de-lentrepreneuriat-dans-la-region\/\">Convention pour la promotion de l\u2019entrepreneuriat dans la r\u00e9gion<\/a> appeared first on <a rel=\"nofollow\" href=\"http:\/\/www.mapmarrakech.ma\/fr\">MapMarrakech<\/a>.<\/p>\n<\/div>\n<p>Auteur: Meriem IGASS<br \/>\n<a href=\"http:\/\/www.mapmarrakech.ma\/fr\/convention-pour-la-promotion-de-lentrepreneuriat-dans-la-region\/\">Cliquez ici pour lire l&rsquo;article depuis sa source.<\/a><\/p>\n","protected":false},"excerpt":{"rendered":"<p>S\u2019inscrivant dans la continuit\u00e9 des Hautes Directives Royales visant \u00e0 accompagner les initiatives entrepreneuriales, cette Convention de partenariat a pour objectif la mise en place du programme int\u00e9gr\u00e9 d\u2019accompagnement d\u00e9nomm\u00e9 \u00ab\u00a0Khotwa\u00a0\u00bb, indique un communiqu\u00e9 du CRI Marrakech- Safi. Ciblant les porteurs de projets pouvant b\u00e9n\u00e9ficier d\u2019un financement dans le cadre du Programme Int\u00e9gr\u00e9 d\u2019Appui et [&hellip;]<\/p>\n","protected":false},"author":1788,"featured_media":0,"comment_status":"closed","ping_status":"closed","sticky":false,"template":"","format":"standard","meta":{"fifu_image_url":"http:\/\/www.mapmarrakech.ma\/map\/uploads\/2021\/07\/signature-copier.jpg","fifu_image_alt":"Convention pour la promotion de l\u2019entrepreneuriat dans la r\u00e9gion","footnotes":""},"categories":[54,76],"tags":[],"class_list":["post-121657","post","type-post","status-publish","format-standard","hentry","category-maroc","category-regions"],"_links":{"self":[{"href":"https:\/\/linitiative.ca\/International\/wp-json\/wp\/v2\/posts\/121657","targetHints":{"allow":["GET"]}}],"collection":[{"href":"https:\/\/linitiative.ca\/International\/wp-json\/wp\/v2\/posts"}],"about":[{"href":"https:\/\/linitiative.ca\/International\/wp-json\/wp\/v2\/types\/post"}],"author":[{"embeddable":true,"href":"https:\/\/linitiative.ca\/International\/wp-json\/wp\/v2\/users\/1788"}],"replies":[{"embeddable":true,"href":"https:\/\/linitiative.ca\/International\/wp-json\/wp\/v2\/comments?post=121657"}],"version-history":[{"count":0,"href":"https:\/\/linitiative.ca\/International\/wp-json\/wp\/v2\/posts\/121657\/revisions"}],"wp:attachment":[{"href":"https:\/\/linitiative.ca\/International\/wp-json\/wp\/v2\/media?parent=121657"}],"wp:term":[{"taxonomy":"category","embeddable":true,"href":"https:\/\/linitiative.ca\/International\/wp-json\/wp\/v2\/categories?post=121657"},{"taxonomy":"post_tag","embeddable":true,"href":"https:\/\/linitiative.ca\/International\/wp-json\/wp\/v2\/tags?post=121657"}],"curies":[{"name":"wp","href":"https:\/\/api.w.org\/{rel}","templated":true}]}}