{"id":121659,"date":"2021-07-17T08:41:18","date_gmt":"2021-07-17T12:41:18","guid":{"rendered":"https:\/\/linitiative.ca\/International\/lart-de-laita-sous-les-feux-des-projecteurs-a-safi\/"},"modified":"2021-07-17T08:41:18","modified_gmt":"2021-07-17T12:41:18","slug":"lart-de-laita-sous-les-feux-des-projecteurs-a-safi","status":"publish","type":"post","link":"https:\/\/linitiative.ca\/International\/lart-de-laita-sous-les-feux-des-projecteurs-a-safi\/","title":{"rendered":"L\u2019Art de l\u2019Aita sous les feux des projecteurs \u00e0 Safi"},"content":{"rendered":"<div>\n<div style=\"margin-bottom:20px;\"><img loading=\"lazy\" decoding=\"async\" width=\"750\" height=\"430\" src=\"https:\/\/linitiative.ca\/International\/wp-content\/uploads\/sites\/23\/2021\/07\/clC3B4ture-festival-aita-copier.jpg\" class=\"attachment-post-thumbnail size-post-thumbnail wp-post-image\" alt=\"\" srcset=\"https:\/\/linitiative.ca\/International\/wp-content\/uploads\/sites\/23\/2021\/07\/clC3B4ture-festival-aita-copier.jpg 750w, http:\/\/www.mapmarrakech.ma\/map\/uploads\/2021\/07\/cl\u00f4ture-festival-aita-copier-300x172.jpg 300w\" sizes=\"auto, (max-width: 750px) 100vw, 750px\"><\/div>\n<p>Ainsi, Jamal Eddine Zerhouni, Abidine Zerhouni, Mohamed Ould Soubba, Boujema\u00e2 Ben\u00e2guida, Bouchaib Ben\u00e2guida, Hassan Ould Aoud, Amine Ouardini et Rachid Mouih, ont interpr\u00e9t\u00e9 et chant\u00e9, avec brio, une s\u00e9rie de chansons tir\u00e9es du r\u00e9pertoire musical de ce genre artistique. Une belle aventure \u00e0 laquelle ont \u00e9t\u00e9 associ\u00e9es des \u00ab\u00a0Cheikhates\u00a0\u00bb (chanteuses) de renomm\u00e9e nationale, telles que Khadija Margoum, Hafida Hasnaouia, Siham Mesfouiya et Aicha Jiraria.<\/p>\n<p>Les organisateurs ont choisi de lancer le festival avec ce style \u00e9tant donn\u00e9 que l\u2019origine de l\u2019A\u00efta remonte au mode Hasbaoui qui est difficile quant \u00e0 son interpr\u00e9tation et n\u2019est maitris\u00e9 que par de rares Chioukhs.<\/p>\n<p>On reconna\u00eet au Hasbaoui le m\u00e9rite d\u2019avoir pu conserver ses premiers instruments comme le (Swisdi) et le (Guenbri) utilis\u00e9s, jadis, par des Duos de la r\u00e9gion de Abda (R\u00e9gion de Safi).<\/p>\n<p>Du point de vue th\u00e9matique, les sujets abord\u00e9s dans ce style sont riches et vari\u00e9s. La musique dans le genre Hasbaoui mise davantage sur le rythme, le texte po\u00e9tique et la voix.<\/p>\n<p>Dans une allocution lue au nom du minist\u00e8re de la culture, de la jeunesse et des sports, le directeur r\u00e9gional de la culture, Azzouz Boujamid, a mis l\u2019accent sur l\u2019int\u00e9r\u00eat accord\u00e9 par les autorit\u00e9s publiques \u00e0 la sauvegarde du patrimoine immat\u00e9riel et ce, conform\u00e9ment aux Hautes Orientations de Sa Majest\u00e9 le Roi Mohammed VI.<\/p>\n<p>Tout en notant que l\u2019Aita est fortement pr\u00e9sente dans toutes les r\u00e9gions du Maroc, M. Boujamid a relev\u00e9 la position de choix de cette manifestation dans la carte des festivals nationaux organis\u00e9s par le minist\u00e8re de tutelle.<\/p>\n<p>\u00ab\u00a0L\u2019Aita repr\u00e9sente un art patrimonial vivant, un h\u00e9ritage immat\u00e9riel et une expression artistique \u00e0 part enti\u00e8re et combien ancr\u00e9e dans l\u2019histoire de ce Royaume mill\u00e9naire\u00a0\u00bb, a-t-il insist\u00e9, relevant que chaque \u00e9dition du festival offre l\u2019opportunit\u00e9 pour la transcription et la documentation de ce patrimoine immat\u00e9riel, outre le fait qu\u2019elle offre une v\u00e9ritable opportunit\u00e9 de rendre hommage \u00e0 ses pratiquants afin de le transmettre aux g\u00e9n\u00e9rations futures.<\/p>\n<p>En d\u00e9pit des restrictions impos\u00e9es par la crise sanitaire mondiale induite par la propagation de la pand\u00e9mie du nouveau coronavirus, l\u2019\u00e9dition de 2020 de ce festival, organis\u00e9e en mode virtuel, a \u00e9t\u00e9 une r\u00e9ussite sur tous les plans, a-t-il assur\u00e9.<\/p>\n<p>Cette soir\u00e9e inaugurale a \u00e9t\u00e9 marqu\u00e9e par un vibrant hommage rendu \u00e0 deux artistes de l\u2019Aita \u00e0 savoir : Taleb Lahmar et Hasna Habibou.<\/p>\n<p>Plac\u00e9e sous le signe \u00ab\u00a0l\u2019Aita, un tr\u00e9sor patrimonial vivant\u00a0\u00bb, la 20\u00e8 \u00e9dition du Festival National de l\u2019Art de l\u2019Aita s\u2019ins\u00e8re dans le cadre des efforts visant la sauvegarde du patrimoine musical populaire marocain.<\/p>\n<p>Initi\u00e9e jusqu\u2019au 18 juillet, \u00e0 l\u2019initiative du minist\u00e8re de la Culture, de la Jeunesse et des Sports- D\u00e9partement de la Culture, cette \u00e9dition connait la participation de 225 artistes, 25 groupes musicaux, dont 08 compos\u00e9s de jeunes et 17 groupes de pionniers issus des villes de Rehamna, El Jadida, Safi, Rabat, B\u00e9ni Mellal, Khouribga et Casablanca.<\/p>\n<p>Rendez-vous annuel incontournable, cette manifestation culturelle et artistique vise \u00e0 promouvoir et \u00e0 valoriser l\u2019art de l\u2019Aita\u00a0et \u00e0 mettre en lumi\u00e8re la diversit\u00e9 des styles qui le composent.<\/p>\n<p>Ce festival est diffus\u00e9 en int\u00e9gralit\u00e9 en direct via les r\u00e9seaux sociaux et les plateformes num\u00e9riques du minist\u00e8re de la culture, de la Direction r\u00e9gionale de la culture Marrakech-Safi et\u00a0de la Direction provinciale de la Culture de Safi.<\/p>\n<p>Le programme de ce festival comporte des spectacles artistiques rehauss\u00e9s par la participation de groupes artistiques de renom, \u00e0 m\u00eame de traduire la diversit\u00e9 territoriale et g\u00e9ographique caract\u00e9risant l\u2019Art de l\u2019Aita, dans ses divers rythmes, genres et caract\u00e9ristiques, tel qu\u2019il se trouve \u00e0 travers l\u2019ensemble des r\u00e9gions du Royaume, qui abritent diff\u00e9rents styles de l\u2019aita\u00a0(Hasbaoui, Marsaoui, Haouzi, Mellali, Zaari).<\/p>\n<p>Comme \u00e0 son accoutum\u00e9e, le festival rendra hommage aux pionniers de ce genre musical ancestral en reconnaissance de leur parcours artistique prolifique et leur contribution \u00e0 la transmission de l\u2019art de l\u2019Aita\u00a0aux diff\u00e9rentes g\u00e9n\u00e9rations et son rapprochement du large public.<\/p>\n<p>Cet \u00e9v\u00e9nement artistique riche en couleurs, figure parmi les festivals \u00ab\u00a0Art et Patrimoine\u00a0\u00bb du Minist\u00e8re de la culture, organis\u00e9s tout au long de l\u2019ann\u00e9e et dans les diff\u00e9rentes r\u00e9gions du Royaume, pour mieux faire connaitre les tr\u00e9sors inestimables de notre culture tout en favorisant l\u2019appropriation par les jeunes g\u00e9n\u00e9rations de cet h\u00e9ritage artistique.<\/p>\n<p>The post <a rel=\"nofollow\" href=\"http:\/\/www.mapmarrakech.ma\/fr\/lart-de-laita-sous-les-feux-des-projecteurs-a-safi\/\">L\u2019Art de l\u2019Aita sous les feux des projecteurs \u00e0 Safi<\/a> appeared first on <a rel=\"nofollow\" href=\"http:\/\/www.mapmarrakech.ma\/fr\">MapMarrakech<\/a>.<\/p>\n<\/div>\n<p>Auteur: Meriem IGASS<br \/>\n<a href=\"http:\/\/www.mapmarrakech.ma\/fr\/lart-de-laita-sous-les-feux-des-projecteurs-a-safi\/\">Cliquez ici pour lire l&rsquo;article depuis sa source.<\/a><\/p>\n","protected":false},"excerpt":{"rendered":"<p>Ainsi, Jamal Eddine Zerhouni, Abidine Zerhouni, Mohamed Ould Soubba, Boujema\u00e2 Ben\u00e2guida, Bouchaib Ben\u00e2guida, Hassan Ould Aoud, Amine Ouardini et Rachid Mouih, ont interpr\u00e9t\u00e9 et chant\u00e9, avec brio, une s\u00e9rie de chansons tir\u00e9es du r\u00e9pertoire musical de ce genre artistique. Une belle aventure \u00e0 laquelle ont \u00e9t\u00e9 associ\u00e9es des \u00ab\u00a0Cheikhates\u00a0\u00bb (chanteuses) de renomm\u00e9e nationale, telles que [&hellip;]<\/p>\n","protected":false},"author":1788,"featured_media":0,"comment_status":"closed","ping_status":"closed","sticky":false,"template":"","format":"standard","meta":{"fifu_image_url":"http:\/\/www.mapmarrakech.ma\/map\/uploads\/2021\/07\/cl\u00f4ture-festival-aita-copier.jpg","fifu_image_alt":"L\u2019Art de l\u2019Aita sous les feux des projecteurs \u00e0 Safi","footnotes":""},"categories":[54,76],"tags":[],"class_list":["post-121659","post","type-post","status-publish","format-standard","hentry","category-maroc","category-regions"],"_links":{"self":[{"href":"https:\/\/linitiative.ca\/International\/wp-json\/wp\/v2\/posts\/121659","targetHints":{"allow":["GET"]}}],"collection":[{"href":"https:\/\/linitiative.ca\/International\/wp-json\/wp\/v2\/posts"}],"about":[{"href":"https:\/\/linitiative.ca\/International\/wp-json\/wp\/v2\/types\/post"}],"author":[{"embeddable":true,"href":"https:\/\/linitiative.ca\/International\/wp-json\/wp\/v2\/users\/1788"}],"replies":[{"embeddable":true,"href":"https:\/\/linitiative.ca\/International\/wp-json\/wp\/v2\/comments?post=121659"}],"version-history":[{"count":0,"href":"https:\/\/linitiative.ca\/International\/wp-json\/wp\/v2\/posts\/121659\/revisions"}],"wp:attachment":[{"href":"https:\/\/linitiative.ca\/International\/wp-json\/wp\/v2\/media?parent=121659"}],"wp:term":[{"taxonomy":"category","embeddable":true,"href":"https:\/\/linitiative.ca\/International\/wp-json\/wp\/v2\/categories?post=121659"},{"taxonomy":"post_tag","embeddable":true,"href":"https:\/\/linitiative.ca\/International\/wp-json\/wp\/v2\/tags?post=121659"}],"curies":[{"name":"wp","href":"https:\/\/api.w.org\/{rel}","templated":true}]}}