{"id":121665,"date":"2021-07-16T18:09:23","date_gmt":"2021-07-16T22:09:23","guid":{"rendered":"https:\/\/linitiative.ca\/International\/la-bataille-danoual-une-epopee-radieuse-de-lhistoire-de-la-resistance-marocaine\/"},"modified":"2021-07-16T18:09:23","modified_gmt":"2021-07-16T22:09:23","slug":"la-bataille-danoual-une-epopee-radieuse-de-lhistoire-de-la-resistance-marocaine","status":"publish","type":"post","link":"https:\/\/linitiative.ca\/International\/la-bataille-danoual-une-epopee-radieuse-de-lhistoire-de-la-resistance-marocaine\/","title":{"rendered":"La bataille d\u2019Anoual, une \u00e9pop\u00e9e radieuse de l\u2019histoire de la r\u00e9sistance marocaine"},"content":{"rendered":"<div>\n<div style=\"margin-bottom:20px;\"><img loading=\"lazy\" decoding=\"async\" width=\"750\" height=\"430\" src=\"https:\/\/linitiative.ca\/International\/wp-content\/uploads\/sites\/23\/2021\/07\/Le-Haut-commissaire-aux-anciens-rC3A9sistants-et-anciens-membres-de-lArmC3A9e-de-libC3A9ration-Mustapha-El-Ktiri-750C397430-MAP.jpg\" class=\"attachment-post-thumbnail size-post-thumbnail wp-post-image\" alt=\"\" srcset=\"https:\/\/linitiative.ca\/International\/wp-content\/uploads\/sites\/23\/2021\/07\/Le-Haut-commissaire-aux-anciens-rC3A9sistants-et-anciens-membres-de-lArmC3A9e-de-libC3A9ration-Mustapha-El-Ktiri-750C397430-MAP.jpg 750w, http:\/\/www.mapoujda.ma\/map\/uploads\/2021\/07\/Le-Haut-commissaire-aux-anciens-r\u00e9sistants-et-anciens-membres-de-lArm\u00e9e-de-lib\u00e9ration-Mustapha-El-Ktiri-750\u00d7430-MAP-300x172.jpg 300w\" sizes=\"auto, (max-width: 750px) 100vw, 750px\"><\/div>\n<div>\n<p style=\"text-align: justify;\">La bataille d\u2019Anoual est une \u00e9pop\u00e9e radieuse de l\u2019histoire de la r\u00e9sistance marocaine et un \u00e9v\u00e9nement phare riche en significations et enseignements pour les g\u00e9n\u00e9rations montantes, a soulign\u00e9, vendredi \u00e0 Driouch, le Haut Commissaire aux Anciens r\u00e9sistants et Anciens membres de l\u2019Arm\u00e9e de lib\u00e9ration, Mustapha El Ktiri.<\/p>\n<p style=\"text-align: justify;\">S\u2019exprimant lors d\u2019un meeting marquant la c\u00e9l\u00e9bration du centenaire de l\u2019\u00e9clatante victoire \u00e0 la bataille d\u2019Anoual, M. El Ktiri a indiqu\u00e9 que cette comm\u00e9moration constitue une occasion pour rendre hommage \u00e0 l\u2019abn\u00e9gation, la bravoure, l\u2019esprit de sacrifice, l\u2019h\u00e9ro\u00efsme et \u00e0 l\u2019attachement \u00e0 la patrie, dont ont fait montre les populations rifaines.<\/p>\n<p style=\"text-align: justify;\">La c\u00e9l\u00e9bration de cette victoire, a-t-il ajout\u00e9, est une occasion pour les g\u00e9n\u00e9rations montantes de se rem\u00e9morer les \u00e9pop\u00e9es de cet \u00e9pisode fantastique de la lutte de lib\u00e9ration, et de tirer les enseignements majeurs de ces \u00e9v\u00e8nements phares, afin de renforcer l\u2019esprit patriotique et les valeurs de la citoyennet\u00e9 positive, pour relever les d\u00e9fis et les enjeux du pr\u00e9sent et du futur, sous la conduite \u00e9clair\u00e9e de SM le Roi Mohammed VI.<\/p>\n<p style=\"text-align: justify;\">Lors de la bataille d\u2019Anoual, les valeureux r\u00e9sistants marocains avaient remport\u00e9 une victoire d\u00e9cisive contre les forces d\u2019occupation, sous la conduite du h\u00e9ros national Mohamed ben Abdelkrim Al Khattabi, et ce gr\u00e2ce \u00e0 la d\u00e9termination et la foi d\u2019un groupe r\u00e9duit de r\u00e9sistants, qui est venu \u00e0 bout de la puissante et moderne arm\u00e9e espagnole, le 21 juillet 1921.<\/p>\n<p style=\"text-align: justify;\">L\u2019arm\u00e9e espagnole a essuy\u00e9, lors de cette bataille m\u00e9morable, une cuisante d\u00e9faite qui a pris l\u2019allure de d\u00e9sastre national en Espagne avec en prime la fin du mythe de l\u2019arm\u00e9e moderne \u00e0 la sup\u00e9riorit\u00e9 \u00e9crasante, a rappel\u00e9 M. El Ktiri.<\/p>\n<p style=\"text-align: justify;\">Il a pr\u00e9cis\u00e9, \u00e0 cet \u00e9gard, que l\u2019arm\u00e9e espagnole avait perdu quelque 15.000 soldats, tu\u00e9s ou bless\u00e9s, et laiss\u00e9 aux mains des combattants marocains un \u00e9norme butin de guerre, dont plus de 20.000 fusils, 400 mitrailleuses et 100 canons, de m\u00eame que 700 soldats espagnols avaient \u00e9t\u00e9 faits prisonniers.<\/p>\n<p style=\"text-align: justify;\">\u00c9branl\u00e9es par les pertes humaines et mat\u00e9rielles enregistr\u00e9es durant cette bataille, les forces espagnoles n\u2019ont eu d\u2019autre choix que de n\u00e9gocier avec les r\u00e9sistants marocains pour limiter les d\u00e9g\u00e2ts et sauver ce qui peut \u00eatre sauv\u00e9.<\/p>\n<p style=\"text-align: justify;\">Malgr\u00e9 l\u2019alliance des forces d\u2019occupation franco-espagnoles, Abdelkrim Al Khattabi et ses partisans sont parvenus \u00e0 r\u00e9sister face \u00e0 l\u2019oppression et l\u2019injustice pendant toute une ann\u00e9e lors de laquelle des n\u00e9gociations ont pris cours et qui ont d\u00e9bouch\u00e9 sur la cessation de la lutte arm\u00e9e, sans toutefois rendre les armes.<\/p>\n<p style=\"text-align: justify;\">Constatant qu\u2019il s\u2019agissait d\u2019une guerre \u00e0 forces in\u00e9gales entre les deux parties, le courageux Abdelkrim Al Khattabi a pr\u00e9f\u00e9r\u00e9 se rendre \u00e0 l\u2019occupant fran\u00e7ais et \u00e9pargner, ainsi, la vie de nombreux soldats vou\u00e9s \u00e0 la cause de la lib\u00e9ration, et ce le 25 mai 1926.<\/p>\n<p style=\"text-align: justify;\">Elle fut, \u00e0 n\u2019en pas douter, l\u2019une des grandes \u00e9tapes du processus de lutte men\u00e9e par la suite par feu SM Mohammed V pour la lib\u00e9ration du Maroc, un processus qui a trouv\u00e9 son prolongement dans la conduite patriotique de feu SM Hassan II et son digne successeur, SM le Roi Mohammed VI, pour conforter les acquis du parach\u00e8vement de l\u2019int\u00e9grit\u00e9 territoriale du Royaume.<\/p>\n<p style=\"text-align: justify;\">Le Haut commissaire a saisi cette comm\u00e9moration pour r\u00e9it\u00e9rer la mobilisation permanente de la famille de la r\u00e9sistance et de l\u2019arm\u00e9e de lib\u00e9ration, ainsi que de l\u2019ensemble des composantes de la soci\u00e9t\u00e9 marocaine, pour la d\u00e9fense de la cause nationale.<\/p>\n<p style=\"text-align: justify;\">Dans ce sillage, il a mis l\u2019accent sur les succ\u00e8s r\u00e9alis\u00e9s par le Maroc, notamment avec la reconnaissance des Etats-Unis de la souverainet\u00e9 du Maroc sur son Sahara, et sur le consensus national autour de la pr\u00e9servation de l\u2019int\u00e9grit\u00e9 territoriale du Royaume et pour consolider les acquis nationaux sous la conduite \u00e9clair\u00e9e de SM le Roi Mohammed VI.<\/p>\n<p style=\"text-align: justify;\">M. El Ktiri a de m\u00eame soulign\u00e9 la mobilisation derri\u00e8re le Souverain pour poursuivre le processus de d\u00e9veloppement global et int\u00e9gr\u00e9, valoriser les potentialit\u00e9s \u00e9conomiques, sociales, culturelles et humaines du Maroc et renforcer les acquis dans tous les domaines, notamment en perspective de la mise en \u0153uvre du Nouveau mod\u00e8le de d\u00e9veloppement.<\/p>\n<p style=\"text-align: justify;\">La comm\u00e9moration du centenaire de la bataille d\u2019Anoual a \u00e9t\u00e9 marqu\u00e9e \u00e9galement par une conf\u00e9rence scientifique au cours de laquelle les intervenants, quatre universitaires et chercheurs, ont mis l\u2019accent en particulier sur la personnalit\u00e9 de Mohamed ben Abdelkrim Al Khattabi et son r\u00f4le dans la guerre du Rif, l\u2019aspect politique de la r\u00e9sistance rifaine dans la gestion des n\u00e9gociations avec les autorit\u00e9s d\u2019occupation franco-espagnoles, et l\u2019impact psychologique de la bataille d\u2019Anoual sur les soldats espagnols.<\/p>\n<p style=\"text-align: justify;\">Cette rencontre qui s\u2019est d\u00e9roul\u00e9e en pr\u00e9sence notamment du gouverneur de la province de Driouch, Mohamed Rochdy, d\u2019anciens r\u00e9sistants et d\u2019autres personnalit\u00e9s, dans le respect des mesures de pr\u00e9vention et de pr\u00e9caution en vigueur pour faire face \u00e0 la pand\u00e9mie de la Covid-19, a \u00e9t\u00e9 ponctu\u00e9e aussi par un hommage rendu \u00e0 sept anciens membres de la famille de la r\u00e9sistance.<\/p>\n<\/div>\n<p>L\u2019article <a rel=\"nofollow\" href=\"http:\/\/www.mapoujda.ma\/fr\/la-bataille-danoual-une-epopee-radieuse-de-lhistoire-de-la-resistance-marocaine\/\">La bataille d\u2019Anoual, une \u00e9pop\u00e9e radieuse de l\u2019histoire de la r\u00e9sistance marocaine<\/a> est apparu en premier sur <a rel=\"nofollow\" href=\"http:\/\/www.mapoujda.ma\/fr\">MapOujda<\/a>.<\/p>\n<\/div>\n<p>Auteur: Soufiane ELAHMAR<br \/>\n<a href=\"http:\/\/www.mapoujda.ma\/fr\/la-bataille-danoual-une-epopee-radieuse-de-lhistoire-de-la-resistance-marocaine\/\">Cliquez ici pour lire l&rsquo;article depuis sa source.<\/a><\/p>\n","protected":false},"excerpt":{"rendered":"<p>La bataille d\u2019Anoual est une \u00e9pop\u00e9e radieuse de l\u2019histoire de la r\u00e9sistance marocaine et un \u00e9v\u00e9nement phare riche en significations et enseignements pour les g\u00e9n\u00e9rations montantes, a soulign\u00e9, vendredi \u00e0 Driouch, le Haut Commissaire aux Anciens r\u00e9sistants et Anciens membres de l\u2019Arm\u00e9e de lib\u00e9ration, Mustapha El Ktiri. S\u2019exprimant lors d\u2019un meeting marquant la c\u00e9l\u00e9bration du [&hellip;]<\/p>\n","protected":false},"author":1788,"featured_media":0,"comment_status":"closed","ping_status":"closed","sticky":false,"template":"","format":"standard","meta":{"fifu_image_url":"http:\/\/www.mapoujda.ma\/map\/uploads\/2021\/07\/Le-Haut-commissaire-aux-anciens-r\u00e9sistants-et-anciens-membres-de-lArm\u00e9e-de-lib\u00e9ration-Mustapha-El-Ktiri-750\u00d7430-MAP.jpg","fifu_image_alt":"La bataille d\u2019Anoual, une \u00e9pop\u00e9e radieuse de l\u2019histoire de la r\u00e9sistance marocaine","footnotes":""},"categories":[54,76],"tags":[],"class_list":["post-121665","post","type-post","status-publish","format-standard","hentry","category-maroc","category-regions"],"_links":{"self":[{"href":"https:\/\/linitiative.ca\/International\/wp-json\/wp\/v2\/posts\/121665","targetHints":{"allow":["GET"]}}],"collection":[{"href":"https:\/\/linitiative.ca\/International\/wp-json\/wp\/v2\/posts"}],"about":[{"href":"https:\/\/linitiative.ca\/International\/wp-json\/wp\/v2\/types\/post"}],"author":[{"embeddable":true,"href":"https:\/\/linitiative.ca\/International\/wp-json\/wp\/v2\/users\/1788"}],"replies":[{"embeddable":true,"href":"https:\/\/linitiative.ca\/International\/wp-json\/wp\/v2\/comments?post=121665"}],"version-history":[{"count":0,"href":"https:\/\/linitiative.ca\/International\/wp-json\/wp\/v2\/posts\/121665\/revisions"}],"wp:attachment":[{"href":"https:\/\/linitiative.ca\/International\/wp-json\/wp\/v2\/media?parent=121665"}],"wp:term":[{"taxonomy":"category","embeddable":true,"href":"https:\/\/linitiative.ca\/International\/wp-json\/wp\/v2\/categories?post=121665"},{"taxonomy":"post_tag","embeddable":true,"href":"https:\/\/linitiative.ca\/International\/wp-json\/wp\/v2\/tags?post=121665"}],"curies":[{"name":"wp","href":"https:\/\/api.w.org\/{rel}","templated":true}]}}