{"id":121667,"date":"2021-07-16T18:25:03","date_gmt":"2021-07-16T22:25:03","guid":{"rendered":"https:\/\/linitiative.ca\/International\/loncf-met-en-place-un-dispositif-special-aid-adha\/"},"modified":"2021-07-16T18:25:03","modified_gmt":"2021-07-16T22:25:03","slug":"loncf-met-en-place-un-dispositif-special-aid-adha","status":"publish","type":"post","link":"https:\/\/linitiative.ca\/International\/loncf-met-en-place-un-dispositif-special-aid-adha\/","title":{"rendered":"L\u2019ONCF met en place un dispositif \u00ab\u00a0Sp\u00e9cial A\u00efd Adha\u00a0\u00bb"},"content":{"rendered":"<div>\n<div style=\"margin-bottom:20px;\"><img loading=\"lazy\" decoding=\"async\" width=\"750\" height=\"430\" src=\"https:\/\/linitiative.ca\/International\/wp-content\/uploads\/sites\/23\/2021\/07\/Train-M750C397430-MAP.jpg\" class=\"attachment-post-thumbnail size-post-thumbnail wp-post-image\" alt=\"\" srcset=\"https:\/\/linitiative.ca\/International\/wp-content\/uploads\/sites\/23\/2021\/07\/Train-M750C397430-MAP.jpg 750w, http:\/\/www.mapoujda.ma\/map\/uploads\/2021\/07\/Train-M750\u00d7430-MAP-300x172.jpg 300w\" sizes=\"auto, (max-width: 750px) 100vw, 750px\"><\/div>\n<p style=\"text-align: justify;\">L\u2019Office National des Chemins de Fer (ONCF) a annonc\u00e9, vendredi, avoir mis en place un dispositif \u00ab\u00a0Sp\u00e9cial A\u00efd Al-Adha\u00a0\u00bb,\u00a0devant s\u2019\u00e9taler sur la p\u00e9riode allant du vendredi 16 juillet au dimanche 1er ao\u00fbt.<\/p>\n<p style=\"text-align: justify;\">\u00ab\u00a0A l\u2019occasion de l\u2019av\u00e8nement d\u2019A\u00efd Al-Adha 1442, et en pr\u00e9vision de l\u2019affluence des voyageurs que conna\u00eet habituellement cette p\u00e9riode, l\u2019Office National des Chemins de Fer (ONCF) a mis en place un dispositif \u00ab\u00a0Sp\u00e9cial A\u00efd Al-Adha\u00a0\u00bb couvrant la p\u00e9riode du vendredi 16 Juillet au dimanche 1er\u00a0ao\u00fbt\u00a02021\u2033, indique l\u2019ONCF dans un communiqu\u00e9.<\/p>\n<p style=\"text-align: justify;\">Ce dispositif comporte la programmation de trains suppl\u00e9mentaires, pour atteindre environ 210 trains\/jour desservant tout le r\u00e9seau ferroviaire, avec le renforcement des \u00e9quipes charg\u00e9es de l\u2019accueil et de l\u2019orientation des clients dans les gares et \u00e0 bord des trains, pour assurer les d\u00e9placements des voyageurs dans les meilleures conditions de confort et de s\u00e9curit\u00e9, pr\u00e9cise-t-on.<\/p>\n<p style=\"text-align: justify;\">Et dans la continuit\u00e9 des mesures pr\u00e9ventives de lutte contre la pand\u00e9mie du Covid-19, l\u2019ONCF rappelle \u00e0 ses clients la n\u00e9cessit\u00e9 de maintenir les gestes barri\u00e8res en gare et \u00e0 bord des trains et met en place tous les moyens n\u00e9cessaires au respect total et strict des mesures pr\u00e9ventives<br \/>\nd\u2019hygi\u00e8ne, que ce soit au niveau des gares ou \u00e0 bord des trains et ce, pour renforcer davantage la protection de la sant\u00e9 aussi bien de ses passagers que de ses collaborateurs, rel\u00e8ve la m\u00eame source.<\/p>\n<p style=\"text-align: justify;\">Convaincu qu\u2019une mobilit\u00e9 prot\u00e9g\u00e9e est l\u2019affaire de tous, l\u2019ONCF lance la campagne de communication grand public \u00ab\u00a0\u0634\u0627\u0641\u0643\u0648\u0645 \u0645\u0646 \u0639\u0627\u0634\u00a0\u00bb, appelant \u00e0 la vigilance et au respect des gestes barri\u00e8res pour des retrouvailles aussi \u00e9mouvantes que responsables.<\/p>\n<p style=\"text-align: justify;\">Pour s\u2019informer sur le dispositif sp\u00e9cial Aid, l\u2019Office invite ses clients \u00e0 se renseigner r\u00e9guli\u00e8rement via ses diff\u00e9rents canaux officiels de communication, \u00e0 savoir le Centre de Relation Client sur le num\u00e9ro 2255, le site marchand www.oncf-voyages.ma ou le chatbot M\u2019ONCF sur\u00a0 WhatsApp au 0667652255 et l\u2019application mobile ONCF Trafic, conclut le communiqu\u00e9.<\/p>\n<p>L\u2019article <a rel=\"nofollow\" href=\"http:\/\/www.mapoujda.ma\/fr\/loncf-met-en-place-un-dispositif-special-aid-adha\/\">L\u2019ONCF met en place un dispositif \u00ab\u00a0Sp\u00e9cial A\u00efd Adha\u00a0\u00bb<\/a> est apparu en premier sur <a rel=\"nofollow\" href=\"http:\/\/www.mapoujda.ma\/fr\">MapOujda<\/a>.<\/p>\n<\/div>\n<p>Auteur: Soufiane ELAHMAR<br \/>\n<a href=\"http:\/\/www.mapoujda.ma\/fr\/loncf-met-en-place-un-dispositif-special-aid-adha\/\">Cliquez ici pour lire l&rsquo;article depuis sa source.<\/a><\/p>\n","protected":false},"excerpt":{"rendered":"<p>L\u2019Office National des Chemins de Fer (ONCF) a annonc\u00e9, vendredi, avoir mis en place un dispositif \u00ab\u00a0Sp\u00e9cial A\u00efd Al-Adha\u00a0\u00bb,\u00a0devant s\u2019\u00e9taler sur la p\u00e9riode allant du vendredi 16 juillet au dimanche 1er ao\u00fbt. \u00ab\u00a0A l\u2019occasion de l\u2019av\u00e8nement d\u2019A\u00efd Al-Adha 1442, et en pr\u00e9vision de l\u2019affluence des voyageurs que conna\u00eet habituellement cette p\u00e9riode, l\u2019Office National des Chemins [&hellip;]<\/p>\n","protected":false},"author":1788,"featured_media":0,"comment_status":"closed","ping_status":"closed","sticky":false,"template":"","format":"standard","meta":{"fifu_image_url":"http:\/\/www.mapoujda.ma\/map\/uploads\/2021\/07\/Train-M750\u00d7430-MAP.jpg","fifu_image_alt":"L\u2019ONCF met en place un dispositif \u00ab\u00a0Sp\u00e9cial A\u00efd Adha\u00a0\u00bb","footnotes":""},"categories":[54,76],"tags":[],"class_list":["post-121667","post","type-post","status-publish","format-standard","hentry","category-maroc","category-regions"],"_links":{"self":[{"href":"https:\/\/linitiative.ca\/International\/wp-json\/wp\/v2\/posts\/121667","targetHints":{"allow":["GET"]}}],"collection":[{"href":"https:\/\/linitiative.ca\/International\/wp-json\/wp\/v2\/posts"}],"about":[{"href":"https:\/\/linitiative.ca\/International\/wp-json\/wp\/v2\/types\/post"}],"author":[{"embeddable":true,"href":"https:\/\/linitiative.ca\/International\/wp-json\/wp\/v2\/users\/1788"}],"replies":[{"embeddable":true,"href":"https:\/\/linitiative.ca\/International\/wp-json\/wp\/v2\/comments?post=121667"}],"version-history":[{"count":0,"href":"https:\/\/linitiative.ca\/International\/wp-json\/wp\/v2\/posts\/121667\/revisions"}],"wp:attachment":[{"href":"https:\/\/linitiative.ca\/International\/wp-json\/wp\/v2\/media?parent=121667"}],"wp:term":[{"taxonomy":"category","embeddable":true,"href":"https:\/\/linitiative.ca\/International\/wp-json\/wp\/v2\/categories?post=121667"},{"taxonomy":"post_tag","embeddable":true,"href":"https:\/\/linitiative.ca\/International\/wp-json\/wp\/v2\/tags?post=121667"}],"curies":[{"name":"wp","href":"https:\/\/api.w.org\/{rel}","templated":true}]}}