{"id":121676,"date":"2021-07-17T07:22:00","date_gmt":"2021-07-17T11:22:00","guid":{"rendered":"https:\/\/linitiative.ca\/International\/real-ca-commence-mal-pour-luka-jovic\/"},"modified":"2021-07-17T07:22:00","modified_gmt":"2021-07-17T11:22:00","slug":"real-ca-commence-mal-pour-luka-jovic","status":"publish","type":"post","link":"https:\/\/linitiative.ca\/International\/real-ca-commence-mal-pour-luka-jovic\/","title":{"rendered":"Real : Ca commence mal pour Luka Jovic"},"content":{"rendered":"<div>Luka Jovic entame sa troisi\u00e8me saison du c\u00f4t\u00e9 du Real Madrid, et \u00e7a commence mal. En raison d\u2019une surcharge de travail, l\u2019attaquant s\u2019est bless\u00e9 \u00e0 la cuisse<img loading=\"lazy\" decoding=\"async\" src=\"http:\/\/feeds.feedburner.com\/~r\/GalerieFArtciles\/~4\/_bLuphOe2v8\" height=\"1\" width=\"1\" alt=\"\"><\/div>\n<p>Auteur:<br \/>\n<a href=\"http:\/\/www.lebuteur.com\/article\/detail?titre=real-ca-commence-mal-pour-luka-jovic&#038;id=100640&#038;utm_source=feedburner&#038;utm_medium=feed&#038;utm_campaign=Feed%3A+GalerieFArtciles+%28Les+derniers+articles++-+lebuteur.com%29\">Cliquez ici pour lire l&rsquo;article depuis sa source.<\/a><\/p>\n","protected":false},"excerpt":{"rendered":"<p>Luka Jovic entame sa troisi\u00e8me saison du c\u00f4t\u00e9 du Real Madrid, et \u00e7a commence mal. En raison d\u2019une surcharge de travail, l\u2019attaquant s\u2019est bless\u00e9 \u00e0 la cuisse Auteur: Cliquez ici pour lire l&rsquo;article depuis sa source.<\/p>\n","protected":false},"author":1738,"featured_media":0,"comment_status":"closed","ping_status":"closed","sticky":false,"template":"","format":"standard","meta":{"fifu_image_url":"http:\/\/feeds.feedburner.com\/~r\/GalerieFArtciles\/~4\/_bLuphOe2v8","fifu_image_alt":"Real : Ca commence mal pour Luka Jovic","footnotes":""},"categories":[53,75],"tags":[],"class_list":["post-121676","post","type-post","status-publish","format-standard","hentry","category-algerie","category-sport"],"_links":{"self":[{"href":"https:\/\/linitiative.ca\/International\/wp-json\/wp\/v2\/posts\/121676","targetHints":{"allow":["GET"]}}],"collection":[{"href":"https:\/\/linitiative.ca\/International\/wp-json\/wp\/v2\/posts"}],"about":[{"href":"https:\/\/linitiative.ca\/International\/wp-json\/wp\/v2\/types\/post"}],"author":[{"embeddable":true,"href":"https:\/\/linitiative.ca\/International\/wp-json\/wp\/v2\/users\/1738"}],"replies":[{"embeddable":true,"href":"https:\/\/linitiative.ca\/International\/wp-json\/wp\/v2\/comments?post=121676"}],"version-history":[{"count":0,"href":"https:\/\/linitiative.ca\/International\/wp-json\/wp\/v2\/posts\/121676\/revisions"}],"wp:attachment":[{"href":"https:\/\/linitiative.ca\/International\/wp-json\/wp\/v2\/media?parent=121676"}],"wp:term":[{"taxonomy":"category","embeddable":true,"href":"https:\/\/linitiative.ca\/International\/wp-json\/wp\/v2\/categories?post=121676"},{"taxonomy":"post_tag","embeddable":true,"href":"https:\/\/linitiative.ca\/International\/wp-json\/wp\/v2\/tags?post=121676"}],"curies":[{"name":"wp","href":"https:\/\/api.w.org\/{rel}","templated":true}]}}